{"id":10020,"date":"2016-08-21T10:11:40","date_gmt":"2016-08-21T10:11:40","guid":{"rendered":"https:\/\/www.achimbrueckner.de\/dxradio\/php\/wordpress\/?p=10020"},"modified":"2016-08-21T10:11:40","modified_gmt":"2016-08-21T10:11:40","slug":"trotz-mittelwelle-aus-leben-empfanger-weiter","status":"publish","type":"post","link":"https:\/\/www.achimbrueckner.de\/dxradio\/php\/wordpress\/?p=10020","title":{"rendered":"Trotz Mittelwelle-Aus leben Empf\u00e4nger weiter"},"content":{"rendered":"<p><a href=\"http:\/\/www.digitalfernsehen.de\/Trotz-Mittelwelle-Aus-leben-Empfaenger-weiter.142713.0.html\" target=\"_blank\">http:\/\/www.digitalfernsehen.de\/Trotz-Mittelwelle-Aus-leben-Empfaenger-weiter.142713.0.html<\/a><\/p>\n","protected":false},"excerpt":{"rendered":"<p>http:\/\/www.digitalfernsehen.de\/Trotz-Mittelwelle-Aus-leben-Empfaenger-weiter.142713.0.html<\/p>\n","protected":false},"author":1,"featured_media":0,"comment_status":"open","ping_status":"open","sticky":false,"template":"","format":"standard","meta":{"_jetpack_memberships_contains_paid_content":false,"footnotes":"","jetpack_publicize_message":"","jetpack_publicize_feature_enabled":true,"jetpack_social_post_already_shared":true,"jetpack_social_options":{"image_generator_settings":{"template":"highway","default_image_id":0,"font":"","enabled":false},"version":2}},"categories":[1],"tags":[33],"class_list":["post-10020","post","type-post","status-publish","format-standard","hentry","category-deutsch","tag-empfanger"],"jetpack_publicize_connections":[],"jetpack_featured_media_url":"","jetpack_sharing_enabled":true,"jetpack_shortlink":"https:\/\/wp.me\/p5CDmr-2BC","jetpack-related-posts":[{"id":337,"url":"https:\/\/www.achimbrueckner.de\/dxradio\/php\/wordpress\/?p=337","url_meta":{"origin":10020,"position":0},"title":"Digitalradio auf Mittelwelle und Kurzwelle","author":"Administrator","date":"August 20, 2007","format":false,"excerpt":"Bei teltarif.de ist ein Artikel zu DRM mit dem Titel \"Letzte Chance f\u00fcr Digitalradio auf Mittelwelle und Kurzwelle ?\" erschienen. Er gibt einen guten \u00dcberblick \u00fcber den DRM-Empf\u00e4ngermarkt und die Problematik bei DRM.","rel":"","context":"In &quot;links&quot;","block_context":{"text":"links","link":"https:\/\/www.achimbrueckner.de\/dxradio\/php\/wordpress\/?cat=7"},"img":{"alt_text":"","src":"","width":0,"height":0},"classes":[]},{"id":24110,"url":"https:\/\/www.achimbrueckner.de\/dxradio\/php\/wordpress\/?p=24110","url_meta":{"origin":10020,"position":1},"title":"Zweites Leben f\u00fcr die Mittelwelle in den Niederlanden","author":"Administrator","date":"August 5, 2019","format":false,"excerpt":"http:\/\/www.radiowoche.de\/zweites-leben-fuer-die-mittelwelle-in-den-niederlanden\/","rel":"","context":"In &quot;Deutsch&quot;","block_context":{"text":"Deutsch","link":"https:\/\/www.achimbrueckner.de\/dxradio\/php\/wordpress\/?cat=1"},"img":{"alt_text":"","src":"","width":0,"height":0},"classes":[]},{"id":10429,"url":"https:\/\/www.achimbrueckner.de\/dxradio\/php\/wordpress\/?p=10429","url_meta":{"origin":10020,"position":2},"title":"Zweites Leben f\u00fcr die Mittelwelle in den Niederlanden","author":"Administrator","date":"September 19, 2016","format":false,"excerpt":"http:\/\/www.radiowoche.de\/zweites-leben-fuer-die-mittelwelle-in-den-niederlanden\/","rel":"","context":"In &quot;Deutsch&quot;","block_context":{"text":"Deutsch","link":"https:\/\/www.achimbrueckner.de\/dxradio\/php\/wordpress\/?cat=1"},"img":{"alt_text":"","src":"","width":0,"height":0},"classes":[]},{"id":740,"url":"https:\/\/www.achimbrueckner.de\/dxradio\/php\/wordpress\/?p=740","url_meta":{"origin":10020,"position":3},"title":"5. wellenforum Christmas Contest","author":"Administrator","date":"December 5, 2009","format":false,"excerpt":"1. Zeitraum: In der Zeit vom 21.12.2009 (00.00 UTC) bis 03.01.2010 (23.59 UTC) richtet das wellenforum den 5. wellenforum Christmas Contest aus. 2. Stationen Im Contestzeitraum sind die BC-Stationen zu h\u00f6ren, die auf der Lang- oder Mittelwelle senden. 3. Teilnahmebedingungen Die Teilnahme ist kostenfrei und unabh\u00e4ngig von einer Klubmitgliedschaft. Teilnehmen\u2026","rel":"","context":"In &quot;contests&quot;","block_context":{"text":"contests","link":"https:\/\/www.achimbrueckner.de\/dxradio\/php\/wordpress\/?cat=6"},"img":{"alt_text":"","src":"","width":0,"height":0},"classes":[]},{"id":617,"url":"https:\/\/www.achimbrueckner.de\/dxradio\/php\/wordpress\/?p=617","url_meta":{"origin":10020,"position":4},"title":"Radio St Helena Party","author":"Administrator","date":"October 22, 2009","format":false,"excerpt":"Der RHein-Main-Radio-Club veranstaltet am Sa. 14.11.09 ab 18.00 eine *St. Helena-Party* im Gutshof Thomash\u00fctte zischen Eppertshausen und Messel s\u00fcdlich von Frankfurt www.thomashuette-eppertshausen.de Gutes preiswertes Essen und Trinken, WLAN, Webcam und Chat von der Party. Begrenzte \u00dcbernachtungsm\u00f6glichkeiten vorhanden. Wir werden an diesem Abend zwei Langdrahtantennen aufbauen sowie den Antenenverteiler und gemeinsam\u2026","rel":"","context":"In &quot;camps&quot;","block_context":{"text":"camps","link":"https:\/\/www.achimbrueckner.de\/dxradio\/php\/wordpress\/?cat=5"},"img":{"alt_text":"","src":"","width":0,"height":0},"classes":[]},{"id":683,"url":"https:\/\/www.achimbrueckner.de\/dxradio\/php\/wordpress\/?p=683","url_meta":{"origin":10020,"position":5},"title":"RMRC St Helena Party","author":"Administrator","date":"November 9, 2009","format":false,"excerpt":"Der Rhein-Main-Radio-Club l\u00e4dt ein zur St. Helena-Party* am Sa. 14.11.09 ab 15.00 Uhr (wegen Antennenaufbau) im Gutshof Thomash\u00fctte zischen Eppertshausen und Messel s\u00fcdlich von Frankfurt www.thomashuette-eppertshausen.de Gutes preiswertes Essen und Trinken, WLAN, Webcam und Chat von der Party. Begrenzte \u00dcbernachtungsm\u00f6glichkeiten vorhanden. Wir werden an diesem Abend zwei Langdrahtantennen aufbauen sowie\u2026","rel":"","context":"In &quot;camps&quot;","block_context":{"text":"camps","link":"https:\/\/www.achimbrueckner.de\/dxradio\/php\/wordpress\/?cat=5"},"img":{"alt_text":"","src":"","width":0,"height":0},"classes":[]}],"_links":{"self":[{"href":"https:\/\/www.achimbrueckner.de\/dxradio\/php\/wordpress\/index.php?rest_route=\/wp\/v2\/posts\/10020","targetHints":{"allow":["GET"]}}],"collection":[{"href":"https:\/\/www.achimbrueckner.de\/dxradio\/php\/wordpress\/index.php?rest_route=\/wp\/v2\/posts"}],"about":[{"href":"https:\/\/www.achimbrueckner.de\/dxradio\/php\/wordpress\/index.php?rest_route=\/wp\/v2\/types\/post"}],"author":[{"embeddable":true,"href":"https:\/\/www.achimbrueckner.de\/dxradio\/php\/wordpress\/index.php?rest_route=\/wp\/v2\/users\/1"}],"replies":[{"embeddable":true,"href":"https:\/\/www.achimbrueckner.de\/dxradio\/php\/wordpress\/index.php?rest_route=%2Fwp%2Fv2%2Fcomments&post=10020"}],"version-history":[{"count":0,"href":"https:\/\/www.achimbrueckner.de\/dxradio\/php\/wordpress\/index.php?rest_route=\/wp\/v2\/posts\/10020\/revisions"}],"wp:attachment":[{"href":"https:\/\/www.achimbrueckner.de\/dxradio\/php\/wordpress\/index.php?rest_route=%2Fwp%2Fv2%2Fmedia&parent=10020"}],"wp:term":[{"taxonomy":"category","embeddable":true,"href":"https:\/\/www.achimbrueckner.de\/dxradio\/php\/wordpress\/index.php?rest_route=%2Fwp%2Fv2%2Fcategories&post=10020"},{"taxonomy":"post_tag","embeddable":true,"href":"https:\/\/www.achimbrueckner.de\/dxradio\/php\/wordpress\/index.php?rest_route=%2Fwp%2Fv2%2Ftags&post=10020"}],"curies":[{"name":"wp","href":"https:\/\/api.w.org\/{rel}","templated":true}]}}