{"id":10021,"date":"2016-08-21T19:35:54","date_gmt":"2016-08-21T19:35:54","guid":{"rendered":"https:\/\/www.achimbrueckner.de\/dxradio\/php\/wordpress\/?p=10021"},"modified":"2016-08-21T19:35:54","modified_gmt":"2016-08-21T19:35:54","slug":"hier-ist-norddeich-radio","status":"publish","type":"post","link":"https:\/\/www.achimbrueckner.de\/dxradio\/php\/wordpress\/?p=10021","title":{"rendered":"Hier ist Norddeich Radio"},"content":{"rendered":"<p><a href=\"http:\/\/www.norddeichradio.info\/index.php\" target=\"_blank\">http:\/\/www.norddeichradio.info\/index.php<\/a><\/p>\n","protected":false},"excerpt":{"rendered":"<p>http:\/\/www.norddeichradio.info\/index.php<\/p>\n","protected":false},"author":1,"featured_media":0,"comment_status":"open","ping_status":"open","sticky":false,"template":"","format":"standard","meta":{"_jetpack_memberships_contains_paid_content":false,"footnotes":"","jetpack_publicize_message":"","jetpack_publicize_feature_enabled":true,"jetpack_social_post_already_shared":true,"jetpack_social_options":{"image_generator_settings":{"template":"highway","default_image_id":0,"font":"","enabled":false},"version":2}},"categories":[1],"tags":[],"class_list":["post-10021","post","type-post","status-publish","format-standard","hentry","category-deutsch"],"jetpack_publicize_connections":[],"jetpack_featured_media_url":"","jetpack_sharing_enabled":true,"jetpack_shortlink":"https:\/\/wp.me\/p5CDmr-2BD","jetpack-related-posts":[{"id":3883,"url":"https:\/\/www.achimbrueckner.de\/dxradio\/php\/wordpress\/?p=3883","url_meta":{"origin":10021,"position":0},"title":"FMK-Weihnachtsprogramm","author":"Administrator","date":"December 20, 2014","format":false,"excerpt":"Hallo liebe Radiofreunde, das FMK-Weihnachtsprogramm ist gestartet. Hier der Link zur kompletten Programm\u00fcbersicht f\u00fcr die Zeit vom 19.12.14 18:00 Uhr bis zum 06.01.15 24:00 Uhr. http:\/\/joomla.fmkompakt.de\/index.php\/radio-links\/webtipps\/jukebox Einschalten und dabei sein. Frohe Festtage w\u00fcnscht euch FM Kompakt im Radio. Es gr\u00fc\u00dft Kuno Taufenbach","rel":"","context":"In &quot;Deutsch&quot;","block_context":{"text":"Deutsch","link":"https:\/\/www.achimbrueckner.de\/dxradio\/php\/wordpress\/?cat=1"},"img":{"alt_text":"","src":"","width":0,"height":0},"classes":[]},{"id":2118,"url":"https:\/\/www.achimbrueckner.de\/dxradio\/php\/wordpress\/?p=2118","url_meta":{"origin":10021,"position":1},"title":"Radio Tunesien International","author":"Administrator","date":"January 28, 2012","format":false,"excerpt":"ich h\u00f6re nebenbei \u00fcber Satellit die deutsche Sendung aus Tunesien, t\u00e4glich ab 15.00 UTC \u00fcber Hotbird, 12149 MHz, v. Interessant ist, da\u00df diese Sendungen auch im Internet abrufbar sind. Hier die URL: http:\/\/www.radiotunisienne.tn\/rtci\/index.php?option=com_content&view=article&id=1338:programme-allemand&catid=127:general Info via Net-Radio","rel":"","context":"In &quot;Deutsch&quot;","block_context":{"text":"Deutsch","link":"https:\/\/www.achimbrueckner.de\/dxradio\/php\/wordpress\/?cat=1"},"img":{"alt_text":"","src":"","width":0,"height":0},"classes":[]},{"id":9051,"url":"https:\/\/www.achimbrueckner.de\/dxradio\/php\/wordpress\/?p=9051","url_meta":{"origin":10021,"position":2},"title":"Norddeich Radio","author":"Administrator","date":"August 5, 2016","format":false,"excerpt":"http:\/\/funkamateure.jimdo.com\/berichte-2016\/norddeich-radio\/","rel":"","context":"In &quot;Deutsch&quot;","block_context":{"text":"Deutsch","link":"https:\/\/www.achimbrueckner.de\/dxradio\/php\/wordpress\/?cat=1"},"img":{"alt_text":"","src":"","width":0,"height":0},"classes":[]},{"id":2449,"url":"https:\/\/www.achimbrueckner.de\/dxradio\/php\/wordpress\/?p=2449","url_meta":{"origin":10021,"position":3},"title":"K\u00fcstenfunkstelle Norddeich-Radio  -DAN-","author":"Administrator","date":"April 2, 2013","format":false,"excerpt":"K\u00fcstenfunkstelle Norddeich-Radio -DAN- http:\/\/www.rundfunk-nostalgie.de\/seefunk.html","rel":"","context":"In &quot;Deutsch&quot;","block_context":{"text":"Deutsch","link":"https:\/\/www.achimbrueckner.de\/dxradio\/php\/wordpress\/?cat=1"},"img":{"alt_text":"","src":"","width":0,"height":0},"classes":[]},{"id":2354,"url":"https:\/\/www.achimbrueckner.de\/dxradio\/php\/wordpress\/?p=2354","url_meta":{"origin":10021,"position":4},"title":"Norddeich Radio","author":"Administrator","date":"December 15, 2012","format":false,"excerpt":"Norddeich Radio http:\/\/www.youtube.com\/watch?v=zwJiELx1K2Y Info via A-DX","rel":"","context":"In &quot;Deutsch&quot;","block_context":{"text":"Deutsch","link":"https:\/\/www.achimbrueckner.de\/dxradio\/php\/wordpress\/?cat=1"},"img":{"alt_text":"","src":"","width":0,"height":0},"classes":[]},{"id":6157,"url":"https:\/\/www.achimbrueckner.de\/dxradio\/php\/wordpress\/?p=6157","url_meta":{"origin":10021,"position":5},"title":"Erinnerung an Norddeich Radio","author":"Administrator","date":"October 5, 2015","format":false,"excerpt":"http:\/\/www.ndr.de\/fernsehen\/sendungen\/hallo_niedersachsen\/Erinnerung-an-Norddeich-Radio-,hallonds29338.html Info via A-DX","rel":"","context":"In &quot;Deutsch&quot;","block_context":{"text":"Deutsch","link":"https:\/\/www.achimbrueckner.de\/dxradio\/php\/wordpress\/?cat=1"},"img":{"alt_text":"","src":"","width":0,"height":0},"classes":[]}],"_links":{"self":[{"href":"https:\/\/www.achimbrueckner.de\/dxradio\/php\/wordpress\/index.php?rest_route=\/wp\/v2\/posts\/10021","targetHints":{"allow":["GET"]}}],"collection":[{"href":"https:\/\/www.achimbrueckner.de\/dxradio\/php\/wordpress\/index.php?rest_route=\/wp\/v2\/posts"}],"about":[{"href":"https:\/\/www.achimbrueckner.de\/dxradio\/php\/wordpress\/index.php?rest_route=\/wp\/v2\/types\/post"}],"author":[{"embeddable":true,"href":"https:\/\/www.achimbrueckner.de\/dxradio\/php\/wordpress\/index.php?rest_route=\/wp\/v2\/users\/1"}],"replies":[{"embeddable":true,"href":"https:\/\/www.achimbrueckner.de\/dxradio\/php\/wordpress\/index.php?rest_route=%2Fwp%2Fv2%2Fcomments&post=10021"}],"version-history":[{"count":0,"href":"https:\/\/www.achimbrueckner.de\/dxradio\/php\/wordpress\/index.php?rest_route=\/wp\/v2\/posts\/10021\/revisions"}],"wp:attachment":[{"href":"https:\/\/www.achimbrueckner.de\/dxradio\/php\/wordpress\/index.php?rest_route=%2Fwp%2Fv2%2Fmedia&parent=10021"}],"wp:term":[{"taxonomy":"category","embeddable":true,"href":"https:\/\/www.achimbrueckner.de\/dxradio\/php\/wordpress\/index.php?rest_route=%2Fwp%2Fv2%2Fcategories&post=10021"},{"taxonomy":"post_tag","embeddable":true,"href":"https:\/\/www.achimbrueckner.de\/dxradio\/php\/wordpress\/index.php?rest_route=%2Fwp%2Fv2%2Ftags&post=10021"}],"curies":[{"name":"wp","href":"https:\/\/api.w.org\/{rel}","templated":true}]}}