{"id":10068,"date":"2016-08-24T16:09:10","date_gmt":"2016-08-24T16:09:10","guid":{"rendered":"https:\/\/www.achimbrueckner.de\/dxradio\/php\/wordpress\/?p=10068"},"modified":"2016-08-24T16:09:10","modified_gmt":"2016-08-24T16:09:10","slug":"sendung-aus-dem-keller-25-jahre-radio-aus-tonisvorst","status":"publish","type":"post","link":"https:\/\/www.achimbrueckner.de\/dxradio\/php\/wordpress\/?p=10068","title":{"rendered":"Sendung aus dem Keller: 25 Jahre Radio aus T\u00f6nisvorst"},"content":{"rendered":"<p><a href=\"http:\/\/www.rp-online.de\/nrw\/staedte\/toenisvorst\/sendung-aus-dem-keller-25-jahre-radio-aus-toenisvorst-aid-1.6208630\" target=\"_blank\">http:\/\/www.rp-online.de\/nrw\/staedte\/toenisvorst\/sendung-aus-dem-keller-25-jahre-radio-aus-toenisvorst-aid-1.6208630<\/a><\/p>\n","protected":false},"excerpt":{"rendered":"<p>http:\/\/www.rp-online.de\/nrw\/staedte\/toenisvorst\/sendung-aus-dem-keller-25-jahre-radio-aus-toenisvorst-aid-1.6208630<\/p>\n","protected":false},"author":1,"featured_media":0,"comment_status":"open","ping_status":"open","sticky":false,"template":"","format":"standard","meta":{"_jetpack_memberships_contains_paid_content":false,"footnotes":"","jetpack_publicize_message":"","jetpack_publicize_feature_enabled":true,"jetpack_social_post_already_shared":true,"jetpack_social_options":{"image_generator_settings":{"template":"highway","default_image_id":0,"font":"","enabled":false},"version":2}},"categories":[1],"tags":[],"class_list":["post-10068","post","type-post","status-publish","format-standard","hentry","category-deutsch"],"jetpack_publicize_connections":[],"jetpack_featured_media_url":"","jetpack_sharing_enabled":true,"jetpack_shortlink":"https:\/\/wp.me\/p5CDmr-2Co","jetpack-related-posts":[{"id":33219,"url":"https:\/\/www.achimbrueckner.de\/dxradio\/php\/wordpress\/?p=33219","url_meta":{"origin":10068,"position":0},"title":"Radio Andorra 7- August 2021 17-20 Utc 6180 Khz","author":"Administrator","date":"August 2, 2021","format":false,"excerpt":"Nach der Flut ist vor der Sendung. Zum 82. Geburtstag des Senders \"Radio Andorra\" haben wir zusammen mit dem Arxiu Nacional d'Andorra eine Sendung aus Sommer 1979 restauriert und wieder sendbar gemacht. Radioh\u00f6ren, wie vor 42 Jahren - am 07. August 2021. Hier unsere Pressemitteilung: \u201cF\u00fcr viele Radioh\u00f6rer in Europa\u2026","rel":"","context":"In &quot;Deutsch&quot;","block_context":{"text":"Deutsch","link":"https:\/\/www.achimbrueckner.de\/dxradio\/php\/wordpress\/?cat=1"},"img":{"alt_text":"","src":"","width":0,"height":0},"classes":[]},{"id":37048,"url":"https:\/\/www.achimbrueckner.de\/dxradio\/php\/wordpress\/?p=37048","url_meta":{"origin":10068,"position":1},"title":"Radio Andorra August September 2022","author":"Administrator","date":"July 22, 2022","format":false,"excerpt":"Die n\u00e4chsten beiden Sendungen \"Aus den Archiven von Radio Andorra\" sind fix geplant. Auch im August und September hei\u00dft es am ersten Samstag im Monat: Zeit, 43 Jahre alte Kassetten wieder h\u00f6rbar zu machen. Am Samstag, 06. August 2022 gestaltet Ricet Barrier eine Stunde Programm mit Chansons und Geschichten aus\u2026","rel":"","context":"In &quot;Deutsch&quot;","block_context":{"text":"Deutsch","link":"https:\/\/www.achimbrueckner.de\/dxradio\/php\/wordpress\/?cat=1"},"img":{"alt_text":"","src":"","width":0,"height":0},"classes":[]},{"id":476,"url":"https:\/\/www.achimbrueckner.de\/dxradio\/php\/wordpress\/?p=476","url_meta":{"origin":10068,"position":2},"title":"Nordwestradio &#8211; This is Radio Bremen","author":"Administrator","date":"July 23, 2009","format":false,"excerpt":"Am kommenden Sonntagmorgen 26. Juli 2009 ab 9.05 Uhr ein Feature : \"This is Radio Bremen !\" - Die amerikanischen Jahre 1945 - 1949, Fundst\u00fccke aus dem Schallarchiv. Die Sendung kann bereits jetzt auf der Homepage des Nordwestradios geh\u00f6rt werden. Info via Radioh\u00f6rerforum","rel":"","context":"In &quot;Deutsch&quot;","block_context":{"text":"Deutsch","link":"https:\/\/www.achimbrueckner.de\/dxradio\/php\/wordpress\/?cat=1"},"img":{"alt_text":"","src":"","width":0,"height":0},"classes":[]},{"id":2348,"url":"https:\/\/www.achimbrueckner.de\/dxradio\/php\/wordpress\/?p=2348","url_meta":{"origin":10068,"position":3},"title":"Jubil\u00e4umscontest 20 Jahre Deutschsprachiger H\u00f6rerklub von Radio Tirana (RTHK)","author":"Administrator","date":"December 10, 2012","format":false,"excerpt":"Jubil\u00e4umscontest 20 Jahre Deutschsprachiger H\u00f6rerklub von Radio Tirana (RTHK) Der Kontest besteht aus drei Teilen: I Einem Vordruck f\u00fcr vier Empfangsberichte II Einem Fragebogen zu den Sendungen von Radio Tirana (2 Seiten) III Einem Quiz mit f\u00fcnf (leichten bis einfachen) Fragen \u00fcber Albanien Einige Hinweise dazu: Auf dem ersten Vordruck\u2026","rel":"","context":"In &quot;contests&quot;","block_context":{"text":"contests","link":"https:\/\/www.achimbrueckner.de\/dxradio\/php\/wordpress\/?cat=6"},"img":{"alt_text":"","src":"","width":0,"height":0},"classes":[]},{"id":2610,"url":"https:\/\/www.achimbrueckner.de\/dxradio\/php\/wordpress\/?p=2610","url_meta":{"origin":10068,"position":4},"title":"Heute Wiederholung Sendung: Jubi deutschsprachige Sendungen aus Quito","author":"Administrator","date":"August 17, 2013","format":false,"excerpt":"Hallo zusammen, anl\u00e4sslich des Jubil\u00e4ums \"60 Jahre deutschsprachige Sendungen aus Quito\" wiederholen wir heute Abend nochmal die Sondersendung vom Dienstag, heute Abend 17.08.2013, 20.30 UTC ( 22.30 MESZ) auf 3995 kHz und nat\u00fcrlich auch per Internetstream und Phonecast. Anschliessend dann wie \u00fcblich die DX Sendung. Mehr Infos siehe unten. 73,\u2026","rel":"","context":"In &quot;Deutsch&quot;","block_context":{"text":"Deutsch","link":"https:\/\/www.achimbrueckner.de\/dxradio\/php\/wordpress\/?cat=1"},"img":{"alt_text":"","src":"","width":0,"height":0},"classes":[]},{"id":12814,"url":"https:\/\/www.achimbrueckner.de\/dxradio\/php\/wordpress\/?p=12814","url_meta":{"origin":10068,"position":5},"title":"Radio Nederland Wereldomroep kommt zur\u00fcck!","author":"Administrator","date":"April 11, 2017","format":false,"excerpt":"\u2026 zwar nur f\u00fcr einen Tag aber immerhin: Am 15. April, also diesen Samstag, gibt es eine Sondersendung aus dem Automuseum Schagen im Norden der Niederlande. Die ehemaligen Mitarbeiter Dick Klees, Hans Hogendoorn, Pieter Damave und Ruud Poeze werden aus einem originalen \u00dc-Wagen des RNW aus dem Jahr 1958 eine\u2026","rel":"","context":"In &quot;Deutsch&quot;","block_context":{"text":"Deutsch","link":"https:\/\/www.achimbrueckner.de\/dxradio\/php\/wordpress\/?cat=1"},"img":{"alt_text":"","src":"","width":0,"height":0},"classes":[]}],"_links":{"self":[{"href":"https:\/\/www.achimbrueckner.de\/dxradio\/php\/wordpress\/index.php?rest_route=\/wp\/v2\/posts\/10068","targetHints":{"allow":["GET"]}}],"collection":[{"href":"https:\/\/www.achimbrueckner.de\/dxradio\/php\/wordpress\/index.php?rest_route=\/wp\/v2\/posts"}],"about":[{"href":"https:\/\/www.achimbrueckner.de\/dxradio\/php\/wordpress\/index.php?rest_route=\/wp\/v2\/types\/post"}],"author":[{"embeddable":true,"href":"https:\/\/www.achimbrueckner.de\/dxradio\/php\/wordpress\/index.php?rest_route=\/wp\/v2\/users\/1"}],"replies":[{"embeddable":true,"href":"https:\/\/www.achimbrueckner.de\/dxradio\/php\/wordpress\/index.php?rest_route=%2Fwp%2Fv2%2Fcomments&post=10068"}],"version-history":[{"count":0,"href":"https:\/\/www.achimbrueckner.de\/dxradio\/php\/wordpress\/index.php?rest_route=\/wp\/v2\/posts\/10068\/revisions"}],"wp:attachment":[{"href":"https:\/\/www.achimbrueckner.de\/dxradio\/php\/wordpress\/index.php?rest_route=%2Fwp%2Fv2%2Fmedia&parent=10068"}],"wp:term":[{"taxonomy":"category","embeddable":true,"href":"https:\/\/www.achimbrueckner.de\/dxradio\/php\/wordpress\/index.php?rest_route=%2Fwp%2Fv2%2Fcategories&post=10068"},{"taxonomy":"post_tag","embeddable":true,"href":"https:\/\/www.achimbrueckner.de\/dxradio\/php\/wordpress\/index.php?rest_route=%2Fwp%2Fv2%2Ftags&post=10068"}],"curies":[{"name":"wp","href":"https:\/\/api.w.org\/{rel}","templated":true}]}}