{"id":10189,"date":"2016-09-01T16:40:49","date_gmt":"2016-09-01T16:40:49","guid":{"rendered":"https:\/\/www.achimbrueckner.de\/dxradio\/php\/wordpress\/?p=10189"},"modified":"2016-09-01T16:40:49","modified_gmt":"2016-09-01T16:40:49","slug":"dillberg-seit-60-jahren-wird-gesendet","status":"publish","type":"post","link":"https:\/\/www.achimbrueckner.de\/dxradio\/php\/wordpress\/?p=10189","title":{"rendered":"Dillberg: Seit 60 Jahren wird gesendet"},"content":{"rendered":"<p><a href=\"http:\/\/www.mittelbayerische.de\/region\/neumarkt\/gemeinden\/postbauerheng\/dillberg-seit-60-jahren-wird-gesendet-21172-art1425789.html\" target=\"_blank\">http:\/\/www.mittelbayerische.de\/region\/neumarkt\/gemeinden\/postbauerheng\/dillberg-seit-60-jahren-wird-gesendet-21172-art1425789.html<\/a><\/p>\n","protected":false},"excerpt":{"rendered":"<p>http:\/\/www.mittelbayerische.de\/region\/neumarkt\/gemeinden\/postbauerheng\/dillberg-seit-60-jahren-wird-gesendet-21172-art1425789.html<\/p>\n","protected":false},"author":1,"featured_media":0,"comment_status":"open","ping_status":"open","sticky":false,"template":"","format":"standard","meta":{"_jetpack_memberships_contains_paid_content":false,"footnotes":"","jetpack_publicize_message":"","jetpack_publicize_feature_enabled":true,"jetpack_social_post_already_shared":true,"jetpack_social_options":{"image_generator_settings":{"template":"highway","default_image_id":0,"font":"","enabled":false},"version":2}},"categories":[1],"tags":[],"class_list":["post-10189","post","type-post","status-publish","format-standard","hentry","category-deutsch"],"jetpack_publicize_connections":[],"jetpack_featured_media_url":"","jetpack_sharing_enabled":true,"jetpack_shortlink":"https:\/\/wp.me\/p5CDmr-2El","jetpack-related-posts":[{"id":19652,"url":"https:\/\/www.achimbrueckner.de\/dxradio\/php\/wordpress\/?p=19652","url_meta":{"origin":10189,"position":0},"title":"shortwaveradio nur auf 3975 Khz","author":"Administrator","date":"October 21, 2018","format":false,"excerpt":"Zwar kein Pirat, aber mal eine Erw\u00e4hnung wert: Shortwaveradio ist derzeit wegen technischer Probleme nicht auf 6160 kHz zu h\u00f6ren. Auf 3975 kHz wird seit neuestem t\u00e4glich 0700-2200 UTC gesendet. http:\/\/shortwaveradio.de\/ Info via Twitter","rel":"","context":"In &quot;Deutsch&quot;","block_context":{"text":"Deutsch","link":"https:\/\/www.achimbrueckner.de\/dxradio\/php\/wordpress\/?cat=1"},"img":{"alt_text":"","src":"","width":0,"height":0},"classes":[]},{"id":29931,"url":"https:\/\/www.achimbrueckner.de\/dxradio\/php\/wordpress\/?p=29931","url_meta":{"origin":10189,"position":1},"title":"SRF Ab 2021 wird aus den neuen Studios gesendet","author":"Administrator","date":"September 6, 2020","format":false,"excerpt":"https:\/\/www.persoenlich.com\/medien\/ab-2021-wird-aus-den-neuen-studios-gesendet","rel":"","context":"In &quot;Deutsch&quot;","block_context":{"text":"Deutsch","link":"https:\/\/www.achimbrueckner.de\/dxradio\/php\/wordpress\/?cat=1"},"img":{"alt_text":"","src":"","width":0,"height":0},"classes":[]},{"id":12932,"url":"https:\/\/www.achimbrueckner.de\/dxradio\/php\/wordpress\/?p=12932","url_meta":{"origin":10189,"position":2},"title":"Kinderfernsehen &#8220;Ich bin fassungslos, dass dieser verbl\u00f6dete Schrott gesendet wird!&#8221;","author":"Administrator","date":"April 20, 2017","format":false,"excerpt":"http:\/\/www.sueddeutsche.de\/medien\/kinderfernsehen-ich-bin-fassungslos-dass-dieser-verbloedete-schrott-gesendet-wird-1.3469240","rel":"","context":"In &quot;Deutsch&quot;","block_context":{"text":"Deutsch","link":"https:\/\/www.achimbrueckner.de\/dxradio\/php\/wordpress\/?cat=1"},"img":{"alt_text":"","src":"","width":0,"height":0},"classes":[]},{"id":40576,"url":"https:\/\/www.achimbrueckner.de\/dxradio\/php\/wordpress\/?p=40576","url_meta":{"origin":10189,"position":3},"title":"ARGENTINIEN SENDET WIEDER AUF DEUTSCH.","author":"Administrator","date":"December 1, 2023","format":false,"excerpt":"ARGENTINIEN SENDET WIEDER AUF DEUTSCH. Liebe Freunde! Seit einigen Tagen wird bei RAE wieder auf Deutsch gesendet, f\u00fcr die Sendungen zust\u00e4ndig ist der deutsche Journalist Marcus Christoph, der jahrelang beim Argentinischen Tageblatt t\u00e4tig gewesen ist. Die Sendungen werden nach wie vor um 17 Uhr Ortszeit (20 Uhr Weltzeit) live ausgestrahlt\u2026","rel":"","context":"In &quot;Deutsch&quot;","block_context":{"text":"Deutsch","link":"https:\/\/www.achimbrueckner.de\/dxradio\/php\/wordpress\/?cat=1"},"img":{"alt_text":"","src":"","width":0,"height":0},"classes":[]},{"id":5609,"url":"https:\/\/www.achimbrueckner.de\/dxradio\/php\/wordpress\/?p=5609","url_meta":{"origin":10189,"position":4},"title":"Funkamateure aus Vettelschloss Seit 40 Jahren wird auf der Linzer H\u00f6he gefunkt  Funkamateure aus Vettelschloss: Seit 40 Jahren wird auf der Linzer H\u00f6he gefunkt","author":"Administrator","date":"August 18, 2015","format":false,"excerpt":"http:\/\/www.general-anzeiger-bonn.de\/region\/rhein-sieg-kreis\/bad-honnef\/seit-40-jahren-wird-auf-der-linzer-hoehe-gefunkt-article1702215.html","rel":"","context":"In &quot;Deutsch&quot;","block_context":{"text":"Deutsch","link":"https:\/\/www.achimbrueckner.de\/dxradio\/php\/wordpress\/?cat=1"},"img":{"alt_text":"","src":"","width":0,"height":0},"classes":[]},{"id":10000,"url":"https:\/\/www.achimbrueckner.de\/dxradio\/php\/wordpress\/?p=10000","url_meta":{"origin":10189,"position":5},"title":"Seit 50 Jahren wird gefunkt","author":"Administrator","date":"August 20, 2016","format":false,"excerpt":"http:\/\/www.derwesten.de\/staedte\/wattenscheid\/seit-50-jahren-wird-gefunkt-id12111735.html","rel":"","context":"In &quot;Deutsch&quot;","block_context":{"text":"Deutsch","link":"https:\/\/www.achimbrueckner.de\/dxradio\/php\/wordpress\/?cat=1"},"img":{"alt_text":"","src":"","width":0,"height":0},"classes":[]}],"_links":{"self":[{"href":"https:\/\/www.achimbrueckner.de\/dxradio\/php\/wordpress\/index.php?rest_route=\/wp\/v2\/posts\/10189","targetHints":{"allow":["GET"]}}],"collection":[{"href":"https:\/\/www.achimbrueckner.de\/dxradio\/php\/wordpress\/index.php?rest_route=\/wp\/v2\/posts"}],"about":[{"href":"https:\/\/www.achimbrueckner.de\/dxradio\/php\/wordpress\/index.php?rest_route=\/wp\/v2\/types\/post"}],"author":[{"embeddable":true,"href":"https:\/\/www.achimbrueckner.de\/dxradio\/php\/wordpress\/index.php?rest_route=\/wp\/v2\/users\/1"}],"replies":[{"embeddable":true,"href":"https:\/\/www.achimbrueckner.de\/dxradio\/php\/wordpress\/index.php?rest_route=%2Fwp%2Fv2%2Fcomments&post=10189"}],"version-history":[{"count":0,"href":"https:\/\/www.achimbrueckner.de\/dxradio\/php\/wordpress\/index.php?rest_route=\/wp\/v2\/posts\/10189\/revisions"}],"wp:attachment":[{"href":"https:\/\/www.achimbrueckner.de\/dxradio\/php\/wordpress\/index.php?rest_route=%2Fwp%2Fv2%2Fmedia&parent=10189"}],"wp:term":[{"taxonomy":"category","embeddable":true,"href":"https:\/\/www.achimbrueckner.de\/dxradio\/php\/wordpress\/index.php?rest_route=%2Fwp%2Fv2%2Fcategories&post=10189"},{"taxonomy":"post_tag","embeddable":true,"href":"https:\/\/www.achimbrueckner.de\/dxradio\/php\/wordpress\/index.php?rest_route=%2Fwp%2Fv2%2Ftags&post=10189"}],"curies":[{"name":"wp","href":"https:\/\/api.w.org\/{rel}","templated":true}]}}