{"id":1026,"date":"2010-06-02T21:42:38","date_gmt":"2010-06-02T21:42:38","guid":{"rendered":"https:\/\/www.achimbrueckner.de\/dxradio\/php\/wordpress\/?p=1026"},"modified":"2010-06-02T21:42:38","modified_gmt":"2010-06-02T21:42:38","slug":"hybrid-radio-volkswagen-will-internet-und-radio-verschmelzen","status":"publish","type":"post","link":"https:\/\/www.achimbrueckner.de\/dxradio\/php\/wordpress\/?p=1026","title":{"rendered":"Hybrid-Radio: Volkswagen will Internet und Radio verschmelzen"},"content":{"rendered":"<p>Hybrid-Radio: Volkswagen will Internet und Radio verschmelzen<\/p>\n<p><a href=\"http:\/\/www.heise.de\/newsticker\/meldung\/Hybrid-Radio-Volkswagen-will-Internet-und-Radio-verschmelzen-1013777.html\">http:\/\/www.heise.de\/newsticker\/meldung\/Hybrid-Radio-Volkswagen-will-Internet-und-Radio-verschmelzen-1013777.html<\/a><\/p>\n<p>Info via <a href=\"http:\/\/www.ratzer.at\">Net-Radio<\/a><\/p>\n","protected":false},"excerpt":{"rendered":"<p>Hybrid-Radio: Volkswagen will Internet und Radio verschmelzen http:\/\/www.heise.de\/newsticker\/meldung\/Hybrid-Radio-Volkswagen-will-Internet-und-Radio-verschmelzen-1013777.html Info via Net-Radio<\/p>\n","protected":false},"author":1,"featured_media":0,"comment_status":"open","ping_status":"open","sticky":false,"template":"","format":"standard","meta":{"_jetpack_memberships_contains_paid_content":false,"footnotes":"","jetpack_publicize_message":"","jetpack_publicize_feature_enabled":true,"jetpack_social_post_already_shared":false,"jetpack_social_options":{"image_generator_settings":{"template":"highway","default_image_id":0,"font":"","enabled":false},"version":2}},"categories":[1],"tags":[],"class_list":["post-1026","post","type-post","status-publish","format-standard","hentry","category-deutsch"],"jetpack_publicize_connections":[],"jetpack_featured_media_url":"","jetpack_sharing_enabled":true,"jetpack_shortlink":"https:\/\/wp.me\/p5CDmr-gy","jetpack-related-posts":[{"id":17401,"url":"https:\/\/www.achimbrueckner.de\/dxradio\/php\/wordpress\/?p=17401","url_meta":{"origin":1026,"position":0},"title":"Audio-Nutzung: Kan\u00e4le werden verschmelzen","author":"Administrator","date":"April 18, 2018","format":false,"excerpt":"http:\/\/www.markenartikel-magazin.de\/no_cache\/medien-werbung\/artikel\/details\/10019202-audio-nutzung-kanaele-werden-verschmelzen\/","rel":"","context":"In &quot;audio&quot;","block_context":{"text":"audio","link":"https:\/\/www.achimbrueckner.de\/dxradio\/php\/wordpress\/?cat=47"},"img":{"alt_text":"","src":"","width":0,"height":0},"classes":[]},{"id":35176,"url":"https:\/\/www.achimbrueckner.de\/dxradio\/php\/wordpress\/?p=35176","url_meta":{"origin":1026,"position":1},"title":"Aus zwei wird eins HBO Max und Discovery+ sollen verschmelzen","author":"Administrator","date":"March 14, 2022","format":false,"excerpt":"https:\/\/www.dwdl.de\/nachrichten\/86977\/hbo_max_und_discovery_sollen_verschmelzen\/","rel":"","context":"In &quot;Deutsch&quot;","block_context":{"text":"Deutsch","link":"https:\/\/www.achimbrueckner.de\/dxradio\/php\/wordpress\/?cat=1"},"img":{"alt_text":"","src":"","width":0,"height":0},"classes":[]},{"id":42392,"url":"https:\/\/www.achimbrueckner.de\/dxradio\/php\/wordpress\/?p=42392","url_meta":{"origin":1026,"position":2},"title":"Marktstart von neuem TV-Standard DVB-I r\u00fcckt n\u00e4her","author":"Administrator","date":"March 18, 2025","format":false,"excerpt":"https:\/\/www.heise.de\/news\/Neuer-TV-Standard-DVB-I-soll-lineares-Fernsehen-und-Streaming-verschmelzen-10318486.html","rel":"","context":"In &quot;Deutsch&quot;","block_context":{"text":"Deutsch","link":"https:\/\/www.achimbrueckner.de\/dxradio\/php\/wordpress\/?cat=1"},"img":{"alt_text":"","src":"","width":0,"height":0},"classes":[]},{"id":3542,"url":"https:\/\/www.achimbrueckner.de\/dxradio\/php\/wordpress\/?p=3542","url_meta":{"origin":1026,"position":3},"title":"IBC: Hybrid-Radio soll UKW, DAB+ und Webradio verbinden","author":"Administrator","date":"September 17, 2014","format":false,"excerpt":"http:\/\/www.teltarif.de\/hybrid-radio-ukw-dab-plus-internetradio\/news\/57066.html","rel":"","context":"In &quot;Deutsch&quot;","block_context":{"text":"Deutsch","link":"https:\/\/www.achimbrueckner.de\/dxradio\/php\/wordpress\/?cat=1"},"img":{"alt_text":"","src":"","width":0,"height":0},"classes":[]},{"id":6040,"url":"https:\/\/www.achimbrueckner.de\/dxradio\/php\/wordpress\/?p=6040","url_meta":{"origin":1026,"position":4},"title":"Neue Hybrid-L\u00f6sung f\u00fcr Verkehrsinfos \u00fcber DAB+ und Internet","author":"Administrator","date":"September 24, 2015","format":false,"excerpt":"http:\/\/www.teltarif.de\/verkehrs-informationen-dab-radio-auto\/news\/61200.html","rel":"","context":"In &quot;Deutsch&quot;","block_context":{"text":"Deutsch","link":"https:\/\/www.achimbrueckner.de\/dxradio\/php\/wordpress\/?cat=1"},"img":{"alt_text":"","src":"","width":0,"height":0},"classes":[]},{"id":32902,"url":"https:\/\/www.achimbrueckner.de\/dxradio\/php\/wordpress\/?p=32902","url_meta":{"origin":1026,"position":5},"title":"Evanov Tries Out Hybrid AM HD Radio in Toronto","author":"Administrator","date":"June 18, 2021","format":false,"excerpt":"https:\/\/www.radioworld.com\/tech-and-gear\/digital-radio\/evanov-tries-out-hybrid-am-hd-radio-in-toronto?amp","rel":"","context":"In &quot;English&quot;","block_context":{"text":"English","link":"https:\/\/www.achimbrueckner.de\/dxradio\/php\/wordpress\/?cat=2"},"img":{"alt_text":"","src":"","width":0,"height":0},"classes":[]}],"_links":{"self":[{"href":"https:\/\/www.achimbrueckner.de\/dxradio\/php\/wordpress\/index.php?rest_route=\/wp\/v2\/posts\/1026","targetHints":{"allow":["GET"]}}],"collection":[{"href":"https:\/\/www.achimbrueckner.de\/dxradio\/php\/wordpress\/index.php?rest_route=\/wp\/v2\/posts"}],"about":[{"href":"https:\/\/www.achimbrueckner.de\/dxradio\/php\/wordpress\/index.php?rest_route=\/wp\/v2\/types\/post"}],"author":[{"embeddable":true,"href":"https:\/\/www.achimbrueckner.de\/dxradio\/php\/wordpress\/index.php?rest_route=\/wp\/v2\/users\/1"}],"replies":[{"embeddable":true,"href":"https:\/\/www.achimbrueckner.de\/dxradio\/php\/wordpress\/index.php?rest_route=%2Fwp%2Fv2%2Fcomments&post=1026"}],"version-history":[{"count":0,"href":"https:\/\/www.achimbrueckner.de\/dxradio\/php\/wordpress\/index.php?rest_route=\/wp\/v2\/posts\/1026\/revisions"}],"wp:attachment":[{"href":"https:\/\/www.achimbrueckner.de\/dxradio\/php\/wordpress\/index.php?rest_route=%2Fwp%2Fv2%2Fmedia&parent=1026"}],"wp:term":[{"taxonomy":"category","embeddable":true,"href":"https:\/\/www.achimbrueckner.de\/dxradio\/php\/wordpress\/index.php?rest_route=%2Fwp%2Fv2%2Fcategories&post=1026"},{"taxonomy":"post_tag","embeddable":true,"href":"https:\/\/www.achimbrueckner.de\/dxradio\/php\/wordpress\/index.php?rest_route=%2Fwp%2Fv2%2Ftags&post=1026"}],"curies":[{"name":"wp","href":"https:\/\/api.w.org\/{rel}","templated":true}]}}