{"id":1029,"date":"2010-06-02T21:54:33","date_gmt":"2010-06-02T21:54:33","guid":{"rendered":"https:\/\/www.achimbrueckner.de\/dxradio\/php\/wordpress\/?p=1029"},"modified":"2010-06-02T21:54:33","modified_gmt":"2010-06-02T21:54:33","slug":"star-radio-4025-khz","status":"publish","type":"post","link":"https:\/\/www.achimbrueckner.de\/dxradio\/php\/wordpress\/?p=1029","title":{"rendered":"Star Radio 4025 Khz"},"content":{"rendered":"<p>STAR radio is broadcasting on 104 FM &#038; 4.025 MHz (mega-hertz) Short Wave in the 75-meter Band. For now test transmission on the Short Wave runs from 5 to 9 in the morning and 6-9 in the evening.<br \/>\nCall us on 077577142, 077018797 or 06857000.<br \/>\nFM frequency 104 in Monrovia and affiliated community radio stations throughout Liberia.<\/p>\n<p>(Source : <a href=\"http:\/\/www.starradio.org.lr\/\">http:\/\/www.starradio.org.lr\/<\/a>)<\/p>\n<p>0500-0900 UTC on 4025 kHz<br \/>\n1800-2100 UTC on 4025 kHz<\/p>\n<p>Info via <a href=\"http:\/\/groups.yahoo.com\/group\/dxld\">dxld<\/a><\/p>\n","protected":false},"excerpt":{"rendered":"<p>STAR radio is broadcasting on 104 FM &#038; 4.025 MHz (mega-hertz) Short Wave in the 75-meter Band. For now test transmission on the Short Wave runs from 5 to 9 in the morning and 6-9 in the evening. Call us on 077577142, 077018797 or 06857000. FM frequency 104 in Monrovia and affiliated community radio stations &hellip; <a href=\"https:\/\/www.achimbrueckner.de\/dxradio\/php\/wordpress\/?p=1029\" class=\"more-link\">Continue reading <span class=\"screen-reader-text\">Star Radio 4025 Khz<\/span><\/a><\/p>\n","protected":false},"author":1,"featured_media":0,"comment_status":"open","ping_status":"open","sticky":false,"template":"","format":"standard","meta":{"_jetpack_memberships_contains_paid_content":false,"footnotes":"","jetpack_publicize_message":"","jetpack_publicize_feature_enabled":true,"jetpack_social_post_already_shared":false,"jetpack_social_options":{"image_generator_settings":{"template":"highway","default_image_id":0,"font":"","enabled":false},"version":2}},"categories":[2],"tags":[40,28],"class_list":["post-1029","post","type-post","status-publish","format-standard","hentry","category-english","tag-dx","tag-fm"],"jetpack_publicize_connections":[],"jetpack_featured_media_url":"","jetpack_sharing_enabled":true,"jetpack_shortlink":"https:\/\/wp.me\/p5CDmr-gB","jetpack-related-posts":[{"id":34200,"url":"https:\/\/www.achimbrueckner.de\/dxradio\/php\/wordpress\/?p=34200","url_meta":{"origin":1029,"position":0},"title":"FMK Weihnachten 2021","author":"Administrator","date":"December 18, 2021","format":false,"excerpt":"Hallo liebe Radiofreunde, es wird dieses Jahr keinen DX-Marathon geben an dem sich FM Kompakt bzw. Radio Klein Paris beteiligen. Trotzdem habe ich mir etwas, einen kleinen Kontest, \u00fcberlegt. FM Kompakt hat in den Programmen von Partnerstationen jeweils einen Gru\u00df platziert und auch Musikw\u00fcnsche ge\u00e4u\u00dfert. Schaltet bitte folgende Programme ein\u2026","rel":"","context":"In &quot;Deutsch&quot;","block_context":{"text":"Deutsch","link":"https:\/\/www.achimbrueckner.de\/dxradio\/php\/wordpress\/?cat=1"},"img":{"alt_text":"","src":"","width":0,"height":0},"classes":[]},{"id":187,"url":"https:\/\/www.achimbrueckner.de\/dxradio\/php\/wordpress\/?p=187","url_meta":{"origin":1029,"position":1},"title":"Ibra Radio B06","author":"Administrator","date":"November 1, 2006","format":false,"excerpt":"IBRA RADIO B06 BROADCAST SCHEDULE, October 2006 Day 1=Monday UTC = Universal Time Coordinated (=GMT) LT = Local Time AFRICA Area Station\/Place Day Time UTC (or LT)Language Band Frequency Africa Horn FEBA, Kigali 1234567 1530 - 1600 Afar SW 11750 kHz Burundi Radio Ivyizigiro 123456 09:15 - 09:45 LT Swahili\u2026","rel":"","context":"In &quot;schedules&quot;","block_context":{"text":"schedules","link":"https:\/\/www.achimbrueckner.de\/dxradio\/php\/wordpress\/?cat=8"},"img":{"alt_text":"","src":"","width":0,"height":0},"classes":[]},{"id":78,"url":"https:\/\/www.achimbrueckner.de\/dxradio\/php\/wordpress\/?p=78","url_meta":{"origin":1029,"position":2},"title":"CRI Beijing","author":"Administrator","date":"October 5, 2006","format":false,"excerpt":"China Radio International is on 7295 Khz at 2050 Utc with SINPO 33433. Programme is in english with music and Chinese Studio - chinese language lesson. At 2057 Utc abruptly signing off. Emails go to crieng(@)crifm.com and the website is on http:\/\/en.chinabroadcast.cn\/. Via transmitter in Albania is China Radio International\u2026","rel":"","context":"In &quot;reception&quot;","block_context":{"text":"reception","link":"https:\/\/www.achimbrueckner.de\/dxradio\/php\/wordpress\/?cat=4"},"img":{"alt_text":"","src":"","width":0,"height":0},"classes":[]},{"id":9026,"url":"https:\/\/www.achimbrueckner.de\/dxradio\/php\/wordpress\/?p=9026","url_meta":{"origin":1029,"position":3},"title":"Radio Klein Paris International Sonntag den 21.08.2016 von 19:00-20:00 UTC via 6070 khz","author":"Administrator","date":"August 4, 2016","format":false,"excerpt":"H\u00f6rtipp: Der \"Macher\" von FM Kompakt im Radio geht wieder mit Radio Klein Paris on Air: Radio Klein Paris International Sonntag den 21.08.2016 von 19:00-20:00 UTC via 6070 khz (channel292) Themen der Sendung Umrahmung mit Musik aus Mecklenburg-Vorpommern H\u00f6rerpost Kunos-Radiothek mit einem Portr\u00e4t der Radio DDR Ferienwelle aus Rostock und\u2026","rel":"","context":"In &quot;Deutsch&quot;","block_context":{"text":"Deutsch","link":"https:\/\/www.achimbrueckner.de\/dxradio\/php\/wordpress\/?cat=1"},"img":{"alt_text":"","src":"","width":0,"height":0},"classes":[]},{"id":32447,"url":"https:\/\/www.achimbrueckner.de\/dxradio\/php\/wordpress\/?p=32447","url_meta":{"origin":1029,"position":4},"title":"Radio Andorra tribute 12 April 2021","author":"Administrator","date":"April 7, 2021","format":false,"excerpt":"Special program announcement: As some of you know, the legendary Radio Andorra was taken off the air these days 40 years ago in 1981 by the government. Some programs that were prepared couldn't be aired, most of the material is lost. Luckily, the playlist of the last planned hit-parade from\u2026","rel":"","context":"In &quot;English&quot;","block_context":{"text":"English","link":"https:\/\/www.achimbrueckner.de\/dxradio\/php\/wordpress\/?cat=2"},"img":{"alt_text":"","src":"","width":0,"height":0},"classes":[]},{"id":805,"url":"https:\/\/www.achimbrueckner.de\/dxradio\/php\/wordpress\/?p=805","url_meta":{"origin":1029,"position":5},"title":"South Herts Radio","author":"Administrator","date":"December 30, 2009","format":false,"excerpt":"South Herts Radio will now broadcast as follows effective from 3rd Jan 2010. Every other Sunday from Sunday 3rd January from 08.00 - 20.00 UTC. Shortwave 5835 KHz (52 meter band) with low power to Europe from the U.K. Only when our webstream is on air can you find us\u2026","rel":"","context":"In &quot;English&quot;","block_context":{"text":"English","link":"https:\/\/www.achimbrueckner.de\/dxradio\/php\/wordpress\/?cat=2"},"img":{"alt_text":"","src":"","width":0,"height":0},"classes":[]}],"_links":{"self":[{"href":"https:\/\/www.achimbrueckner.de\/dxradio\/php\/wordpress\/index.php?rest_route=\/wp\/v2\/posts\/1029","targetHints":{"allow":["GET"]}}],"collection":[{"href":"https:\/\/www.achimbrueckner.de\/dxradio\/php\/wordpress\/index.php?rest_route=\/wp\/v2\/posts"}],"about":[{"href":"https:\/\/www.achimbrueckner.de\/dxradio\/php\/wordpress\/index.php?rest_route=\/wp\/v2\/types\/post"}],"author":[{"embeddable":true,"href":"https:\/\/www.achimbrueckner.de\/dxradio\/php\/wordpress\/index.php?rest_route=\/wp\/v2\/users\/1"}],"replies":[{"embeddable":true,"href":"https:\/\/www.achimbrueckner.de\/dxradio\/php\/wordpress\/index.php?rest_route=%2Fwp%2Fv2%2Fcomments&post=1029"}],"version-history":[{"count":0,"href":"https:\/\/www.achimbrueckner.de\/dxradio\/php\/wordpress\/index.php?rest_route=\/wp\/v2\/posts\/1029\/revisions"}],"wp:attachment":[{"href":"https:\/\/www.achimbrueckner.de\/dxradio\/php\/wordpress\/index.php?rest_route=%2Fwp%2Fv2%2Fmedia&parent=1029"}],"wp:term":[{"taxonomy":"category","embeddable":true,"href":"https:\/\/www.achimbrueckner.de\/dxradio\/php\/wordpress\/index.php?rest_route=%2Fwp%2Fv2%2Fcategories&post=1029"},{"taxonomy":"post_tag","embeddable":true,"href":"https:\/\/www.achimbrueckner.de\/dxradio\/php\/wordpress\/index.php?rest_route=%2Fwp%2Fv2%2Ftags&post=1029"}],"curies":[{"name":"wp","href":"https:\/\/api.w.org\/{rel}","templated":true}]}}