{"id":10378,"date":"2016-09-15T15:20:56","date_gmt":"2016-09-15T15:20:56","guid":{"rendered":"https:\/\/www.achimbrueckner.de\/dxradio\/php\/wordpress\/?p=10378"},"modified":"2016-09-15T15:20:56","modified_gmt":"2016-09-15T15:20:56","slug":"club-fahrt-die-antennen-aus","status":"publish","type":"post","link":"https:\/\/www.achimbrueckner.de\/dxradio\/php\/wordpress\/?p=10378","title":{"rendered":"Club f\u00e4hrt die Antennen aus"},"content":{"rendered":"<p><a href=\"http:\/\/www.schwarzwaelder-bote.de\/inhalt.schramberg-club-faehrt-die-antennen-aus.ffdda21d-98af-4ce7-9d60-1aa2354bb23e.html\" target=\"_blank\">http:\/\/www.schwarzwaelder-bote.de\/inhalt.schramberg-club-faehrt-die-antennen-aus.ffdda21d-98af-4ce7-9d60-1aa2354bb23e.html<\/a><\/p>\n","protected":false},"excerpt":{"rendered":"<p>http:\/\/www.schwarzwaelder-bote.de\/inhalt.schramberg-club-faehrt-die-antennen-aus.ffdda21d-98af-4ce7-9d60-1aa2354bb23e.html<\/p>\n","protected":false},"author":1,"featured_media":0,"comment_status":"open","ping_status":"open","sticky":false,"template":"","format":"standard","meta":{"_jetpack_memberships_contains_paid_content":false,"footnotes":"","jetpack_publicize_message":"","jetpack_publicize_feature_enabled":true,"jetpack_social_post_already_shared":true,"jetpack_social_options":{"image_generator_settings":{"template":"highway","default_image_id":0,"font":"","enabled":false},"version":2}},"categories":[1],"tags":[24],"class_list":["post-10378","post","type-post","status-publish","format-standard","hentry","category-deutsch","tag-am"],"jetpack_publicize_connections":[],"jetpack_featured_media_url":"","jetpack_sharing_enabled":true,"jetpack_shortlink":"https:\/\/wp.me\/p5CDmr-2Ho","jetpack-related-posts":[{"id":16967,"url":"https:\/\/www.achimbrueckner.de\/dxradio\/php\/wordpress\/?p=16967","url_meta":{"origin":10378,"position":0},"title":"Alterdings &#8211; Verstrahlte Antennen: Die \u00dcberreste des russischen &#8220;Woodpeckers&#8221;","author":"Administrator","date":"March 20, 2018","format":false,"excerpt":"https:\/\/www.foerderland.de\/technik\/tipps\/artikel\/alterdings-verstrahlte-antennen-die-uberreste-des-russischen-woodpeckers\/","rel":"","context":"In &quot;Deutsch&quot;","block_context":{"text":"Deutsch","link":"https:\/\/www.achimbrueckner.de\/dxradio\/php\/wordpress\/?cat=1"},"img":{"alt_text":"","src":"","width":0,"height":0},"classes":[]},{"id":7748,"url":"https:\/\/www.achimbrueckner.de\/dxradio\/php\/wordpress\/?p=7748","url_meta":{"origin":10378,"position":1},"title":"Alterdings &#8211; Verstrahlte Antennen: Die \u00dcberreste des russischen &#8220;Woodpeckers&#8221;","author":"Administrator","date":"March 3, 2016","format":false,"excerpt":"http:\/\/www.foerderland.de\/technik\/tipps\/artikel\/alterdings-verstrahlte-antennen-die-uberreste-des-russischen-woodpeckers\/","rel":"","context":"In &quot;Deutsch&quot;","block_context":{"text":"Deutsch","link":"https:\/\/www.achimbrueckner.de\/dxradio\/php\/wordpress\/?cat=1"},"img":{"alt_text":"","src":"","width":0,"height":0},"classes":[]},{"id":12943,"url":"https:\/\/www.achimbrueckner.de\/dxradio\/php\/wordpress\/?p=12943","url_meta":{"origin":10378,"position":2},"title":"DIE LIZENZ ZUM FUNKEN Funkamateure \u00fcber gro\u00dfe Antennen und Freundschaften jenseits des Atlantiks","author":"Administrator","date":"April 21, 2017","format":false,"excerpt":"http:\/\/www.noz.de\/lokales\/hilter\/artikel\/883479\/funkamateure-ueber-grosse-antennen-und-freundschaften-jenseits-des-atlantiks#gallery&0&0&883479","rel":"","context":"In &quot;Deutsch&quot;","block_context":{"text":"Deutsch","link":"https:\/\/www.achimbrueckner.de\/dxradio\/php\/wordpress\/?cat=1"},"img":{"alt_text":"","src":"","width":0,"height":0},"classes":[]},{"id":11908,"url":"https:\/\/www.achimbrueckner.de\/dxradio\/php\/wordpress\/?p=11908","url_meta":{"origin":10378,"position":3},"title":"Publikation der DGPT zum Thema &#8220;Sender und Antennen&#8221;","author":"Administrator","date":"January 29, 2017","format":false,"excerpt":"Hallo zusammen, das aktuelle Heft der \"Deutschen Gesellschaft f\u00fcr Post- und Telekommunikationsgeschichte\" hat zum Thema \"Sender und Antennen\". Ein Schwerpunkt sind die Sendeanlagen auf dem Gro\u00dfen Feldberg. Weitere Themen sind - \"die Deutsche Welle\", - der Gro\u00dfsender M\u00fchlacker und die Senderstadt - Senderr\u00f6hren und - der Lorenz-Gro\u00dfsender in der Sammlung\u2026","rel":"","context":"In &quot;Deutsch&quot;","block_context":{"text":"Deutsch","link":"https:\/\/www.achimbrueckner.de\/dxradio\/php\/wordpress\/?cat=1"},"img":{"alt_text":"","src":"","width":0,"height":0},"classes":[]},{"id":34686,"url":"https:\/\/www.achimbrueckner.de\/dxradio\/php\/wordpress\/?p=34686","url_meta":{"origin":10378,"position":4},"title":"Reprints des &#8220;International Radio Club&#8221; mit \u00fcber 900 Artikeln","author":"Administrator","date":"February 20, 2022","format":false,"excerpt":"die Sammlung der Reprints des \"International Radio Club\" mit \u00fcber 900 Artikeln \u00fcber Antennen, Funkausbreitung, Empf\u00e4nger, Zubeh\u00f6r und allgemeines Interesse f\u00fcr MW-DXer wurde aktuell erg\u00e4nzt und ist unter https:\/\/www.ircaonline.org\/editor_upload\/File\/reprints\/irca-reprint-index.pdf abrufbar. Vielen Dank an den SWLing Post-Mitarbeiter Nick Hall-Patch, der diesen Hinweis unter https:\/\/swling.com\/blog\/2022\/02\/international-radio-clubs-reprints-collection-of-900-articles\/ geteilt hat. Info via A-DX","rel":"","context":"In &quot;Deutsch&quot;","block_context":{"text":"Deutsch","link":"https:\/\/www.achimbrueckner.de\/dxradio\/php\/wordpress\/?cat=1"},"img":{"alt_text":"","src":"","width":0,"height":0},"classes":[]},{"id":1133,"url":"https:\/\/www.achimbrueckner.de\/dxradio\/php\/wordpress\/?p=1133","url_meta":{"origin":10378,"position":5},"title":"46. DX Camp des Rhein-Main-Radio-Clubs","author":"Administrator","date":"September 8, 2010","format":false,"excerpt":"Einladung zum 46. DX Camp des Rhein-Main-Radio-Clubs Das mittlerweile 46. RMRC - DX - Camp findet traditionell im Naturfreundehaus auf dem Wingertskippel in 63505 Langenselbold bei Hanau vom 27.September bis zum 3.Oktober 2010 statt. Die ersten Camp-Tage sind wie immer vorwiegend zum H\u00f6ren. Hier gibt es Grasnarben DX mit unterschiedlichen\u2026","rel":"","context":"In &quot;camps&quot;","block_context":{"text":"camps","link":"https:\/\/www.achimbrueckner.de\/dxradio\/php\/wordpress\/?cat=5"},"img":{"alt_text":"","src":"","width":0,"height":0},"classes":[]}],"_links":{"self":[{"href":"https:\/\/www.achimbrueckner.de\/dxradio\/php\/wordpress\/index.php?rest_route=\/wp\/v2\/posts\/10378","targetHints":{"allow":["GET"]}}],"collection":[{"href":"https:\/\/www.achimbrueckner.de\/dxradio\/php\/wordpress\/index.php?rest_route=\/wp\/v2\/posts"}],"about":[{"href":"https:\/\/www.achimbrueckner.de\/dxradio\/php\/wordpress\/index.php?rest_route=\/wp\/v2\/types\/post"}],"author":[{"embeddable":true,"href":"https:\/\/www.achimbrueckner.de\/dxradio\/php\/wordpress\/index.php?rest_route=\/wp\/v2\/users\/1"}],"replies":[{"embeddable":true,"href":"https:\/\/www.achimbrueckner.de\/dxradio\/php\/wordpress\/index.php?rest_route=%2Fwp%2Fv2%2Fcomments&post=10378"}],"version-history":[{"count":0,"href":"https:\/\/www.achimbrueckner.de\/dxradio\/php\/wordpress\/index.php?rest_route=\/wp\/v2\/posts\/10378\/revisions"}],"wp:attachment":[{"href":"https:\/\/www.achimbrueckner.de\/dxradio\/php\/wordpress\/index.php?rest_route=%2Fwp%2Fv2%2Fmedia&parent=10378"}],"wp:term":[{"taxonomy":"category","embeddable":true,"href":"https:\/\/www.achimbrueckner.de\/dxradio\/php\/wordpress\/index.php?rest_route=%2Fwp%2Fv2%2Fcategories&post=10378"},{"taxonomy":"post_tag","embeddable":true,"href":"https:\/\/www.achimbrueckner.de\/dxradio\/php\/wordpress\/index.php?rest_route=%2Fwp%2Fv2%2Ftags&post=10378"}],"curies":[{"name":"wp","href":"https:\/\/api.w.org\/{rel}","templated":true}]}}