{"id":10380,"date":"2016-09-15T15:27:50","date_gmt":"2016-09-15T15:27:50","guid":{"rendered":"https:\/\/www.achimbrueckner.de\/dxradio\/php\/wordpress\/?p=10380"},"modified":"2016-09-15T15:27:50","modified_gmt":"2016-09-15T15:27:50","slug":"medientage-munchen-angela-merkel-halt-eroffnungsrede","status":"publish","type":"post","link":"https:\/\/www.achimbrueckner.de\/dxradio\/php\/wordpress\/?p=10380","title":{"rendered":"MEDIENTAGE M\u00dcNCHEN: Angela Merkel h\u00e4lt Er\u00f6ffnungsrede"},"content":{"rendered":"<p><a href=\"http:\/\/www.radioszene.de\/95181\/medientage-muenchen-mtm16-radio-themen.html\" target=\"_blank\">http:\/\/www.radioszene.de\/95181\/medientage-muenchen-mtm16-radio-themen.html<\/a><\/p>\n","protected":false},"excerpt":{"rendered":"<p>http:\/\/www.radioszene.de\/95181\/medientage-muenchen-mtm16-radio-themen.html<\/p>\n","protected":false},"author":1,"featured_media":0,"comment_status":"open","ping_status":"open","sticky":false,"template":"","format":"standard","meta":{"_jetpack_memberships_contains_paid_content":false,"footnotes":"","jetpack_publicize_message":"","jetpack_publicize_feature_enabled":true,"jetpack_social_post_already_shared":true,"jetpack_social_options":{"image_generator_settings":{"template":"highway","default_image_id":0,"font":"","enabled":false},"version":2}},"categories":[1,15,16],"tags":[45,41],"class_list":["post-10380","post","type-post","status-publish","format-standard","hentry","category-deutsch","category-medien","category-radioszene","tag-medien","tag-radioszene"],"jetpack_publicize_connections":[],"jetpack_featured_media_url":"","jetpack_sharing_enabled":true,"jetpack_shortlink":"https:\/\/wp.me\/p5CDmr-2Hq","jetpack-related-posts":[{"id":14650,"url":"https:\/\/www.achimbrueckner.de\/dxradio\/php\/wordpress\/?p=14650","url_meta":{"origin":10380,"position":0},"title":"MEDIENTAGE M\u00dcNCHEN: Alle Radio-Themen 2017","author":"Administrator","date":"September 19, 2017","format":false,"excerpt":"http:\/\/www.radioszene.de\/106874\/medientage-muenchen-2017.html","rel":"","context":"In &quot;Deutsch&quot;","block_context":{"text":"Deutsch","link":"https:\/\/www.achimbrueckner.de\/dxradio\/php\/wordpress\/?cat=1"},"img":{"alt_text":"","src":"","width":0,"height":0},"classes":[]},{"id":14661,"url":"https:\/\/www.achimbrueckner.de\/dxradio\/php\/wordpress\/?p=14661","url_meta":{"origin":10380,"position":1},"title":"\u00d6sterreichische Medientage: Erfolgsstrategien zum Radio der Zukunft","author":"Administrator","date":"September 19, 2017","format":false,"excerpt":"http:\/\/www.radioszene.de\/113064\/oesterreichische-medientage-2017.html","rel":"","context":"In &quot;Deutsch&quot;","block_context":{"text":"Deutsch","link":"https:\/\/www.achimbrueckner.de\/dxradio\/php\/wordpress\/?cat=1"},"img":{"alt_text":"","src":"","width":0,"height":0},"classes":[]},{"id":24070,"url":"https:\/\/www.achimbrueckner.de\/dxradio\/php\/wordpress\/?p=24070","url_meta":{"origin":10380,"position":2},"title":"Themen &#038; erste Speaker: Das Programm der MEDIENTAGE 2019","author":"Administrator","date":"August 2, 2019","format":false,"excerpt":"https:\/\/www.radioszene.de\/135386\/medientage-2019-muenchen.html","rel":"","context":"In &quot;Deutsch&quot;","block_context":{"text":"Deutsch","link":"https:\/\/www.achimbrueckner.de\/dxradio\/php\/wordpress\/?cat=1"},"img":{"alt_text":"","src":"","width":0,"height":0},"classes":[]},{"id":30554,"url":"https:\/\/www.achimbrueckner.de\/dxradio\/php\/wordpress\/?p=30554","url_meta":{"origin":10380,"position":3},"title":"Die Audio-Welt der digitalen MEDIENTAGE","author":"Administrator","date":"October 24, 2020","format":false,"excerpt":"https:\/\/www.radioszene.de\/148302\/medientage-muenchen-audio-welt.html","rel":"","context":"In &quot;audio&quot;","block_context":{"text":"audio","link":"https:\/\/www.achimbrueckner.de\/dxradio\/php\/wordpress\/?cat=47"},"img":{"alt_text":"","src":"","width":0,"height":0},"classes":[]},{"id":30353,"url":"https:\/\/www.achimbrueckner.de\/dxradio\/php\/wordpress\/?p=30353","url_meta":{"origin":10380,"position":4},"title":"Die Audio-Welt der digitalen MEDIENTAGE","author":"Administrator","date":"October 8, 2020","format":false,"excerpt":"https:\/\/www.radioszene.de\/148302\/medientage-muenchen-audio-welt.html","rel":"","context":"In &quot;audio&quot;","block_context":{"text":"audio","link":"https:\/\/www.achimbrueckner.de\/dxradio\/php\/wordpress\/?cat=47"},"img":{"alt_text":"","src":"","width":0,"height":0},"classes":[]},{"id":1840,"url":"https:\/\/www.achimbrueckner.de\/dxradio\/php\/wordpress\/?p=1840","url_meta":{"origin":10380,"position":5},"title":"Medientage M\u00fcnchen: \u00e2\u20ac\u017eMein Radio bei mir\u00e2\u20ac\u0153","author":"Administrator","date":"October 21, 2011","format":false,"excerpt":"Medientage M\u00fcnchen: \u00e2\u20ac\u017eMein Radio bei mir\u00e2\u20ac\u0153 Mobile and Social: Position und Potenziale von Radio in der ver\u00c2\u00ad\u00e4n\u00c2\u00adder\u00c2\u00adten Medienwelt http:\/\/www.radioszene.de\/30911\/medientage-muenchen-mein-radio-bei-mir.html","rel":"","context":"In &quot;Deutsch&quot;","block_context":{"text":"Deutsch","link":"https:\/\/www.achimbrueckner.de\/dxradio\/php\/wordpress\/?cat=1"},"img":{"alt_text":"","src":"","width":0,"height":0},"classes":[]}],"_links":{"self":[{"href":"https:\/\/www.achimbrueckner.de\/dxradio\/php\/wordpress\/index.php?rest_route=\/wp\/v2\/posts\/10380","targetHints":{"allow":["GET"]}}],"collection":[{"href":"https:\/\/www.achimbrueckner.de\/dxradio\/php\/wordpress\/index.php?rest_route=\/wp\/v2\/posts"}],"about":[{"href":"https:\/\/www.achimbrueckner.de\/dxradio\/php\/wordpress\/index.php?rest_route=\/wp\/v2\/types\/post"}],"author":[{"embeddable":true,"href":"https:\/\/www.achimbrueckner.de\/dxradio\/php\/wordpress\/index.php?rest_route=\/wp\/v2\/users\/1"}],"replies":[{"embeddable":true,"href":"https:\/\/www.achimbrueckner.de\/dxradio\/php\/wordpress\/index.php?rest_route=%2Fwp%2Fv2%2Fcomments&post=10380"}],"version-history":[{"count":0,"href":"https:\/\/www.achimbrueckner.de\/dxradio\/php\/wordpress\/index.php?rest_route=\/wp\/v2\/posts\/10380\/revisions"}],"wp:attachment":[{"href":"https:\/\/www.achimbrueckner.de\/dxradio\/php\/wordpress\/index.php?rest_route=%2Fwp%2Fv2%2Fmedia&parent=10380"}],"wp:term":[{"taxonomy":"category","embeddable":true,"href":"https:\/\/www.achimbrueckner.de\/dxradio\/php\/wordpress\/index.php?rest_route=%2Fwp%2Fv2%2Fcategories&post=10380"},{"taxonomy":"post_tag","embeddable":true,"href":"https:\/\/www.achimbrueckner.de\/dxradio\/php\/wordpress\/index.php?rest_route=%2Fwp%2Fv2%2Ftags&post=10380"}],"curies":[{"name":"wp","href":"https:\/\/api.w.org\/{rel}","templated":true}]}}