{"id":1049,"date":"2010-06-11T19:12:31","date_gmt":"2010-06-11T19:12:31","guid":{"rendered":"https:\/\/www.achimbrueckner.de\/dxradio\/php\/wordpress\/?p=1049"},"modified":"2010-06-11T19:12:31","modified_gmt":"2010-06-11T19:12:31","slug":"cri-horertreffen-berlin","status":"publish","type":"post","link":"https:\/\/www.achimbrueckner.de\/dxradio\/php\/wordpress\/?p=1049","title":{"rendered":"CRI H\u00f6rertreffen Berlin"},"content":{"rendered":"<p>Die Berliner Empfangsamateure und RHCI-Online<br \/>\nladen zu einem CRI-H\u00f6rertreffen in Berlin ein<\/p>\n<p>Am 24. Juli 2010 findet in Berlin um 16.00 Uhr ein H\u00f6rertreffen von Radio ChinaInternational statt. Treffpunkt ist das China-Restaurant \u00e2\u20ac\u017eKing Do\u00e2\u20ac\u0153 in Berlin-Lankwitz.<br \/>\nHintergrund dieses Treffens ist das Jubil\u00e4um \u00e2\u20ac\u017e50 Jahre in Deutsch von Radio China International\u00e2\u20ac\u0153 am 15. April 2010. Sonderpreistr\u00e4ger Andreas M\u00fccklich und Hans-Joachim Brustmann, Mitglied der Ehrendelegation des CRI-H\u00f6rerklubs, werden \u00fcber die Jubil\u00e4umsfeier, den Besuchen bei CRI und weiteren H\u00f6hepunkte ihrer China-Reise mit<br \/>\nFotos berichten.<\/p>\n<p>Info via <a href=\"http:\/\/www.rhci-online.de\/RHCI-Mail-Juni-2-2010.pdf\">RHCI<\/a><\/p>\n","protected":false},"excerpt":{"rendered":"<p>Die Berliner Empfangsamateure und RHCI-Online laden zu einem CRI-H\u00f6rertreffen in Berlin ein Am 24. Juli 2010 findet in Berlin um 16.00 Uhr ein H\u00f6rertreffen von Radio ChinaInternational statt. Treffpunkt ist das China-Restaurant \u00e2\u20ac\u017eKing Do\u00e2\u20ac\u0153 in Berlin-Lankwitz. Hintergrund dieses Treffens ist das Jubil\u00e4um \u00e2\u20ac\u017e50 Jahre in Deutsch von Radio China International\u00e2\u20ac\u0153 am 15. April 2010. Sonderpreistr\u00e4ger &hellip; <a href=\"https:\/\/www.achimbrueckner.de\/dxradio\/php\/wordpress\/?p=1049\" class=\"more-link\">Continue reading <span class=\"screen-reader-text\">CRI H\u00f6rertreffen Berlin<\/span><\/a><\/p>\n","protected":false},"author":1,"featured_media":0,"comment_status":"open","ping_status":"open","sticky":false,"template":"","format":"standard","meta":{"_jetpack_memberships_contains_paid_content":false,"footnotes":"","jetpack_publicize_message":"","jetpack_publicize_feature_enabled":true,"jetpack_social_post_already_shared":false,"jetpack_social_options":{"image_generator_settings":{"template":"highway","default_image_id":0,"font":"","enabled":false},"version":2}},"categories":[5,3],"tags":[24,42],"class_list":["post-1049","post","type-post","status-publish","format-standard","hentry","category-camps","category-empfang","tag-am","tag-empfang"],"jetpack_publicize_connections":[],"jetpack_featured_media_url":"","jetpack_sharing_enabled":true,"jetpack_shortlink":"https:\/\/wp.me\/p5CDmr-gV","jetpack-related-posts":[{"id":487,"url":"https:\/\/www.achimbrueckner.de\/dxradio\/php\/wordpress\/?p=487","url_meta":{"origin":1049,"position":0},"title":"KBS H\u00f6rertreffen IFA Berlin","author":"Administrator","date":"August 8, 2009","format":false,"excerpt":"KBS-H\u00f6rertreffen \"Liebe H\u00f6rerfreundin, Lieber H\u00f6rerfreund, Am 28.August 2009 ist es wieder soweit, die Internationale Funkausstellung \u00f6ffnet in Berlin ihre Pforten und aus diesem Anlass findet zum 5.Mal das KBS-H\u00f6rertreffen statt. Sehr gerne lade ich Euch zu diesem Treffen ein. Wie auch in den vergangenen Jahren stellt uns die Kulturabteilung der\u2026","rel":"","context":"In &quot;camps&quot;","block_context":{"text":"camps","link":"https:\/\/www.achimbrueckner.de\/dxradio\/php\/wordpress\/?cat=5"},"img":{"alt_text":"","src":"","width":0,"height":0},"classes":[]},{"id":679,"url":"https:\/\/www.achimbrueckner.de\/dxradio\/php\/wordpress\/?p=679","url_meta":{"origin":1049,"position":1},"title":"Stimme Russlands  &#8211;   H\u00d6RERTREFFEN IN BERLIN","author":"Administrator","date":"November 7, 2009","format":false,"excerpt":"Stimme Russlands - H\u00d6RERTREFFEN IN BERLIN AM 28. NOVEMBER 2009 Der deutschsprachige Sendedienst der \u00e2\u20ac\u017eStimme Russlands\u00e2\u20ac\u0153 will den 80. Gr\u00fcndungstag des Senders zusammen mit Ihnen feiern. Aus diesem Anlass veranstalten wir am Sonnabend dem 28. November 2009 in Berlin das traditionelle H\u00f6rertreffen. Wir werden nicht nur \u00fcber die Geschichte reden,\u2026","rel":"","context":"In &quot;camps&quot;","block_context":{"text":"camps","link":"https:\/\/www.achimbrueckner.de\/dxradio\/php\/wordpress\/?cat=5"},"img":{"alt_text":"","src":"","width":0,"height":0},"classes":[]},{"id":974,"url":"https:\/\/www.achimbrueckner.de\/dxradio\/php\/wordpress\/?p=974","url_meta":{"origin":1049,"position":2},"title":"Radio Taiwan International H\u00f6rertreffen","author":"Administrator","date":"March 28, 2010","format":false,"excerpt":"Liebe Mitglieder des RTI-H\u00f6rerclub Berlin, liebe Freunde von Radio Taiwan International, der Termin f\u00fcr das diesj\u00e4hrige H\u00f6rertreffen steht nun endg\u00fcltig fest. Es ist SONNTAG, DER 9. MAI 2010, AB 13.30 UHR. Der Ort unseres Treffens bleibt bestehen im \"Hopfingerbr\u00e4u im Palais\", Ebertstra\u00dfe24, 10117 Berlin. Das Restaurant ist auch vom Pariser\u2026","rel":"","context":"In &quot;camps&quot;","block_context":{"text":"camps","link":"https:\/\/www.achimbrueckner.de\/dxradio\/php\/wordpress\/?cat=5"},"img":{"alt_text":"","src":"","width":0,"height":0},"classes":[]},{"id":486,"url":"https:\/\/www.achimbrueckner.de\/dxradio\/php\/wordpress\/?p=486","url_meta":{"origin":1049,"position":3},"title":"H\u00f6rertreffen IFA Berlin","author":"Administrator","date":"August 8, 2009","format":false,"excerpt":"Einladung zum H\u00f6rertreffen w\u00e4hrend der Internationalen Funkausstellung 2009 \"Wie es schon seit vielen Jahren Tradition ist, wird es auch in diesem Jahr zur Internationalen Funkausstellung, f\u00fcr alle die am Radio-Hobby interessiert sind, in Berlin ein Treffen geben. Wir laden alle Hobbyfreunde am 05. September 2009 nach Berlin zu einem Austausch\u2026","rel":"","context":"In &quot;camps&quot;","block_context":{"text":"camps","link":"https:\/\/www.achimbrueckner.de\/dxradio\/php\/wordpress\/?cat=5"},"img":{"alt_text":"","src":"","width":0,"height":0},"classes":[]},{"id":1057,"url":"https:\/\/www.achimbrueckner.de\/dxradio\/php\/wordpress\/?p=1057","url_meta":{"origin":1049,"position":4},"title":"H\u00f6rertreffen Friedrichshafen","author":"Administrator","date":"June 21, 2010","format":false,"excerpt":"H\u00f6rertreffen am Rande der HAM RADIO in Friedrichshafen am 26.06.2010 Die auf der HAM RADIO anwesenden H\u00f6rer von KBS, Seoul und Radio HCJB, Quito, treffen sich am Abend des \u00e2\u20ac\u017eMesse-Samstags\u00e2\u20ac\u0153 (26.06.2010) ab 20.00 Uhr Ortszeit im Hotel Koenigsaecker Zeppelinstrasse 299 88048 Friedrichshafen-Fischbach gleich bei der Bushaltestelle \u00e2\u20ac\u017eHotel Mayer\u00e2\u20ac\u0153 in Friedrichshafen-Fischbach\u2026","rel":"","context":"In &quot;camps&quot;","block_context":{"text":"camps","link":"https:\/\/www.achimbrueckner.de\/dxradio\/php\/wordpress\/?cat=5"},"img":{"alt_text":"","src":"","width":0,"height":0},"classes":[]},{"id":1256,"url":"https:\/\/www.achimbrueckner.de\/dxradio\/php\/wordpress\/?p=1256","url_meta":{"origin":1049,"position":5},"title":"Treffen Stimme Russlands","author":"Administrator","date":"November 30, 2010","format":false,"excerpt":"Wir bleiben unseren Tradition der Advent-Treffen treu. Auch in diesem Jahr veranstaltet der deutschsprachige Sendedienst der \u00e2\u20ac\u017eStimme Russlands\u00e2\u20ac\u0153 am 4. Dezember in Berlin und am 5. Dezember in M\u00fcnchen zwei H\u00f6rertreffen. Wir sprechen \u00fcber die Entwicklung unseres Senders im digitalen Zeitalter, beantworten Ihre beliebigen Fragen zur Innen- undAu\u00dfenpolitik Russlands. Angefragt\u2026","rel":"","context":"In &quot;camps&quot;","block_context":{"text":"camps","link":"https:\/\/www.achimbrueckner.de\/dxradio\/php\/wordpress\/?cat=5"},"img":{"alt_text":"","src":"","width":0,"height":0},"classes":[]}],"_links":{"self":[{"href":"https:\/\/www.achimbrueckner.de\/dxradio\/php\/wordpress\/index.php?rest_route=\/wp\/v2\/posts\/1049","targetHints":{"allow":["GET"]}}],"collection":[{"href":"https:\/\/www.achimbrueckner.de\/dxradio\/php\/wordpress\/index.php?rest_route=\/wp\/v2\/posts"}],"about":[{"href":"https:\/\/www.achimbrueckner.de\/dxradio\/php\/wordpress\/index.php?rest_route=\/wp\/v2\/types\/post"}],"author":[{"embeddable":true,"href":"https:\/\/www.achimbrueckner.de\/dxradio\/php\/wordpress\/index.php?rest_route=\/wp\/v2\/users\/1"}],"replies":[{"embeddable":true,"href":"https:\/\/www.achimbrueckner.de\/dxradio\/php\/wordpress\/index.php?rest_route=%2Fwp%2Fv2%2Fcomments&post=1049"}],"version-history":[{"count":0,"href":"https:\/\/www.achimbrueckner.de\/dxradio\/php\/wordpress\/index.php?rest_route=\/wp\/v2\/posts\/1049\/revisions"}],"wp:attachment":[{"href":"https:\/\/www.achimbrueckner.de\/dxradio\/php\/wordpress\/index.php?rest_route=%2Fwp%2Fv2%2Fmedia&parent=1049"}],"wp:term":[{"taxonomy":"category","embeddable":true,"href":"https:\/\/www.achimbrueckner.de\/dxradio\/php\/wordpress\/index.php?rest_route=%2Fwp%2Fv2%2Fcategories&post=1049"},{"taxonomy":"post_tag","embeddable":true,"href":"https:\/\/www.achimbrueckner.de\/dxradio\/php\/wordpress\/index.php?rest_route=%2Fwp%2Fv2%2Ftags&post=1049"}],"curies":[{"name":"wp","href":"https:\/\/api.w.org\/{rel}","templated":true}]}}