{"id":1054,"date":"2010-06-19T08:48:46","date_gmt":"2010-06-19T08:48:46","guid":{"rendered":"https:\/\/www.achimbrueckner.de\/dxradio\/php\/wordpress\/?p=1054"},"modified":"2010-06-19T08:48:46","modified_gmt":"2010-06-19T08:48:46","slug":"hitlers-dschihad-uber-den-ather","status":"publish","type":"post","link":"https:\/\/www.achimbrueckner.de\/dxradio\/php\/wordpress\/?p=1054","title":{"rendered":"Hitlers Dschihad \u00fcber den \u00c4ther"},"content":{"rendered":"<p>Hitlers Dschihad \u00fcber den \u00c4ther<\/p>\n<p><a href=\"http:\/\/science.orf.at\/stories\/1650993\/\">http:\/\/science.orf.at\/stories\/1650993\/<\/a><\/p>\n<p>Info via <a href=\"http:\/\/www.ratzer.at\">A-DX<\/a><\/p>\n","protected":false},"excerpt":{"rendered":"<p>Hitlers Dschihad \u00fcber den \u00c4ther http:\/\/science.orf.at\/stories\/1650993\/ Info via A-DX<\/p>\n","protected":false},"author":1,"featured_media":0,"comment_status":"open","ping_status":"open","sticky":false,"template":"","format":"standard","meta":{"_jetpack_memberships_contains_paid_content":false,"footnotes":"","jetpack_publicize_message":"","jetpack_publicize_feature_enabled":true,"jetpack_social_post_already_shared":false,"jetpack_social_options":{"image_generator_settings":{"template":"highway","default_image_id":0,"font":"","enabled":false},"version":2}},"categories":[1],"tags":[40],"class_list":["post-1054","post","type-post","status-publish","format-standard","hentry","category-deutsch","tag-dx"],"jetpack_publicize_connections":[],"jetpack_featured_media_url":"","jetpack_sharing_enabled":true,"jetpack_shortlink":"https:\/\/wp.me\/p5CDmr-h0","jetpack-related-posts":[{"id":1058,"url":"https:\/\/www.achimbrueckner.de\/dxradio\/php\/wordpress\/?p=1058","url_meta":{"origin":1054,"position":0},"title":"Welle370 aus K\u00f6nigs Wusterhausen sendet via Radio 700","author":"Administrator","date":"June 25, 2010","format":false,"excerpt":"Welle370 aus K\u00f6nigs Wusterhausen sendet via Radio 700 http:\/\/www.radioszene.de\/?p=14514 \"Probieren sie es einfach einmal aus \u00e2\u20ac\u201c Sie werden erstaunt sein, welche Programmvielfalt auf diesen Wellenbereichen noch heute, 90 Jahre nach den ersten T\u00f6nen im \u00c4ther, zu finden ist.\" Info via A-DX","rel":"","context":"In &quot;Deutsch&quot;","block_context":{"text":"Deutsch","link":"https:\/\/www.achimbrueckner.de\/dxradio\/php\/wordpress\/?cat=1"},"img":{"alt_text":"","src":"","width":0,"height":0},"classes":[]},{"id":1076,"url":"https:\/\/www.achimbrueckner.de\/dxradio\/php\/wordpress\/?p=1076","url_meta":{"origin":1054,"position":1},"title":"Propagandakrieg im \u00c4ther","author":"Administrator","date":"July 4, 2010","format":false,"excerpt":"Propagandakrieg im \u00c4ther http:\/\/einestages.spiegel.de\/static\/topicalbumbackground\/10581\/hitlers_haemischer_lord.html Info via A-DX","rel":"","context":"In &quot;Deutsch&quot;","block_context":{"text":"Deutsch","link":"https:\/\/www.achimbrueckner.de\/dxradio\/php\/wordpress\/?cat=1"},"img":{"alt_text":"","src":"","width":0,"height":0},"classes":[]},{"id":567,"url":"https:\/\/www.achimbrueckner.de\/dxradio\/php\/wordpress\/?p=567","url_meta":{"origin":1054,"position":2},"title":"Der \u00c4ther wird digital","author":"Administrator","date":"October 8, 2009","format":false,"excerpt":"NZZ 08.10.2009: Der \u00c4ther wird digital http:\/\/www.nzz.ch\/nachrichten\/panorama\/der_aether_wird_digital_1.3818606.html Info via A-DX","rel":"","context":"In &quot;Deutsch&quot;","block_context":{"text":"Deutsch","link":"https:\/\/www.achimbrueckner.de\/dxradio\/php\/wordpress\/?cat=1"},"img":{"alt_text":"","src":"","width":0,"height":0},"classes":[]},{"id":2350,"url":"https:\/\/www.achimbrueckner.de\/dxradio\/php\/wordpress\/?p=2350","url_meta":{"origin":1054,"position":3},"title":"&#8220;Gru\u00df an Bord&#8221;: Traditionsreiche NDR Radiosendung auf den Weltmeeren \u00fcber Kurzwelle zu empfangen","author":"Administrator","date":"December 13, 2012","format":false,"excerpt":"\"Gru\u00df an Bord\": Traditionsreiche NDR Radiosendung auf den Weltmeeren \u00fcber Kurzwelle zu empfangen http:\/\/www.ndr.de\/unternehmen\/presse\/pressemitteilungen\/pressemeldungndr11477.html Info via A-DX","rel":"","context":"In &quot;Deutsch&quot;","block_context":{"text":"Deutsch","link":"https:\/\/www.achimbrueckner.de\/dxradio\/php\/wordpress\/?cat=1"},"img":{"alt_text":"","src":"","width":0,"height":0},"classes":[]},{"id":929,"url":"https:\/\/www.achimbrueckner.de\/dxradio\/php\/wordpress\/?p=929","url_meta":{"origin":1054,"position":4},"title":"Menschen im Gespr\u00e4ch &#8211; Wolf Harranth","author":"Administrator","date":"March 2, 2010","format":false,"excerpt":"in der o.g. Sendereihe beim ORF-Radio-Wien war am 13.2.2010: Zu Gast ist der Rundfunkhistoriker Wolf Harranth. Er arbeitet f\u00fcr das Dokumentationsarchiv Funk, das die \u00f6sterreichische Rundfunkgeschichte aufarbeitet und dokumentiert. Bernd Matschedolnig spricht mit ihm \u00fcber die Faszination des Radios, die Entwicklung des Rundfunks in \u00d6sterreich und \u00fcber ein stadtpr\u00e4gendes St\u00fcck\u2026","rel":"","context":"In &quot;Deutsch&quot;","block_context":{"text":"Deutsch","link":"https:\/\/www.achimbrueckner.de\/dxradio\/php\/wordpress\/?cat=1"},"img":{"alt_text":"","src":"","width":0,"height":0},"classes":[]},{"id":3792,"url":"https:\/\/www.achimbrueckner.de\/dxradio\/php\/wordpress\/?p=3792","url_meta":{"origin":1054,"position":5},"title":"Sender &#038; Frequenzen 2015 bei Amazon vorbestellbar.","author":"Administrator","date":"November 25, 2014","format":false,"excerpt":"Wie alle Jahre darf ich hier auf die neue Ausgabe von Sender & Frequenzen aufmerksam machen. Die Ausgabe 2015 ist nun bei Amazon vorbestellbar, wer den Link via http:\/\/ratzer.at zur Bestellung bei Amazon nutzt, bezahlt nat\u00fcrlich den regul\u00e4ren Preis f\u00fcr das Buch und Amazon unterst\u00fctzt durch einen \u201eWerbekostenbeitrag\u201c so ganz\u2026","rel":"","context":"In &quot;Deutsch&quot;","block_context":{"text":"Deutsch","link":"https:\/\/www.achimbrueckner.de\/dxradio\/php\/wordpress\/?cat=1"},"img":{"alt_text":"","src":"","width":0,"height":0},"classes":[]}],"_links":{"self":[{"href":"https:\/\/www.achimbrueckner.de\/dxradio\/php\/wordpress\/index.php?rest_route=\/wp\/v2\/posts\/1054","targetHints":{"allow":["GET"]}}],"collection":[{"href":"https:\/\/www.achimbrueckner.de\/dxradio\/php\/wordpress\/index.php?rest_route=\/wp\/v2\/posts"}],"about":[{"href":"https:\/\/www.achimbrueckner.de\/dxradio\/php\/wordpress\/index.php?rest_route=\/wp\/v2\/types\/post"}],"author":[{"embeddable":true,"href":"https:\/\/www.achimbrueckner.de\/dxradio\/php\/wordpress\/index.php?rest_route=\/wp\/v2\/users\/1"}],"replies":[{"embeddable":true,"href":"https:\/\/www.achimbrueckner.de\/dxradio\/php\/wordpress\/index.php?rest_route=%2Fwp%2Fv2%2Fcomments&post=1054"}],"version-history":[{"count":0,"href":"https:\/\/www.achimbrueckner.de\/dxradio\/php\/wordpress\/index.php?rest_route=\/wp\/v2\/posts\/1054\/revisions"}],"wp:attachment":[{"href":"https:\/\/www.achimbrueckner.de\/dxradio\/php\/wordpress\/index.php?rest_route=%2Fwp%2Fv2%2Fmedia&parent=1054"}],"wp:term":[{"taxonomy":"category","embeddable":true,"href":"https:\/\/www.achimbrueckner.de\/dxradio\/php\/wordpress\/index.php?rest_route=%2Fwp%2Fv2%2Fcategories&post=1054"},{"taxonomy":"post_tag","embeddable":true,"href":"https:\/\/www.achimbrueckner.de\/dxradio\/php\/wordpress\/index.php?rest_route=%2Fwp%2Fv2%2Ftags&post=1054"}],"curies":[{"name":"wp","href":"https:\/\/api.w.org\/{rel}","templated":true}]}}