{"id":1061,"date":"2010-06-27T19:46:02","date_gmt":"2010-06-27T19:46:02","guid":{"rendered":"https:\/\/www.achimbrueckner.de\/dxradio\/php\/wordpress\/?p=1061"},"modified":"2010-06-30T18:35:08","modified_gmt":"2010-06-30T18:35:08","slug":"ham-radio-2010","status":"publish","type":"post","link":"https:\/\/www.achimbrueckner.de\/dxradio\/php\/wordpress\/?p=1061","title":{"rendered":"Ham Radio 2010"},"content":{"rendered":"<p>Ham Radio 2010 &#8211; Rundgang in 84 Bildern von Christoph Ratzer.<\/p>\n<p><a href=\"http:\/\/www.ratzer.at\/ham2010.html\">http:\/\/www.ratzer.at\/ham2010.html<\/a><\/p>\n<p>Info via <a href=\"http:\/\/www.ratzer.at\">A-DX<\/a><\/p>\n<p>Photos from Andrea Borgnino <\/p>\n<p><a href=\"http:\/\/www.mediasuk.org\/iw0hk\/hamradio2010\/\">http:\/\/www.mediasuk.org\/iw0hk\/hamradio2010\/<\/a><\/p>\n<p>Info via <a href=\"http:\/\/groups.yahoo.com\/group\/perseus_SDR\">Perseus-SDR<\/a><\/p>\n","protected":false},"excerpt":{"rendered":"<p>Ham Radio 2010 &#8211; Rundgang in 84 Bildern von Christoph Ratzer. http:\/\/www.ratzer.at\/ham2010.html Info via A-DX Photos from Andrea Borgnino http:\/\/www.mediasuk.org\/iw0hk\/hamradio2010\/ Info via Perseus-SDR<\/p>\n","protected":false},"author":1,"featured_media":0,"comment_status":"open","ping_status":"open","sticky":false,"template":"","format":"standard","meta":{"_jetpack_memberships_contains_paid_content":false,"footnotes":"","jetpack_publicize_message":"","jetpack_publicize_feature_enabled":true,"jetpack_social_post_already_shared":false,"jetpack_social_options":{"image_generator_settings":{"template":"highway","default_image_id":0,"font":"","enabled":false},"version":2}},"categories":[5],"tags":[24,40,46,29],"class_list":["post-1061","post","type-post","status-publish","format-standard","hentry","category-camps","tag-am","tag-dx","tag-media","tag-ratzer-2"],"jetpack_publicize_connections":[],"jetpack_featured_media_url":"","jetpack_sharing_enabled":true,"jetpack_shortlink":"https:\/\/wp.me\/p5CDmr-h7","jetpack-related-posts":[{"id":8535,"url":"https:\/\/www.achimbrueckner.de\/dxradio\/php\/wordpress\/?p=8535","url_meta":{"origin":1061,"position":0},"title":"Einladung zum H\u00f6rertreffen R\u00d6I \/ Freundestreffen DokuFunk \/ A-DX Treffen","author":"Administrator","date":"June 18, 2016","format":false,"excerpt":"Einladung zum H\u00f6rertreffen R\u00d6I \/ Freundestreffen DokuFunk \/ A-DX Treffen auf der HAM RADIO in Friedrichshafen. Samstag, 25.06.2016, 12 Uhr auf der HAM Radio Messe - Konferenz-Zentrum West, Raum Liechtenstein. \"Amateurfunk unter, auf und \u00fcber der Erde\" ist der Vortrag von Wolf Harranth. Danach wird Christoph Ratzer von \"Analogen Fernempfang\u2026","rel":"","context":"In &quot;camps&quot;","block_context":{"text":"camps","link":"https:\/\/www.achimbrueckner.de\/dxradio\/php\/wordpress\/?cat=5"},"img":{"alt_text":"","src":"","width":0,"height":0},"classes":[]},{"id":2259,"url":"https:\/\/www.achimbrueckner.de\/dxradio\/php\/wordpress\/?p=2259","url_meta":{"origin":1061,"position":1},"title":"Bildrundgang HAM Radio 2012","author":"Administrator","date":"June 23, 2012","format":false,"excerpt":"Und nun gibt es f\u00fcr alle Daheimgebliebenen wieder bunte Bilder aus Friedrichshafen: http:\/\/www.ratzer.at\/ham2012.html 73 Christoph Info via A-DX","rel":"","context":"In &quot;camps&quot;","block_context":{"text":"camps","link":"https:\/\/www.achimbrueckner.de\/dxradio\/php\/wordpress\/?cat=5"},"img":{"alt_text":"","src":"","width":0,"height":0},"classes":[]},{"id":11296,"url":"https:\/\/www.achimbrueckner.de\/dxradio\/php\/wordpress\/?p=11296","url_meta":{"origin":1061,"position":2},"title":"50 Jahre ADDX","author":"Administrator","date":"December 8, 2016","format":false,"excerpt":"Hallo in die Runde, wie vielen Hobbyfreunden bestimmt bekannt ist, wird die ADDX e.V. im Jahr 2017 ihr 50. Gr\u00fcndungsjubil\u00e4um feiern. Das ist f\u00fcr uns von Vorstand und Redaktion \"Radio-Kurier mit weltweit h\u00f6ren\" Grund genug, auch akustisch einen R\u00fcckblick auf die Anfangstage und die Vereinsentwicklung zu pr\u00e4sentieren und \u00fcber unsere\u2026","rel":"","context":"In &quot;Deutsch&quot;","block_context":{"text":"Deutsch","link":"https:\/\/www.achimbrueckner.de\/dxradio\/php\/wordpress\/?cat=1"},"img":{"alt_text":"","src":"","width":0,"height":0},"classes":[]},{"id":3300,"url":"https:\/\/www.achimbrueckner.de\/dxradio\/php\/wordpress\/?p=3300","url_meta":{"origin":1061,"position":3},"title":"Bilderrundgang Ham Radio 2014 Christoph Ratzer","author":"Administrator","date":"June 29, 2014","format":false,"excerpt":"Meine Bildergalerie zur Ham Radio mit 140 Aufnahmen nun unter: http:\/\/ratzer.at\/galerien\/ham-radio-2014","rel":"","context":"In &quot;camps&quot;","block_context":{"text":"camps","link":"https:\/\/www.achimbrueckner.de\/dxradio\/php\/wordpress\/?cat=5"},"img":{"alt_text":"","src":"","width":0,"height":0},"classes":[]},{"id":23520,"url":"https:\/\/www.achimbrueckner.de\/dxradio\/php\/wordpress\/?p=23520","url_meta":{"origin":1061,"position":4},"title":"HAM RADIO 2019","author":"Administrator","date":"June 24, 2019","format":false,"excerpt":"http:\/\/ratzer.at\/galerien\/ham-radio-2019","rel":"","context":"In &quot;Deutsch&quot;","block_context":{"text":"Deutsch","link":"https:\/\/www.achimbrueckner.de\/dxradio\/php\/wordpress\/?cat=1"},"img":{"alt_text":"","src":"","width":0,"height":0},"classes":[]},{"id":18042,"url":"https:\/\/www.achimbrueckner.de\/dxradio\/php\/wordpress\/?p=18042","url_meta":{"origin":1061,"position":5},"title":"HAM RADIO 2018","author":"Administrator","date":"June 4, 2018","format":false,"excerpt":"http:\/\/ratzer.at\/galerien\/ham-radio-2018","rel":"","context":"In &quot;Deutsch&quot;","block_context":{"text":"Deutsch","link":"https:\/\/www.achimbrueckner.de\/dxradio\/php\/wordpress\/?cat=1"},"img":{"alt_text":"","src":"","width":0,"height":0},"classes":[]}],"_links":{"self":[{"href":"https:\/\/www.achimbrueckner.de\/dxradio\/php\/wordpress\/index.php?rest_route=\/wp\/v2\/posts\/1061","targetHints":{"allow":["GET"]}}],"collection":[{"href":"https:\/\/www.achimbrueckner.de\/dxradio\/php\/wordpress\/index.php?rest_route=\/wp\/v2\/posts"}],"about":[{"href":"https:\/\/www.achimbrueckner.de\/dxradio\/php\/wordpress\/index.php?rest_route=\/wp\/v2\/types\/post"}],"author":[{"embeddable":true,"href":"https:\/\/www.achimbrueckner.de\/dxradio\/php\/wordpress\/index.php?rest_route=\/wp\/v2\/users\/1"}],"replies":[{"embeddable":true,"href":"https:\/\/www.achimbrueckner.de\/dxradio\/php\/wordpress\/index.php?rest_route=%2Fwp%2Fv2%2Fcomments&post=1061"}],"version-history":[{"count":0,"href":"https:\/\/www.achimbrueckner.de\/dxradio\/php\/wordpress\/index.php?rest_route=\/wp\/v2\/posts\/1061\/revisions"}],"wp:attachment":[{"href":"https:\/\/www.achimbrueckner.de\/dxradio\/php\/wordpress\/index.php?rest_route=%2Fwp%2Fv2%2Fmedia&parent=1061"}],"wp:term":[{"taxonomy":"category","embeddable":true,"href":"https:\/\/www.achimbrueckner.de\/dxradio\/php\/wordpress\/index.php?rest_route=%2Fwp%2Fv2%2Fcategories&post=1061"},{"taxonomy":"post_tag","embeddable":true,"href":"https:\/\/www.achimbrueckner.de\/dxradio\/php\/wordpress\/index.php?rest_route=%2Fwp%2Fv2%2Ftags&post=1061"}],"curies":[{"name":"wp","href":"https:\/\/api.w.org\/{rel}","templated":true}]}}