{"id":1100,"date":"2010-08-03T11:13:31","date_gmt":"2010-08-03T11:13:31","guid":{"rendered":"https:\/\/www.achimbrueckner.de\/dxradio\/php\/wordpress\/?p=1100"},"modified":"2010-08-03T11:13:31","modified_gmt":"2010-08-03T11:13:31","slug":"doppelschlag-von-sonnenfleck-1092","status":"publish","type":"post","link":"https:\/\/www.achimbrueckner.de\/dxradio\/php\/wordpress\/?p=1100","title":{"rendered":"Doppelschlag von Sonnenfleck 1092"},"content":{"rendered":"<p>Doppelschlag von Sonnenfleck 1092<\/p>\n<p><a href=\"http:\/\/www.spiegel.de\/wissenschaft\/weltall\/0,1518,709835,00.html\">http:\/\/www.spiegel.de\/wissenschaft\/weltall\/0,1518,709835,00.html<\/a><\/p>\n<p>Info via <a href=\"http:\/\/www.ratzer.at\">A-DX<\/a><\/p>\n","protected":false},"excerpt":{"rendered":"<p>Doppelschlag von Sonnenfleck 1092 http:\/\/www.spiegel.de\/wissenschaft\/weltall\/0,1518,709835,00.html Info via A-DX<\/p>\n","protected":false},"author":1,"featured_media":0,"comment_status":"open","ping_status":"open","sticky":false,"template":"","format":"standard","meta":{"_jetpack_memberships_contains_paid_content":false,"footnotes":"","jetpack_publicize_message":"","jetpack_publicize_feature_enabled":true,"jetpack_social_post_already_shared":false,"jetpack_social_options":{"image_generator_settings":{"template":"highway","default_image_id":0,"font":"","enabled":false},"version":2}},"categories":[1],"tags":[40],"class_list":["post-1100","post","type-post","status-publish","format-standard","hentry","category-deutsch","tag-dx"],"jetpack_publicize_connections":[],"jetpack_featured_media_url":"","jetpack_sharing_enabled":true,"jetpack_shortlink":"https:\/\/wp.me\/p5CDmr-hK","jetpack-related-posts":[{"id":1092,"url":"https:\/\/www.achimbrueckner.de\/dxradio\/php\/wordpress\/?p=1092","url_meta":{"origin":1100,"position":0},"title":"BBC Monitoring faces \u00e2\u20ac\u02dcgrim\u00e2\u20ac\u2122 cuts &#8211; report","author":"Administrator","date":"July 21, 2010","format":false,"excerpt":"BBC Monitoring faces \u00e2\u20ac\u02dcgrim\u00e2\u20ac\u2122 cuts - report http:\/\/blogs.rnw.nl\/medianetwork\/bbc-monitoring-faces-grim-cuts-report","rel":"","context":"In &quot;English&quot;","block_context":{"text":"English","link":"https:\/\/www.achimbrueckner.de\/dxradio\/php\/wordpress\/?cat=2"},"img":{"alt_text":"","src":"","width":0,"height":0},"classes":[]},{"id":30793,"url":"https:\/\/www.achimbrueckner.de\/dxradio\/php\/wordpress\/?p=30793","url_meta":{"origin":1100,"position":1},"title":"DX-Pedition in den S\u00fcden von Fuerteventura","author":"Administrator","date":"November 14, 2020","format":false,"excerpt":"https:\/\/www.smartphonefan.de\/2020\/11\/14\/dx-pedition-in-den-sueden-von-fuerteventura\/","rel":"","context":"In &quot;Deutsch&quot;","block_context":{"text":"Deutsch","link":"https:\/\/www.achimbrueckner.de\/dxradio\/php\/wordpress\/?cat=1"},"img":{"alt_text":"","src":"","width":0,"height":0},"classes":[]},{"id":23409,"url":"https:\/\/www.achimbrueckner.de\/dxradio\/php\/wordpress\/?p=23409","url_meta":{"origin":1100,"position":2},"title":"DAB+-DX \u00fcber den D\u00e4chern von Ulm","author":"Administrator","date":"June 12, 2019","format":false,"excerpt":"https:\/\/www.smartphonefan.de\/2019\/06\/12\/dab-dx-ueber-den-daechern-von-ulm\/","rel":"","context":"In &quot;Deutsch&quot;","block_context":{"text":"Deutsch","link":"https:\/\/www.achimbrueckner.de\/dxradio\/php\/wordpress\/?cat=1"},"img":{"alt_text":"","src":"","width":0,"height":0},"classes":[]},{"id":12701,"url":"https:\/\/www.achimbrueckner.de\/dxradio\/php\/wordpress\/?p=12701","url_meta":{"origin":1100,"position":3},"title":"DAB Player von Andreas Gsinn","author":"Administrator","date":"March 31, 2017","format":false,"excerpt":"http:\/\/www.ukwtv.de\/cms\/radio-dx\/downloads\/281-dab-player-von-andreas-gsinn.html","rel":"","context":"In &quot;Deutsch&quot;","block_context":{"text":"Deutsch","link":"https:\/\/www.achimbrueckner.de\/dxradio\/php\/wordpress\/?cat=1"},"img":{"alt_text":"","src":"","width":0,"height":0},"classes":[]},{"id":6417,"url":"https:\/\/www.achimbrueckner.de\/dxradio\/php\/wordpress\/?p=6417","url_meta":{"origin":1100,"position":4},"title":"DX Camp Westerheversand Februar 2016","author":"Administrator","date":"November 7, 2015","format":false,"excerpt":"Hallo Liste, die Hamburger DX\u00e9r planen wieder ein DX Camp am Leuchtturm Westerheversand. Der Leuchtturm steht auf einer Warft im Wattenmeer der Halbinsel Eiderstedt in Schleswig Holstein. Auf dieser Warft, neben dem Leuchtturm, stehen zwei kleine H\u00e4user, von denen eins als Schullandheim genutzt wird. In diesem Schullandheim f\u00fchren wir unser\u2026","rel":"","context":"In &quot;camps&quot;","block_context":{"text":"camps","link":"https:\/\/www.achimbrueckner.de\/dxradio\/php\/wordpress\/?cat=5"},"img":{"alt_text":"","src":"","width":0,"height":0},"classes":[]},{"id":829,"url":"https:\/\/www.achimbrueckner.de\/dxradio\/php\/wordpress\/?p=829","url_meta":{"origin":1100,"position":5},"title":"NDB-DX f\u00fcr Dummies","author":"Administrator","date":"January 7, 2010","format":false,"excerpt":"nein, kein neues Buch aus der \"... f\u00fcr Dummies\"-Reihe. Hartmut Wolff hat sich die M\u00fche gemacht, und f\u00fcr einen Normalsterblichen die notwendigen Einstellungen von SpectrumLab f\u00fcrs NDB-DX beschrieben. SpectrumLab von Wolfgang B\u00fcscher ist wohl *das* Tool zur Analyse von Soundfiles schlechthin, und unterst\u00fctzt von Tr\u00e4gerguckern, NDB-DXern hin zu Fledermaus-Forschern restlos\u2026","rel":"","context":"In &quot;Deutsch&quot;","block_context":{"text":"Deutsch","link":"https:\/\/www.achimbrueckner.de\/dxradio\/php\/wordpress\/?cat=1"},"img":{"alt_text":"","src":"","width":0,"height":0},"classes":[]}],"_links":{"self":[{"href":"https:\/\/www.achimbrueckner.de\/dxradio\/php\/wordpress\/index.php?rest_route=\/wp\/v2\/posts\/1100","targetHints":{"allow":["GET"]}}],"collection":[{"href":"https:\/\/www.achimbrueckner.de\/dxradio\/php\/wordpress\/index.php?rest_route=\/wp\/v2\/posts"}],"about":[{"href":"https:\/\/www.achimbrueckner.de\/dxradio\/php\/wordpress\/index.php?rest_route=\/wp\/v2\/types\/post"}],"author":[{"embeddable":true,"href":"https:\/\/www.achimbrueckner.de\/dxradio\/php\/wordpress\/index.php?rest_route=\/wp\/v2\/users\/1"}],"replies":[{"embeddable":true,"href":"https:\/\/www.achimbrueckner.de\/dxradio\/php\/wordpress\/index.php?rest_route=%2Fwp%2Fv2%2Fcomments&post=1100"}],"version-history":[{"count":0,"href":"https:\/\/www.achimbrueckner.de\/dxradio\/php\/wordpress\/index.php?rest_route=\/wp\/v2\/posts\/1100\/revisions"}],"wp:attachment":[{"href":"https:\/\/www.achimbrueckner.de\/dxradio\/php\/wordpress\/index.php?rest_route=%2Fwp%2Fv2%2Fmedia&parent=1100"}],"wp:term":[{"taxonomy":"category","embeddable":true,"href":"https:\/\/www.achimbrueckner.de\/dxradio\/php\/wordpress\/index.php?rest_route=%2Fwp%2Fv2%2Fcategories&post=1100"},{"taxonomy":"post_tag","embeddable":true,"href":"https:\/\/www.achimbrueckner.de\/dxradio\/php\/wordpress\/index.php?rest_route=%2Fwp%2Fv2%2Ftags&post=1100"}],"curies":[{"name":"wp","href":"https:\/\/api.w.org\/{rel}","templated":true}]}}