{"id":11039,"date":"2016-11-16T16:23:21","date_gmt":"2016-11-16T16:23:21","guid":{"rendered":"https:\/\/www.achimbrueckner.de\/dxradio\/php\/wordpress\/?p=11039"},"modified":"2016-11-16T16:23:21","modified_gmt":"2016-11-16T16:23:21","slug":"mehr-radio-wir-beantworten-ihre-fragen-zu-dab","status":"publish","type":"post","link":"https:\/\/www.achimbrueckner.de\/dxradio\/php\/wordpress\/?p=11039","title":{"rendered":"Mehr Radio: Wir beantworten Ihre Fragen zu DAB+"},"content":{"rendered":"<p><a href=\"http:\/\/www.srf.ch\/sendungen\/treffpunkt\/mehr-radio-wir-beantworten-ihre-fragen-zu-dab-2\" target=\"_blank\">http:\/\/www.srf.ch\/sendungen\/treffpunkt\/mehr-radio-wir-beantworten-ihre-fragen-zu-dab-2<\/a><\/p>\n","protected":false},"excerpt":{"rendered":"<p>http:\/\/www.srf.ch\/sendungen\/treffpunkt\/mehr-radio-wir-beantworten-ihre-fragen-zu-dab-2<\/p>\n","protected":false},"author":1,"featured_media":0,"comment_status":"open","ping_status":"open","sticky":false,"template":"","format":"standard","meta":{"_jetpack_memberships_contains_paid_content":false,"footnotes":"","jetpack_publicize_message":"","jetpack_publicize_feature_enabled":true,"jetpack_social_post_already_shared":true,"jetpack_social_options":{"image_generator_settings":{"template":"highway","default_image_id":0,"font":"","enabled":false},"version":2}},"categories":[1],"tags":[31],"class_list":["post-11039","post","type-post","status-publish","format-standard","hentry","category-deutsch","tag-dab"],"jetpack_publicize_connections":[],"jetpack_featured_media_url":"","jetpack_sharing_enabled":true,"jetpack_shortlink":"https:\/\/wp.me\/p5CDmr-2S3","jetpack-related-posts":[{"id":23229,"url":"https:\/\/www.achimbrueckner.de\/dxradio\/php\/wordpress\/?p=23229","url_meta":{"origin":11039,"position":0},"title":"Digitales Radio startet: Die wichtigsten Fragen und Antworten zu DAB+","author":"Administrator","date":"May 25, 2019","format":false,"excerpt":"https:\/\/www.nachrichten.at\/panorama\/web\/digitales-radio-startet-die-wichtigsten-fragen-und-antworten-zu-dab;art122,3132978","rel":"","context":"In &quot;Deutsch&quot;","block_context":{"text":"Deutsch","link":"https:\/\/www.achimbrueckner.de\/dxradio\/php\/wordpress\/?cat=1"},"img":{"alt_text":"","src":"","width":0,"height":0},"classes":[]},{"id":17520,"url":"https:\/\/www.achimbrueckner.de\/dxradio\/php\/wordpress\/?p=17520","url_meta":{"origin":11039,"position":1},"title":"\u201eWir haben den einen Gedanken mehr, der im Radio zu kurz kommt!\u201c","author":"Administrator","date":"April 27, 2018","format":false,"excerpt":"http:\/\/www.radioszene.de\/121473\/fragen-wir-doch-podcast-spreeradio.html","rel":"","context":"In &quot;Deutsch&quot;","block_context":{"text":"Deutsch","link":"https:\/\/www.achimbrueckner.de\/dxradio\/php\/wordpress\/?cat=1"},"img":{"alt_text":"","src":"","width":0,"height":0},"classes":[]},{"id":38438,"url":"https:\/\/www.achimbrueckner.de\/dxradio\/php\/wordpress\/?p=38438","url_meta":{"origin":11039,"position":2},"title":"Meine Radios des Jahres 2022","author":"Administrator","date":"January 2, 2023","format":false,"excerpt":"Meine Radios des Jahres 2022 FIP aus Frankreich, das eklektische Musikprogramm, das jederzeit sehr stimmige Musik bietet - zu h\u00f6ren via http:\/\/icecast.radiofrance.fr\/fip-midfi.mp3 Couleur 3 - die (viel) bessere Alternative zu SRF3\/DRS3. Couleur 3 spielt Musik verschiedener Sparten, auch Klassik-Rock geh\u00f6rt zum regelm\u00e4ssigen Repertoire dieses in der Schweiz terrestrisch empfangbaren Programms;\u2026","rel":"","context":"In &quot;Deutsch&quot;","block_context":{"text":"Deutsch","link":"https:\/\/www.achimbrueckner.de\/dxradio\/php\/wordpress\/?cat=1"},"img":{"alt_text":"","src":"","width":0,"height":0},"classes":[]},{"id":33091,"url":"https:\/\/www.achimbrueckner.de\/dxradio\/php\/wordpress\/?p=33091","url_meta":{"origin":11039,"position":3},"title":"Milling Broadcast Services Hochwasser","author":"Administrator","date":"July 18, 2021","format":false,"excerpt":"Milling Broadcast Services Wir sind ein Unternehmen aus der Eifel. Eine Region, die momentan in den Medien traurige Bekanntheit erlangt. Vieles, was die Eifel ausmachte ist weggeschwemmt. In wenigen Stunden, in nur einer Nacht. D\u00f6rfer und St\u00e4dte bis zur Unkenntlichkeit zerst\u00f6rt. Br\u00fccken sind weg, der Zugverkehr liegt brach, Menschen m\u00fcssen\u2026","rel":"","context":"In &quot;Deutsch&quot;","block_context":{"text":"Deutsch","link":"https:\/\/www.achimbrueckner.de\/dxradio\/php\/wordpress\/?cat=1"},"img":{"alt_text":"","src":"","width":0,"height":0},"classes":[]},{"id":2217,"url":"https:\/\/www.achimbrueckner.de\/dxradio\/php\/wordpress\/?p=2217","url_meta":{"origin":11039,"position":4},"title":"DX-Antwerp Tage der offenen T\u00fcr und => Kurzwellen-Sendung","author":"Administrator","date":"April 16, 2012","format":false,"excerpt":"DX-Antwerp Tage der offenen T\u00fcr und => Kurzwellen-Sendung < = Am 19-20 Mai veranstaltet DX-Antwerp vzw nach j\u00e4hrliche Tradition seine Tage der Offenen T\u00fcr. In diesem Jahr jedoch, feiern wir auch den 30. Jahrestag des Vereins. Anl\u00e4sslich dieses Jubil\u00e4ums veranstalteten wir auch weitere Aktivit\u00e4ten. Selbstverst\u00e4ndlich haben wir unsere traditionelle Demo-Setups,\u2026","rel":"","context":"In &quot;camps&quot;","block_context":{"text":"camps","link":"https:\/\/www.achimbrueckner.de\/dxradio\/php\/wordpress\/?cat=5"},"img":{"alt_text":"","src":"","width":0,"height":0},"classes":[]},{"id":23558,"url":"https:\/\/www.achimbrueckner.de\/dxradio\/php\/wordpress\/?p=23558","url_meta":{"origin":11039,"position":5},"title":"Das Radio wird im Katastrophenfall als Informationsmittel genutzt. Wie wird das in Zukunft sein?","author":"Administrator","date":"June 29, 2019","format":false,"excerpt":"https:\/\/www.srgd.ch\/de\/aktuelles\/fokus\/fragen-und-antworten-zu-dab\/das-radio-wird-im-katastrophenfall-als-informationsmittel-genutz\/","rel":"","context":"In &quot;Deutsch&quot;","block_context":{"text":"Deutsch","link":"https:\/\/www.achimbrueckner.de\/dxradio\/php\/wordpress\/?cat=1"},"img":{"alt_text":"","src":"","width":0,"height":0},"classes":[]}],"_links":{"self":[{"href":"https:\/\/www.achimbrueckner.de\/dxradio\/php\/wordpress\/index.php?rest_route=\/wp\/v2\/posts\/11039","targetHints":{"allow":["GET"]}}],"collection":[{"href":"https:\/\/www.achimbrueckner.de\/dxradio\/php\/wordpress\/index.php?rest_route=\/wp\/v2\/posts"}],"about":[{"href":"https:\/\/www.achimbrueckner.de\/dxradio\/php\/wordpress\/index.php?rest_route=\/wp\/v2\/types\/post"}],"author":[{"embeddable":true,"href":"https:\/\/www.achimbrueckner.de\/dxradio\/php\/wordpress\/index.php?rest_route=\/wp\/v2\/users\/1"}],"replies":[{"embeddable":true,"href":"https:\/\/www.achimbrueckner.de\/dxradio\/php\/wordpress\/index.php?rest_route=%2Fwp%2Fv2%2Fcomments&post=11039"}],"version-history":[{"count":0,"href":"https:\/\/www.achimbrueckner.de\/dxradio\/php\/wordpress\/index.php?rest_route=\/wp\/v2\/posts\/11039\/revisions"}],"wp:attachment":[{"href":"https:\/\/www.achimbrueckner.de\/dxradio\/php\/wordpress\/index.php?rest_route=%2Fwp%2Fv2%2Fmedia&parent=11039"}],"wp:term":[{"taxonomy":"category","embeddable":true,"href":"https:\/\/www.achimbrueckner.de\/dxradio\/php\/wordpress\/index.php?rest_route=%2Fwp%2Fv2%2Fcategories&post=11039"},{"taxonomy":"post_tag","embeddable":true,"href":"https:\/\/www.achimbrueckner.de\/dxradio\/php\/wordpress\/index.php?rest_route=%2Fwp%2Fv2%2Ftags&post=11039"}],"curies":[{"name":"wp","href":"https:\/\/api.w.org\/{rel}","templated":true}]}}