{"id":11045,"date":"2016-11-16T19:23:14","date_gmt":"2016-11-16T19:23:14","guid":{"rendered":"https:\/\/www.achimbrueckner.de\/dxradio\/php\/wordpress\/?p=11045"},"modified":"2016-11-16T19:23:14","modified_gmt":"2016-11-16T19:23:14","slug":"radio-nrw-ubernimmt-ab-1-januar-2017-technischen-support-der-hsg-radiosender","status":"publish","type":"post","link":"https:\/\/www.achimbrueckner.de\/dxradio\/php\/wordpress\/?p=11045","title":{"rendered":"Radio NRW \u00fcbernimmt ab 1. Januar 2017 technischen Support der HSG-Radiosender"},"content":{"rendered":"<p><a href=\"https:\/\/www.infosat.de\/technik\/radio-nrw-bernimmt-ab-1-januar-2017-technischen-support-der-hsg-radiosender\" target=\"_blank\">https:\/\/www.infosat.de\/technik\/radio-nrw-bernimmt-ab-1-januar-2017-technischen-support-der-hsg-radiosender<\/a><\/p>\n","protected":false},"excerpt":{"rendered":"<p>https:\/\/www.infosat.de\/technik\/radio-nrw-bernimmt-ab-1-januar-2017-technischen-support-der-hsg-radiosender<\/p>\n","protected":false},"author":1,"featured_media":0,"comment_status":"open","ping_status":"open","sticky":false,"template":"","format":"standard","meta":{"_jetpack_memberships_contains_paid_content":false,"footnotes":"","jetpack_publicize_message":"","jetpack_publicize_feature_enabled":true,"jetpack_social_post_already_shared":true,"jetpack_social_options":{"image_generator_settings":{"template":"highway","default_image_id":0,"font":"","enabled":false},"version":2}},"categories":[1],"tags":[],"class_list":["post-11045","post","type-post","status-publish","format-standard","hentry","category-deutsch"],"jetpack_publicize_connections":[],"jetpack_featured_media_url":"","jetpack_sharing_enabled":true,"jetpack_shortlink":"https:\/\/wp.me\/p5CDmr-2S9","jetpack-related-posts":[{"id":40832,"url":"https:\/\/www.achimbrueckner.de\/dxradio\/php\/wordpress\/?p=40832","url_meta":{"origin":11045,"position":0},"title":"Ab Samstag Ein Radiosender f\u00fcr Wassenberg","author":"Administrator","date":"January 21, 2024","format":false,"excerpt":"https:\/\/rp-online.de\/nrw\/staedte\/wassenberg\/novum-fm-ein-radiosender-fuer-wassenberg_aid-105151603","rel":"","context":"In &quot;Deutsch&quot;","block_context":{"text":"Deutsch","link":"https:\/\/www.achimbrueckner.de\/dxradio\/php\/wordpress\/?cat=1"},"img":{"alt_text":"","src":"","width":0,"height":0},"classes":[]},{"id":1903,"url":"https:\/\/www.achimbrueckner.de\/dxradio\/php\/wordpress\/?p=1903","url_meta":{"origin":11045,"position":1},"title":"1. Winter DX-Camp Radiofreunde NRW","author":"Administrator","date":"November 8, 2011","format":false,"excerpt":"Hallo, im Januar 2012, genauer vom Mittwoch, dem 25. Januar bis zum Sonntag, dem 29. Januar 2012 findet das 1. Winter-DX-Camp der Radiofreunde NRW statt. Dort finden sich bis zu 10 DXer zum gemeisamen H\u00f6ren, Fachsimpeln und zum gem\u00fctlichen Beisammensein zusammen. Der Veranstaltungsort ist bereits bekannt und bew\u00e4hrt, zum ersten\u2026","rel":"","context":"In &quot;camps&quot;","block_context":{"text":"camps","link":"https:\/\/www.achimbrueckner.de\/dxradio\/php\/wordpress\/?cat=5"},"img":{"alt_text":"","src":"","width":0,"height":0},"classes":[]},{"id":40620,"url":"https:\/\/www.achimbrueckner.de\/dxradio\/php\/wordpress\/?p=40620","url_meta":{"origin":11045,"position":2},"title":"DAB+ NRW: Ausschreibung f\u00fcr regionale Muxe ab Januar","author":"Administrator","date":"December 11, 2023","format":false,"excerpt":"https:\/\/www.teltarif.de\/dab-plus-nrw-ausschreibung\/news\/93973.html","rel":"","context":"In &quot;Deutsch&quot;","block_context":{"text":"Deutsch","link":"https:\/\/www.achimbrueckner.de\/dxradio\/php\/wordpress\/?cat=1"},"img":{"alt_text":"","src":"","width":0,"height":0},"classes":[]},{"id":25763,"url":"https:\/\/www.achimbrueckner.de\/dxradio\/php\/wordpress\/?p=25763","url_meta":{"origin":11045,"position":3},"title":"Radiosender verloste zu viele Tickets : Nico-Santos-Fans sind sauer \u2013 sie kamen nicht in die &#8230;","author":"Administrator","date":"November 14, 2019","format":false,"excerpt":"https:\/\/rp-online.de\/nrw\/staedte\/duesseldorf\/duesseldorf-nico-santos-konzert-in-nachtresidenz-radio-energy-verloste-zu-viele-tickets_aid-47160781","rel":"","context":"In &quot;Deutsch&quot;","block_context":{"text":"Deutsch","link":"https:\/\/www.achimbrueckner.de\/dxradio\/php\/wordpress\/?cat=1"},"img":{"alt_text":"","src":"","width":0,"height":0},"classes":[]},{"id":26453,"url":"https:\/\/www.achimbrueckner.de\/dxradio\/php\/wordpress\/?p=26453","url_meta":{"origin":11045,"position":4},"title":"Radiofreunde Wintercamp 2020 Besuchertag","author":"Administrator","date":"December 30, 2019","format":false,"excerpt":"Die Radiofreunde NRW laden w\u00e4hrend ihres Wintercamps 2020 wieder zum traditionellen Besuchertag ein am Samstag, den 18. Januar 2020 ab 13:30 Uhr im Naturfreundehaus Holzerbachtal, Eipa\u00dfstr. 25 b in 42719 Solingen. Rundfunkfreunde, SWL, Funkamateure und Technikinteressierte treffen sich zu Gespr\u00e4ch & Austausch rund um die HF-Technik. Der neue HF-Signalverteiler \u201eJK-1000\u201c\u2026","rel":"","context":"In &quot;camps&quot;","block_context":{"text":"camps","link":"https:\/\/www.achimbrueckner.de\/dxradio\/php\/wordpress\/?cat=5"},"img":{"alt_text":"","src":"","width":0,"height":0},"classes":[]},{"id":44793,"url":"https:\/\/www.achimbrueckner.de\/dxradio\/php\/wordpress\/?p=44793","url_meta":{"origin":11045,"position":5},"title":"NRW-Lokalradios starten am 12. Januar Urlaubscountdown-Gewinnspiel","author":"Administrator","date":"January 12, 2026","format":false,"excerpt":"https:\/\/www.radioszene.de\/209302\/urlaubscountdown-nrw-radio.html","rel":"","context":"In &quot;Deutsch&quot;","block_context":{"text":"Deutsch","link":"https:\/\/www.achimbrueckner.de\/dxradio\/php\/wordpress\/?cat=1"},"img":{"alt_text":"","src":"","width":0,"height":0},"classes":[]}],"_links":{"self":[{"href":"https:\/\/www.achimbrueckner.de\/dxradio\/php\/wordpress\/index.php?rest_route=\/wp\/v2\/posts\/11045","targetHints":{"allow":["GET"]}}],"collection":[{"href":"https:\/\/www.achimbrueckner.de\/dxradio\/php\/wordpress\/index.php?rest_route=\/wp\/v2\/posts"}],"about":[{"href":"https:\/\/www.achimbrueckner.de\/dxradio\/php\/wordpress\/index.php?rest_route=\/wp\/v2\/types\/post"}],"author":[{"embeddable":true,"href":"https:\/\/www.achimbrueckner.de\/dxradio\/php\/wordpress\/index.php?rest_route=\/wp\/v2\/users\/1"}],"replies":[{"embeddable":true,"href":"https:\/\/www.achimbrueckner.de\/dxradio\/php\/wordpress\/index.php?rest_route=%2Fwp%2Fv2%2Fcomments&post=11045"}],"version-history":[{"count":0,"href":"https:\/\/www.achimbrueckner.de\/dxradio\/php\/wordpress\/index.php?rest_route=\/wp\/v2\/posts\/11045\/revisions"}],"wp:attachment":[{"href":"https:\/\/www.achimbrueckner.de\/dxradio\/php\/wordpress\/index.php?rest_route=%2Fwp%2Fv2%2Fmedia&parent=11045"}],"wp:term":[{"taxonomy":"category","embeddable":true,"href":"https:\/\/www.achimbrueckner.de\/dxradio\/php\/wordpress\/index.php?rest_route=%2Fwp%2Fv2%2Fcategories&post=11045"},{"taxonomy":"post_tag","embeddable":true,"href":"https:\/\/www.achimbrueckner.de\/dxradio\/php\/wordpress\/index.php?rest_route=%2Fwp%2Fv2%2Ftags&post=11045"}],"curies":[{"name":"wp","href":"https:\/\/api.w.org\/{rel}","templated":true}]}}