{"id":1120,"date":"2010-08-23T21:17:16","date_gmt":"2010-08-23T21:17:16","guid":{"rendered":"https:\/\/www.achimbrueckner.de\/dxradio\/php\/wordpress\/?p=1120"},"modified":"2010-08-23T21:17:16","modified_gmt":"2010-08-23T21:17:16","slug":"cvc-sendestation-calera-de-tango","status":"publish","type":"post","link":"https:\/\/www.achimbrueckner.de\/dxradio\/php\/wordpress\/?p=1120","title":{"rendered":"CVC Sendestation Calera de Tango"},"content":{"rendered":"<p>Wer mal einen Blick auf&#8217;s Antennenfeld, in die Senderhalle und in den<br \/>\nQSL-Report-Ordner der CVC-Station in Calera de Tango werfen m\u00f6chte, der klickt auf:<\/p>\n<p><a href=\"http:\/\/www.youtube.com\/watch?v=6O29XVkKEPY\">http:\/\/www.youtube.com\/watch?v=6O29XVkKEPY<\/a><\/p>\n<p>Info via <a href=\"http:\/\/www.ratzer.at\">A-DX<\/a><\/p>\n","protected":false},"excerpt":{"rendered":"<p>Wer mal einen Blick auf&#8217;s Antennenfeld, in die Senderhalle und in den QSL-Report-Ordner der CVC-Station in Calera de Tango werfen m\u00f6chte, der klickt auf: http:\/\/www.youtube.com\/watch?v=6O29XVkKEPY Info via A-DX<\/p>\n","protected":false},"author":1,"featured_media":0,"comment_status":"open","ping_status":"open","sticky":false,"template":"","format":"standard","meta":{"_jetpack_memberships_contains_paid_content":false,"footnotes":"","jetpack_publicize_message":"","jetpack_publicize_feature_enabled":true,"jetpack_social_post_already_shared":false,"jetpack_social_options":{"image_generator_settings":{"template":"highway","default_image_id":0,"font":"","enabled":false},"version":2}},"categories":[1],"tags":[40,30],"class_list":["post-1120","post","type-post","status-publish","format-standard","hentry","category-deutsch","tag-dx","tag-qsl"],"jetpack_publicize_connections":[],"jetpack_featured_media_url":"","jetpack_sharing_enabled":true,"jetpack_shortlink":"https:\/\/wp.me\/p5CDmr-i4","jetpack-related-posts":[{"id":2382,"url":"https:\/\/www.achimbrueckner.de\/dxradio\/php\/wordpress\/?p=2382","url_meta":{"origin":1120,"position":0},"title":"CVC Chile","author":"Administrator","date":"February 2, 2013","format":false,"excerpt":"Gerade bin ich \u00fcber ein Bild von der Zerlegung der Sendestation von CVC in Chile gestolpert. Vielleicht einen kleinen Blick wert: http:\/\/lagalenadelsur.files.wordpress.com\/2012\/08\/cvccaleradet_16_nov_2012.jpg Webseite dazu: http:\/\/lagalenadelsur.wordpress.com\/2012\/08\/05\/chile-visita-al-centro-emisor -de-calera-de-tango-cvc-la-voz\/ Info via A-DX","rel":"","context":"In &quot;Deutsch&quot;","block_context":{"text":"Deutsch","link":"https:\/\/www.achimbrueckner.de\/dxradio\/php\/wordpress\/?cat=1"},"img":{"alt_text":"","src":"","width":0,"height":0},"classes":[]},{"id":520,"url":"https:\/\/www.achimbrueckner.de\/dxradio\/php\/wordpress\/?p=520","url_meta":{"origin":1120,"position":1},"title":"HCJB via CVC Chile","author":"Administrator","date":"September 4, 2009","format":false,"excerpt":"In den kommenden Woche wird es einige Testsendungen f\u00fcr den portugisischen und deutschen Dienst von Radio HCJB \u00fcber die Sendeanlagen von CVC in Chile geben. Das Zielgebiet ist S\u00fcdamerika bzw der Norden Brasiliens. Wer es hier in Deutschland auch mal probieren m\u00f6chte: 07. - 11.09.2009: 2300-2400 UTC, 9865kHz 0000-0100 UTC,\u2026","rel":"","context":"In &quot;Deutsch&quot;","block_context":{"text":"Deutsch","link":"https:\/\/www.achimbrueckner.de\/dxradio\/php\/wordpress\/?cat=1"},"img":{"alt_text":"","src":"","width":0,"height":0},"classes":[]},{"id":3264,"url":"https:\/\/www.achimbrueckner.de\/dxradio\/php\/wordpress\/?p=3264","url_meta":{"origin":1120,"position":2},"title":"Centro emisor de ondas cortas de Calera de Tango","author":"Administrator","date":"June 15, 2014","format":false,"excerpt":"https:\/\/www.youtube.com\/watch?v=PE1VDnhRWP0","rel":"","context":"In &quot;English&quot;","block_context":{"text":"English","link":"https:\/\/www.achimbrueckner.de\/dxradio\/php\/wordpress\/?cat=2"},"img":{"alt_text":"","src":"","width":0,"height":0},"classes":[]},{"id":854,"url":"https:\/\/www.achimbrueckner.de\/dxradio\/php\/wordpress\/?p=854","url_meta":{"origin":1120,"position":3},"title":"CVC Australien","author":"Administrator","date":"January 20, 2010","format":false,"excerpt":"CVC beendet die Ausstahlungen aus Australien zum 31. Januar 2010. Info via A-DX","rel":"","context":"In &quot;Deutsch&quot;","block_context":{"text":"Deutsch","link":"https:\/\/www.achimbrueckner.de\/dxradio\/php\/wordpress\/?cat=1"},"img":{"alt_text":"","src":"","width":0,"height":0},"classes":[]},{"id":856,"url":"https:\/\/www.achimbrueckner.de\/dxradio\/php\/wordpress\/?p=856","url_meta":{"origin":1120,"position":4},"title":"Empfangsvideos","author":"Administrator","date":"January 20, 2010","format":false,"excerpt":"Empfangsvideos von CVC und Odiestar Radio gibt es auf Youtube: http:\/\/www.youtube.com\/MrKrano Info via A-DX","rel":"","context":"In &quot;Empfang&quot;","block_context":{"text":"Empfang","link":"https:\/\/www.achimbrueckner.de\/dxradio\/php\/wordpress\/?cat=3"},"img":{"alt_text":"","src":"","width":0,"height":0},"classes":[]},{"id":6319,"url":"https:\/\/www.achimbrueckner.de\/dxradio\/php\/wordpress\/?p=6319","url_meta":{"origin":1120,"position":5},"title":"RMRC QSL Kalender 2016","author":"Administrator","date":"October 27, 2015","format":false,"excerpt":"Hallo DX-Freunde und QSL-Sammler der neue QSL-Kalender 2016 ist aus der Druckerei gekommen und steht zum Versand bereit. Wer also einen haben m\u00f6chte, bitte Bestellung \u00fcber die Homepage www.rmrc.de oder eine mail an den RMRC oder an mich, der Preis wie in den vergangenen Jahren 15 Euro incl. Porto in\u2026","rel":"","context":"In &quot;Deutsch&quot;","block_context":{"text":"Deutsch","link":"https:\/\/www.achimbrueckner.de\/dxradio\/php\/wordpress\/?cat=1"},"img":{"alt_text":"","src":"","width":0,"height":0},"classes":[]}],"_links":{"self":[{"href":"https:\/\/www.achimbrueckner.de\/dxradio\/php\/wordpress\/index.php?rest_route=\/wp\/v2\/posts\/1120","targetHints":{"allow":["GET"]}}],"collection":[{"href":"https:\/\/www.achimbrueckner.de\/dxradio\/php\/wordpress\/index.php?rest_route=\/wp\/v2\/posts"}],"about":[{"href":"https:\/\/www.achimbrueckner.de\/dxradio\/php\/wordpress\/index.php?rest_route=\/wp\/v2\/types\/post"}],"author":[{"embeddable":true,"href":"https:\/\/www.achimbrueckner.de\/dxradio\/php\/wordpress\/index.php?rest_route=\/wp\/v2\/users\/1"}],"replies":[{"embeddable":true,"href":"https:\/\/www.achimbrueckner.de\/dxradio\/php\/wordpress\/index.php?rest_route=%2Fwp%2Fv2%2Fcomments&post=1120"}],"version-history":[{"count":0,"href":"https:\/\/www.achimbrueckner.de\/dxradio\/php\/wordpress\/index.php?rest_route=\/wp\/v2\/posts\/1120\/revisions"}],"wp:attachment":[{"href":"https:\/\/www.achimbrueckner.de\/dxradio\/php\/wordpress\/index.php?rest_route=%2Fwp%2Fv2%2Fmedia&parent=1120"}],"wp:term":[{"taxonomy":"category","embeddable":true,"href":"https:\/\/www.achimbrueckner.de\/dxradio\/php\/wordpress\/index.php?rest_route=%2Fwp%2Fv2%2Fcategories&post=1120"},{"taxonomy":"post_tag","embeddable":true,"href":"https:\/\/www.achimbrueckner.de\/dxradio\/php\/wordpress\/index.php?rest_route=%2Fwp%2Fv2%2Ftags&post=1120"}],"curies":[{"name":"wp","href":"https:\/\/api.w.org\/{rel}","templated":true}]}}