{"id":1127,"date":"2010-09-01T15:28:21","date_gmt":"2010-09-01T15:28:21","guid":{"rendered":"https:\/\/www.achimbrueckner.de\/dxradio\/php\/wordpress\/?p=1127"},"modified":"2010-09-01T15:28:21","modified_gmt":"2010-09-01T15:28:21","slug":"deutschlandrk-mittwoch-22-september-2010","status":"publish","type":"post","link":"https:\/\/www.achimbrueckner.de\/dxradio\/php\/wordpress\/?p=1127","title":{"rendered":"DeutschlandRK Mittwoch, 22. September 2010"},"content":{"rendered":"<p>DeutschlandradioKultur<br \/>\n22.09.2010<br \/>\n0005Uhr MESZ<br \/>\nHier spricht dein liebster Feind<\/p>\n<p>Von Robert Weber und Falko Hennig<br \/>\nAutorenproduktion 2009\/26&#8217;04<br \/>\n&#8220;Station D.E.B.U.N.K.T.&#8221;, &#8220;Gerrys Front&#8221;, &#8220;Gustav Siegfried Eins&#8221; oder<br \/>\n&#8220;Radio Humanit\u00c3\u00a9&#8221; &#8211; im Zweiten Weltkrieg wurde erstmals ein Krieg im \u00c4ther gef\u00fchrt.<\/p>\n<p>Ein Milit\u00e4rhistoriker, ein Ohrenzeuge und alte Mitschnitte der Geheimsender erz\u00e4hlen davon.<\/p>\n<p>und danach<br \/>\nDer Laubfrosch hat die Farbe gewechselt<br \/>\nVon Angelika Perl und Peter Kainz<br \/>\nDeutschlandRadio Berlin 2000\/27&#8217;42<br \/>\nNach 1945 geht der Krieg im \u00c4ther weiter. Als die KPD 1956 in der<br \/>\nBundesrepublik verboten wird, beginnt im August der &#8220;Deutsche<br \/>\nFreiheitssender 904&#8221; von einem geheimen Ort in Ost-Berlin aus zu senden. Der Sender Calais diente Chefredakteur Heinz Priess zur Orientierung<\/p>\n<p>Info via <a href=\"http:\/\/www.ratzer.at\">A-DX<\/a><\/p>\n","protected":false},"excerpt":{"rendered":"<p>DeutschlandradioKultur 22.09.2010 0005Uhr MESZ Hier spricht dein liebster Feind Von Robert Weber und Falko Hennig Autorenproduktion 2009\/26&#8217;04 &#8220;Station D.E.B.U.N.K.T.&#8221;, &#8220;Gerrys Front&#8221;, &#8220;Gustav Siegfried Eins&#8221; oder &#8220;Radio Humanit\u00c3\u00a9&#8221; &#8211; im Zweiten Weltkrieg wurde erstmals ein Krieg im \u00c4ther gef\u00fchrt. Ein Milit\u00e4rhistoriker, ein Ohrenzeuge und alte Mitschnitte der Geheimsender erz\u00e4hlen davon. und danach Der Laubfrosch hat die &hellip; <a href=\"https:\/\/www.achimbrueckner.de\/dxradio\/php\/wordpress\/?p=1127\" class=\"more-link\">Continue reading <span class=\"screen-reader-text\">DeutschlandRK Mittwoch, 22. September 2010<\/span><\/a><\/p>\n","protected":false},"author":1,"featured_media":0,"comment_status":"open","ping_status":"open","sticky":false,"template":"","format":"standard","meta":{"_jetpack_memberships_contains_paid_content":false,"footnotes":"","jetpack_publicize_message":"","jetpack_publicize_feature_enabled":true,"jetpack_social_post_already_shared":false,"jetpack_social_options":{"image_generator_settings":{"template":"highway","default_image_id":0,"font":"","enabled":false},"version":2}},"categories":[1],"tags":[40],"class_list":["post-1127","post","type-post","status-publish","format-standard","hentry","category-deutsch","tag-dx"],"jetpack_publicize_connections":[],"jetpack_featured_media_url":"","jetpack_sharing_enabled":true,"jetpack_shortlink":"https:\/\/wp.me\/p5CDmr-ib","jetpack-related-posts":[{"id":1149,"url":"https:\/\/www.achimbrueckner.de\/dxradio\/php\/wordpress\/?p=1149","url_meta":{"origin":1127,"position":0},"title":"H\u00f6rspiel \/ Feature Tipp: Hier spricht Dein liebster Feind","author":"Administrator","date":"September 18, 2010","format":false,"excerpt":"Deutschlandradio Kultur, 22.09.2010 um 00:05 MESZ Hier spricht dein liebster Feind Und: Der Laubfrosch hat die Farbe gewechselt Von Robert Weber und Falko Hennig \"Station D.E.B.U.N.K.T.\", \"Gerrys Front\", \"Gustav Siegfried Eins\" oder \"Radio Humanit\u00c3\u00a9\" - im II. Weltkrieg wurde erstmals ein Krieg im \u00c4ther gef\u00fchrt. Ein Milit\u00e4rhistoriker, ein Ohrenzeuge und\u2026","rel":"","context":"In &quot;Deutsch&quot;","block_context":{"text":"Deutsch","link":"https:\/\/www.achimbrueckner.de\/dxradio\/php\/wordpress\/?cat=1"},"img":{"alt_text":"","src":"","width":0,"height":0},"classes":[]},{"id":8684,"url":"https:\/\/www.achimbrueckner.de\/dxradio\/php\/wordpress\/?p=8684","url_meta":{"origin":1127,"position":1},"title":"DLR Kultur Feature Geheimes Radio im Kalten Krieg","author":"Administrator","date":"July 1, 2016","format":false,"excerpt":"MI 17.August2016 0.05 Uhr MESZ DLR Kultur Feature Geheimes Radio im Kalten Krieg Produktion: DLR Berlin 2000 \u200bAls vor 60 Jahren, am 17.August 1956, die KPD in der Bundesrepublik Deutschland verboten wurde, ging der \"Deutsche Freiheitssender 904\" von einem geheimen Ort in Ost- Berlin auf Sendung. Seine Durchsagen gaben immer\u2026","rel":"","context":"In &quot;Deutsch&quot;","block_context":{"text":"Deutsch","link":"https:\/\/www.achimbrueckner.de\/dxradio\/php\/wordpress\/?cat=1"},"img":{"alt_text":"","src":"","width":0,"height":0},"classes":[]},{"id":1135,"url":"https:\/\/www.achimbrueckner.de\/dxradio\/php\/wordpress\/?p=1135","url_meta":{"origin":1127,"position":2},"title":"DARC Tag der offenen T\u00fcr","author":"Administrator","date":"September 9, 2010","format":false,"excerpt":"18. September: Kommen Sie zum Tag der offenen T\u00fcr nach Baunatal! ---------------------------------------------------------------- Am Samstag, dem 18. September, ab 10 Uhr sind alle Mitglieder und Freunde des DARC e.V. eingeladen, das Amateurfunkzentrum in Baunatal zu besuchen. Gemeinsam mit Ihnen feiern wir das 60-j\u00e4hrige Bestehen des Bundesverbandes. Der Tag bietet Gelegenheit, die\u2026","rel":"","context":"In &quot;camps&quot;","block_context":{"text":"camps","link":"https:\/\/www.achimbrueckner.de\/dxradio\/php\/wordpress\/?cat=5"},"img":{"alt_text":"","src":"","width":0,"height":0},"classes":[]},{"id":719,"url":"https:\/\/www.achimbrueckner.de\/dxradio\/php\/wordpress\/?p=719","url_meta":{"origin":1127,"position":3},"title":"US-Army-Propagandasenders 1212","author":"Administrator","date":"November 26, 2009","format":false,"excerpt":"Der Sendebeginn des US-Army-Propagandasenders 1212 - 6. Dezember 1944 Sonntag, 6. Dezember 2009: 9.05 - 9.20 Uhr, ZeitZeichen, WDR 5 Wiederholung: 6. Dezember, ab 17.45 Uhr, WDR 3 Auch im \u00c4ther fand der Zweite Weltkrieg statt: Der Rundfunkpropaganda der Nationalsozialisten standen zwischen 1933 und 1945 insgesamt 130 von Nazigegnern betriebene\u2026","rel":"","context":"In &quot;Deutsch&quot;","block_context":{"text":"Deutsch","link":"https:\/\/www.achimbrueckner.de\/dxradio\/php\/wordpress\/?cat=1"},"img":{"alt_text":"","src":"","width":0,"height":0},"classes":[]},{"id":2347,"url":"https:\/\/www.achimbrueckner.de\/dxradio\/php\/wordpress\/?p=2347","url_meta":{"origin":1127,"position":4},"title":"DX-Camp der Berliner Empfangsamateure 2013","author":"Administrator","date":"December 10, 2012","format":false,"excerpt":"DX-Camp der Berliner Empfangsamateure 2013. Das n\u00e4chste DX-Camp der der Berliner Empfangsamateure findet vom 10. - 13. Oktober 2013 im Naturfreundehaus in\u00dcdersee\/Finowfurt in der N\u00e4he von Berlin statt. Der Preis f\u00fcr jeweils Vollpension betr\u00e4gt im Einzelzimmer 50,-\u00e2\u201a\u00ac im Doppelzimmer 45,-\u00e2\u201a\u00ac pro Tag und Person. Anmeldungen werden bis Ende Dezember ben\u00f6tigt\u2026","rel":"","context":"In &quot;camps&quot;","block_context":{"text":"camps","link":"https:\/\/www.achimbrueckner.de\/dxradio\/php\/wordpress\/?cat=5"},"img":{"alt_text":"","src":"","width":0,"height":0},"classes":[]},{"id":33219,"url":"https:\/\/www.achimbrueckner.de\/dxradio\/php\/wordpress\/?p=33219","url_meta":{"origin":1127,"position":5},"title":"Radio Andorra 7- August 2021 17-20 Utc 6180 Khz","author":"Administrator","date":"August 2, 2021","format":false,"excerpt":"Nach der Flut ist vor der Sendung. Zum 82. Geburtstag des Senders \"Radio Andorra\" haben wir zusammen mit dem Arxiu Nacional d'Andorra eine Sendung aus Sommer 1979 restauriert und wieder sendbar gemacht. Radioh\u00f6ren, wie vor 42 Jahren - am 07. August 2021. Hier unsere Pressemitteilung: \u201cF\u00fcr viele Radioh\u00f6rer in Europa\u2026","rel":"","context":"In &quot;Deutsch&quot;","block_context":{"text":"Deutsch","link":"https:\/\/www.achimbrueckner.de\/dxradio\/php\/wordpress\/?cat=1"},"img":{"alt_text":"","src":"","width":0,"height":0},"classes":[]}],"_links":{"self":[{"href":"https:\/\/www.achimbrueckner.de\/dxradio\/php\/wordpress\/index.php?rest_route=\/wp\/v2\/posts\/1127","targetHints":{"allow":["GET"]}}],"collection":[{"href":"https:\/\/www.achimbrueckner.de\/dxradio\/php\/wordpress\/index.php?rest_route=\/wp\/v2\/posts"}],"about":[{"href":"https:\/\/www.achimbrueckner.de\/dxradio\/php\/wordpress\/index.php?rest_route=\/wp\/v2\/types\/post"}],"author":[{"embeddable":true,"href":"https:\/\/www.achimbrueckner.de\/dxradio\/php\/wordpress\/index.php?rest_route=\/wp\/v2\/users\/1"}],"replies":[{"embeddable":true,"href":"https:\/\/www.achimbrueckner.de\/dxradio\/php\/wordpress\/index.php?rest_route=%2Fwp%2Fv2%2Fcomments&post=1127"}],"version-history":[{"count":0,"href":"https:\/\/www.achimbrueckner.de\/dxradio\/php\/wordpress\/index.php?rest_route=\/wp\/v2\/posts\/1127\/revisions"}],"wp:attachment":[{"href":"https:\/\/www.achimbrueckner.de\/dxradio\/php\/wordpress\/index.php?rest_route=%2Fwp%2Fv2%2Fmedia&parent=1127"}],"wp:term":[{"taxonomy":"category","embeddable":true,"href":"https:\/\/www.achimbrueckner.de\/dxradio\/php\/wordpress\/index.php?rest_route=%2Fwp%2Fv2%2Fcategories&post=1127"},{"taxonomy":"post_tag","embeddable":true,"href":"https:\/\/www.achimbrueckner.de\/dxradio\/php\/wordpress\/index.php?rest_route=%2Fwp%2Fv2%2Ftags&post=1127"}],"curies":[{"name":"wp","href":"https:\/\/api.w.org\/{rel}","templated":true}]}}