{"id":11289,"date":"2016-12-07T17:52:16","date_gmt":"2016-12-07T17:52:16","guid":{"rendered":"https:\/\/www.achimbrueckner.de\/dxradio\/php\/wordpress\/?p=11289"},"modified":"2016-12-07T17:52:16","modified_gmt":"2016-12-07T17:52:16","slug":"ulo8-und-seine-besondere-funker-freundschaft-im-ather","status":"publish","type":"post","link":"https:\/\/www.achimbrueckner.de\/dxradio\/php\/wordpress\/?p=11289","title":{"rendered":"&#8220;ULO8&#8221; und seine besondere Funker-Freundschaft im \u00c4ther"},"content":{"rendered":"<p><a href=\"http:\/\/www.freiepresse.de\/LOKALES\/VOGTLAND\/OBERES-VOGTLAND\/ULO8-und-seine-besondere-Funker-Freundschaft-im-Aether-artikel9703190.php\" target=\"_blank\">http:\/\/www.freiepresse.de\/LOKALES\/VOGTLAND\/OBERES-VOGTLAND\/ULO8-und-seine-besondere-Funker-Freundschaft-im-Aether-artikel9703190.php<\/a><\/p>\n","protected":false},"excerpt":{"rendered":"<p>http:\/\/www.freiepresse.de\/LOKALES\/VOGTLAND\/OBERES-VOGTLAND\/ULO8-und-seine-besondere-Funker-Freundschaft-im-Aether-artikel9703190.php<\/p>\n","protected":false},"author":1,"featured_media":0,"comment_status":"open","ping_status":"open","sticky":false,"template":"","format":"standard","meta":{"_jetpack_memberships_contains_paid_content":false,"footnotes":"","jetpack_publicize_message":"","jetpack_publicize_feature_enabled":true,"jetpack_social_post_already_shared":true,"jetpack_social_options":{"image_generator_settings":{"template":"highway","default_image_id":0,"font":"","enabled":false},"version":2}},"categories":[1],"tags":[],"class_list":["post-11289","post","type-post","status-publish","format-standard","hentry","category-deutsch"],"jetpack_publicize_connections":[],"jetpack_featured_media_url":"","jetpack_sharing_enabled":true,"jetpack_shortlink":"https:\/\/wp.me\/p5CDmr-2W5","jetpack-related-posts":[{"id":8255,"url":"https:\/\/www.achimbrueckner.de\/dxradio\/php\/wordpress\/?p=8255","url_meta":{"origin":11289,"position":0},"title":"Avallon und Cochem in Freundschaft verbunden: Zum St\u00e4dtejubil\u00e4um funkt es \u00fcber Grenzen hinweg","author":"Administrator","date":"May 9, 2016","format":false,"excerpt":"http:\/\/www.rhein-zeitung.de\/region\/lokales\/mittelmosel_artikel,-Avallon-und-Cochem-in-Freundschaft-verbunden-Zum-Staedtejubilaeum-funkt-es-ueber-Grenzen-hinweg-_arid,1482721.html","rel":"","context":"In &quot;Deutsch&quot;","block_context":{"text":"Deutsch","link":"https:\/\/www.achimbrueckner.de\/dxradio\/php\/wordpress\/?cat=1"},"img":{"alt_text":"","src":"","width":0,"height":0},"classes":[]},{"id":18525,"url":"https:\/\/www.achimbrueckner.de\/dxradio\/php\/wordpress\/?p=18525","url_meta":{"origin":11289,"position":1},"title":"Rundfunk Auf die Freundschaft","author":"Administrator","date":"July 18, 2018","format":false,"excerpt":"https:\/\/www.sueddeutsche.de\/medien\/rundfunk-auf-die-freundschaft-1.4058213?reduced=true","rel":"","context":"In &quot;Deutsch&quot;","block_context":{"text":"Deutsch","link":"https:\/\/www.achimbrueckner.de\/dxradio\/php\/wordpress\/?cat=1"},"img":{"alt_text":"","src":"","width":0,"height":0},"classes":[]},{"id":32065,"url":"https:\/\/www.achimbrueckner.de\/dxradio\/php\/wordpress\/?p=32065","url_meta":{"origin":11289,"position":2},"title":"Rechtsextreme Funker im DARC?","author":"Administrator","date":"February 23, 2021","format":false,"excerpt":"https:\/\/freiesradio-nms.de\/2020\/rechtsextreme-funker-im-darc\/","rel":"","context":"In &quot;Deutsch&quot;","block_context":{"text":"Deutsch","link":"https:\/\/www.achimbrueckner.de\/dxradio\/php\/wordpress\/?cat=1"},"img":{"alt_text":"","src":"","width":0,"height":0},"classes":[]},{"id":28785,"url":"https:\/\/www.achimbrueckner.de\/dxradio\/php\/wordpress\/?p=28785","url_meta":{"origin":11289,"position":3},"title":"Funker siegen im Distrikt","author":"Administrator","date":"May 23, 2020","format":false,"excerpt":"https:\/\/www.donaukurier.de\/lokales\/schrobenhausen\/Funker-siegen-im-Distrikt;art603,4583101","rel":"","context":"In &quot;Deutsch&quot;","block_context":{"text":"Deutsch","link":"https:\/\/www.achimbrueckner.de\/dxradio\/php\/wordpress\/?cat=1"},"img":{"alt_text":"","src":"","width":0,"height":0},"classes":[]},{"id":28797,"url":"https:\/\/www.achimbrueckner.de\/dxradio\/php\/wordpress\/?p=28797","url_meta":{"origin":11289,"position":4},"title":"Funker siegen im Distrikt","author":"Administrator","date":"May 24, 2020","format":false,"excerpt":"https:\/\/www.donaukurier.de\/lokales\/schrobenhausen\/Funker-siegen-im-Distrikt;art603,4583101","rel":"","context":"In &quot;Deutsch&quot;","block_context":{"text":"Deutsch","link":"https:\/\/www.achimbrueckner.de\/dxradio\/php\/wordpress\/?cat=1"},"img":{"alt_text":"","src":"","width":0,"height":0},"classes":[]},{"id":14266,"url":"https:\/\/www.achimbrueckner.de\/dxradio\/php\/wordpress\/?p=14266","url_meta":{"origin":11289,"position":5},"title":"Funker treffen sich im Wald","author":"Administrator","date":"August 23, 2017","format":false,"excerpt":"https:\/\/www.freiepresse.de\/LOKALES\/ZWICKAU\/WERDAU\/Funker-treffen-sich-im-Wald-artikel9982203.php","rel":"","context":"In &quot;Deutsch&quot;","block_context":{"text":"Deutsch","link":"https:\/\/www.achimbrueckner.de\/dxradio\/php\/wordpress\/?cat=1"},"img":{"alt_text":"","src":"","width":0,"height":0},"classes":[]}],"_links":{"self":[{"href":"https:\/\/www.achimbrueckner.de\/dxradio\/php\/wordpress\/index.php?rest_route=\/wp\/v2\/posts\/11289","targetHints":{"allow":["GET"]}}],"collection":[{"href":"https:\/\/www.achimbrueckner.de\/dxradio\/php\/wordpress\/index.php?rest_route=\/wp\/v2\/posts"}],"about":[{"href":"https:\/\/www.achimbrueckner.de\/dxradio\/php\/wordpress\/index.php?rest_route=\/wp\/v2\/types\/post"}],"author":[{"embeddable":true,"href":"https:\/\/www.achimbrueckner.de\/dxradio\/php\/wordpress\/index.php?rest_route=\/wp\/v2\/users\/1"}],"replies":[{"embeddable":true,"href":"https:\/\/www.achimbrueckner.de\/dxradio\/php\/wordpress\/index.php?rest_route=%2Fwp%2Fv2%2Fcomments&post=11289"}],"version-history":[{"count":0,"href":"https:\/\/www.achimbrueckner.de\/dxradio\/php\/wordpress\/index.php?rest_route=\/wp\/v2\/posts\/11289\/revisions"}],"wp:attachment":[{"href":"https:\/\/www.achimbrueckner.de\/dxradio\/php\/wordpress\/index.php?rest_route=%2Fwp%2Fv2%2Fmedia&parent=11289"}],"wp:term":[{"taxonomy":"category","embeddable":true,"href":"https:\/\/www.achimbrueckner.de\/dxradio\/php\/wordpress\/index.php?rest_route=%2Fwp%2Fv2%2Fcategories&post=11289"},{"taxonomy":"post_tag","embeddable":true,"href":"https:\/\/www.achimbrueckner.de\/dxradio\/php\/wordpress\/index.php?rest_route=%2Fwp%2Fv2%2Ftags&post=11289"}],"curies":[{"name":"wp","href":"https:\/\/api.w.org\/{rel}","templated":true}]}}