{"id":11347,"date":"2016-12-12T17:55:44","date_gmt":"2016-12-12T17:55:44","guid":{"rendered":"https:\/\/www.achimbrueckner.de\/dxradio\/php\/wordpress\/?p=11347"},"modified":"2016-12-12T17:55:44","modified_gmt":"2016-12-12T17:55:44","slug":"lfm-verlangert-dab-pilotversuch-bis-ende-2019","status":"publish","type":"post","link":"https:\/\/www.achimbrueckner.de\/dxradio\/php\/wordpress\/?p=11347","title":{"rendered":"LfM verl\u00e4ngert DAB+-Pilotversuch bis Ende 2019"},"content":{"rendered":"<p><a href=\"https:\/\/www.infosat.de\/radio\/lfm-verl-ngert-dab-pilotversuch-bis-ende-2019\" target=\"_blank\">https:\/\/www.infosat.de\/radio\/lfm-verl-ngert-dab-pilotversuch-bis-ende-2019<\/a><\/p>\n","protected":false},"excerpt":{"rendered":"<p>https:\/\/www.infosat.de\/radio\/lfm-verl-ngert-dab-pilotversuch-bis-ende-2019<\/p>\n","protected":false},"author":1,"featured_media":0,"comment_status":"open","ping_status":"open","sticky":false,"template":"","format":"standard","meta":{"_jetpack_memberships_contains_paid_content":false,"footnotes":"","jetpack_publicize_message":"","jetpack_publicize_feature_enabled":true,"jetpack_social_post_already_shared":true,"jetpack_social_options":{"image_generator_settings":{"template":"highway","default_image_id":0,"font":"","enabled":false},"version":2}},"categories":[1],"tags":[31,28],"class_list":["post-11347","post","type-post","status-publish","format-standard","hentry","category-deutsch","tag-dab","tag-fm"],"jetpack_publicize_connections":[],"jetpack_featured_media_url":"","jetpack_sharing_enabled":true,"jetpack_shortlink":"https:\/\/wp.me\/p5CDmr-2X1","jetpack-related-posts":[{"id":9031,"url":"https:\/\/www.achimbrueckner.de\/dxradio\/php\/wordpress\/?p=9031","url_meta":{"origin":11347,"position":0},"title":"LfM-Direktor J\u00fcrgen Brautmeier fordert \u201eEnde der DAB+-Debatte\u201c","author":"Administrator","date":"August 4, 2016","format":false,"excerpt":"http:\/\/www.radioszene.de\/93741\/lfm-direktor-juergen-brautmeier-fordert-ende-der-dab-debatte.html","rel":"","context":"In &quot;Deutsch&quot;","block_context":{"text":"Deutsch","link":"https:\/\/www.achimbrueckner.de\/dxradio\/php\/wordpress\/?cat=1"},"img":{"alt_text":"","src":"","width":0,"height":0},"classes":[]},{"id":22284,"url":"https:\/\/www.achimbrueckner.de\/dxradio\/php\/wordpress\/?p=22284","url_meta":{"origin":11347,"position":1},"title":"DAB+ in NRW: LfM beantragt Zuordnung von \u00dcbertragungskapazit\u00e4ten","author":"Administrator","date":"March 21, 2019","format":false,"excerpt":"https:\/\/www.infosat.de\/radio\/dab-nrw-lfm-beantragt-zuordnung-von-bertragungskapazit-ten","rel":"","context":"In &quot;Deutsch&quot;","block_context":{"text":"Deutsch","link":"https:\/\/www.achimbrueckner.de\/dxradio\/php\/wordpress\/?cat=1"},"img":{"alt_text":"","src":"","width":0,"height":0},"classes":[]},{"id":20058,"url":"https:\/\/www.achimbrueckner.de\/dxradio\/php\/wordpress\/?p=20058","url_meta":{"origin":11347,"position":2},"title":"Gro\u00dfes Interesse an DAB+ in Nordrhein-Westfalen","author":"Administrator","date":"November 17, 2018","format":false,"excerpt":"https:\/\/www.teltarif.de\/lfm-nrw-dab-plus-radio-call-for-interest\/news\/74661.html","rel":"","context":"In &quot;Deutsch&quot;","block_context":{"text":"Deutsch","link":"https:\/\/www.achimbrueckner.de\/dxradio\/php\/wordpress\/?cat=1"},"img":{"alt_text":"","src":"","width":0,"height":0},"classes":[]},{"id":14508,"url":"https:\/\/www.achimbrueckner.de\/dxradio\/php\/wordpress\/?p=14508","url_meta":{"origin":11347,"position":3},"title":"lfm-direktor-schmid-ausbleiben-des-lokalfunks-bei-dab-ist-ein-oekonomisches-risiko","author":"Administrator","date":"September 8, 2017","format":false,"excerpt":"https:\/\/radioempfang.digital\/news\/lfm-direktor-schmid-ausbleiben-des-lokalfunks-bei-dab-ist-ein-oekonomisches-risiko\/","rel":"","context":"In &quot;Deutsch&quot;","block_context":{"text":"Deutsch","link":"https:\/\/www.achimbrueckner.de\/dxradio\/php\/wordpress\/?cat=1"},"img":{"alt_text":"","src":"","width":0,"height":0},"classes":[]},{"id":23696,"url":"https:\/\/www.achimbrueckner.de\/dxradio\/php\/wordpress\/?p=23696","url_meta":{"origin":11347,"position":4},"title":"DAB+ in Baden-W\u00fcrttemberg: LFK verl\u00e4ngert Bedarf f\u00fcr landesweiten DAB+ Multiplex bis 2026","author":"Administrator","date":"July 8, 2019","format":false,"excerpt":"https:\/\/www.dabplus.de\/2019\/07\/08\/dab-in-baden-wuerttemberg-lfk-verlaengert-bedarf-fuer-landesweiten-dab-multiplex-bis-2026\/","rel":"","context":"In &quot;Deutsch&quot;","block_context":{"text":"Deutsch","link":"https:\/\/www.achimbrueckner.de\/dxradio\/php\/wordpress\/?cat=1"},"img":{"alt_text":"","src":"","width":0,"height":0},"classes":[]},{"id":5664,"url":"https:\/\/www.achimbrueckner.de\/dxradio\/php\/wordpress\/?p=5664","url_meta":{"origin":11347,"position":5},"title":"Die LFM zu DAB+ in Nordrhein-Westfalen","author":"Administrator","date":"August 25, 2015","format":false,"excerpt":"http:\/\/www.funkgezwitscher24.one\/die-lfm-zu-dab-in-nordrhein-westfalen\/","rel":"","context":"In &quot;Deutsch&quot;","block_context":{"text":"Deutsch","link":"https:\/\/www.achimbrueckner.de\/dxradio\/php\/wordpress\/?cat=1"},"img":{"alt_text":"","src":"","width":0,"height":0},"classes":[]}],"_links":{"self":[{"href":"https:\/\/www.achimbrueckner.de\/dxradio\/php\/wordpress\/index.php?rest_route=\/wp\/v2\/posts\/11347","targetHints":{"allow":["GET"]}}],"collection":[{"href":"https:\/\/www.achimbrueckner.de\/dxradio\/php\/wordpress\/index.php?rest_route=\/wp\/v2\/posts"}],"about":[{"href":"https:\/\/www.achimbrueckner.de\/dxradio\/php\/wordpress\/index.php?rest_route=\/wp\/v2\/types\/post"}],"author":[{"embeddable":true,"href":"https:\/\/www.achimbrueckner.de\/dxradio\/php\/wordpress\/index.php?rest_route=\/wp\/v2\/users\/1"}],"replies":[{"embeddable":true,"href":"https:\/\/www.achimbrueckner.de\/dxradio\/php\/wordpress\/index.php?rest_route=%2Fwp%2Fv2%2Fcomments&post=11347"}],"version-history":[{"count":0,"href":"https:\/\/www.achimbrueckner.de\/dxradio\/php\/wordpress\/index.php?rest_route=\/wp\/v2\/posts\/11347\/revisions"}],"wp:attachment":[{"href":"https:\/\/www.achimbrueckner.de\/dxradio\/php\/wordpress\/index.php?rest_route=%2Fwp%2Fv2%2Fmedia&parent=11347"}],"wp:term":[{"taxonomy":"category","embeddable":true,"href":"https:\/\/www.achimbrueckner.de\/dxradio\/php\/wordpress\/index.php?rest_route=%2Fwp%2Fv2%2Fcategories&post=11347"},{"taxonomy":"post_tag","embeddable":true,"href":"https:\/\/www.achimbrueckner.de\/dxradio\/php\/wordpress\/index.php?rest_route=%2Fwp%2Fv2%2Ftags&post=11347"}],"curies":[{"name":"wp","href":"https:\/\/api.w.org\/{rel}","templated":true}]}}