{"id":11359,"date":"2016-12-13T15:09:13","date_gmt":"2016-12-13T15:09:13","guid":{"rendered":"https:\/\/www.achimbrueckner.de\/dxradio\/php\/wordpress\/?p=11359"},"modified":"2016-12-13T15:09:13","modified_gmt":"2016-12-13T15:09:13","slug":"jurgen-domian-eine-letzte-nacht-um-dunkle-geheimnisse-zu-verraten","status":"publish","type":"post","link":"https:\/\/www.achimbrueckner.de\/dxradio\/php\/wordpress\/?p=11359","title":{"rendered":"J\u00dcRGEN DOMIAN Eine letzte Nacht, um dunkle Geheimnisse zu verraten"},"content":{"rendered":"<p><a href=\"https:\/\/www.welt.de\/vermischtes\/article160219669\/Eine-letzte-Nacht-um-dunkle-Geheimnisse-zu-verraten.html\" target=\"_blank\">https:\/\/www.welt.de\/vermischtes\/article160219669\/Eine-letzte-Nacht-um-dunkle-Geheimnisse-zu-verraten.html<\/a><\/p>\n","protected":false},"excerpt":{"rendered":"<p>https:\/\/www.welt.de\/vermischtes\/article160219669\/Eine-letzte-Nacht-um-dunkle-Geheimnisse-zu-verraten.html<\/p>\n","protected":false},"author":1,"featured_media":0,"comment_status":"open","ping_status":"open","sticky":false,"template":"","format":"standard","meta":{"_jetpack_memberships_contains_paid_content":false,"footnotes":"","jetpack_publicize_message":"","jetpack_publicize_feature_enabled":true,"jetpack_social_post_already_shared":true,"jetpack_social_options":{"image_generator_settings":{"template":"highway","default_image_id":0,"font":"","enabled":false},"version":2}},"categories":[1],"tags":[],"class_list":["post-11359","post","type-post","status-publish","format-standard","hentry","category-deutsch"],"jetpack_publicize_connections":[],"jetpack_featured_media_url":"","jetpack_sharing_enabled":true,"jetpack_shortlink":"https:\/\/wp.me\/p5CDmr-2Xd","jetpack-related-posts":[{"id":37578,"url":"https:\/\/www.achimbrueckner.de\/dxradio\/php\/wordpress\/?p=37578","url_meta":{"origin":11359,"position":0},"title":"WRMI: Hurrikan Ian richtet gro\u00dfe Sch\u00e4den an","author":"Administrator","date":"September 29, 2022","format":false,"excerpt":"Wie Jeff White, General Manager bei WRMI Radio Miami International mitteilt, habe letzte Nacht Hurrikan Ian gro\u00dfe Sch\u00e4den am Antennenfeld verursacht. Aufgrund der immer noch starken Winde (1330 UTC am Donnerstag) sei man noch nicht in der Lage, das Ausma\u00df des Schadens zu beurteilen. Auch sei der Strom am Donnerstag\u2026","rel":"","context":"In &quot;Deutsch&quot;","block_context":{"text":"Deutsch","link":"https:\/\/www.achimbrueckner.de\/dxradio\/php\/wordpress\/?cat=1"},"img":{"alt_text":"","src":"","width":0,"height":0},"classes":[]},{"id":5727,"url":"https:\/\/www.achimbrueckner.de\/dxradio\/php\/wordpress\/?p=5727","url_meta":{"origin":11359,"position":1},"title":"22 Geheimnisse, die Dir Radiomoderatoren nicht verraten","author":"Administrator","date":"August 30, 2015","format":false,"excerpt":"http:\/\/www.buzzfeed.com\/karstenschmehl\/radiogesicht?utm_term=.rrGrwDPPe#.iblBGvpRW","rel":"","context":"In &quot;Deutsch&quot;","block_context":{"text":"Deutsch","link":"https:\/\/www.achimbrueckner.de\/dxradio\/php\/wordpress\/?cat=1"},"img":{"alt_text":"","src":"","width":0,"height":0},"classes":[]},{"id":31237,"url":"https:\/\/www.achimbrueckner.de\/dxradio\/php\/wordpress\/?p=31237","url_meta":{"origin":11359,"position":2},"title":"SDXF Weihnachtssendung 2020","author":"Administrator","date":"December 18, 2020","format":false,"excerpt":"SDXFs Wochenendprogramm auf Kurzwelle Auch in diesem Jahr bietet der schwedische DX-Verband w\u00e4hrend der Weihnachts- und Neujahrsferien eine spezielle Kurzwellensendung an. Das 60-min\u00fctige Programm wurde von dem bekannten G\u00f6ran Lindemark zusammengestellt und enth\u00e4lt unter anderem ein exklusives Interview mit George Wood \u00fcber seine Zeit bei Radio Sweden. Wir h\u00f6ren auch\u2026","rel":"","context":"In &quot;Deutsch&quot;","block_context":{"text":"Deutsch","link":"https:\/\/www.achimbrueckner.de\/dxradio\/php\/wordpress\/?cat=1"},"img":{"alt_text":"","src":"","width":0,"height":0},"classes":[]},{"id":20990,"url":"https:\/\/www.achimbrueckner.de\/dxradio\/php\/wordpress\/?p=20990","url_meta":{"origin":11359,"position":3},"title":"Der Dunkle Parabelritter bei Radio BOB!: Metal-Experte bekommt eigenen Webchannel","author":"Administrator","date":"January 18, 2019","format":false,"excerpt":"http:\/\/www.radiowoche.de\/der-dunkle-parabelritter-metal-experte-bekommt-eigenen-radio-bob-webchannel\/","rel":"","context":"In &quot;Deutsch&quot;","block_context":{"text":"Deutsch","link":"https:\/\/www.achimbrueckner.de\/dxradio\/php\/wordpress\/?cat=1"},"img":{"alt_text":"","src":"","width":0,"height":0},"classes":[]},{"id":11257,"url":"https:\/\/www.achimbrueckner.de\/dxradio\/php\/wordpress\/?p=11257","url_meta":{"origin":11359,"position":4},"title":"Medienmagazin Ende","author":"Administrator","date":"December 4, 2016","format":false,"excerpt":"Hallo liebe Medienmagazin Fans, Rebroadcaster und Radiofreunde, heute m\u00f6chten wir Euch \u00fcber eine Endscheidung unsererseits berichten.Wir werden unser Magazin zum 31.12.2016 beenden und die Sendung komplett auf allen Empfangswegen einstellen. Die letzte Sendung wird auf Kurzwelle am 25.12.2016 zu h\u00f6ren sein. Ab n\u00e4chste Woche (11.12.2016) gibt es im Medienmagazin f\u00fcr\u2026","rel":"","context":"In &quot;Deutsch&quot;","block_context":{"text":"Deutsch","link":"https:\/\/www.achimbrueckner.de\/dxradio\/php\/wordpress\/?cat=1"},"img":{"alt_text":"","src":"","width":0,"height":0},"classes":[]},{"id":24014,"url":"https:\/\/www.achimbrueckner.de\/dxradio\/php\/wordpress\/?p=24014","url_meta":{"origin":11359,"position":5},"title":"\u201eDunkle Heimat\u201c zeigt, dass auch das sicherste Podcast-Rezept misslingen kann","author":"Administrator","date":"July 29, 2019","format":false,"excerpt":"https:\/\/uebermedien.de\/39982\/dunkle-heimat-zeigt-dass-auch-das-sicherste-podcast-rezept-misslingen-kann\/","rel":"","context":"In &quot;Deutsch&quot;","block_context":{"text":"Deutsch","link":"https:\/\/www.achimbrueckner.de\/dxradio\/php\/wordpress\/?cat=1"},"img":{"alt_text":"","src":"","width":0,"height":0},"classes":[]}],"_links":{"self":[{"href":"https:\/\/www.achimbrueckner.de\/dxradio\/php\/wordpress\/index.php?rest_route=\/wp\/v2\/posts\/11359","targetHints":{"allow":["GET"]}}],"collection":[{"href":"https:\/\/www.achimbrueckner.de\/dxradio\/php\/wordpress\/index.php?rest_route=\/wp\/v2\/posts"}],"about":[{"href":"https:\/\/www.achimbrueckner.de\/dxradio\/php\/wordpress\/index.php?rest_route=\/wp\/v2\/types\/post"}],"author":[{"embeddable":true,"href":"https:\/\/www.achimbrueckner.de\/dxradio\/php\/wordpress\/index.php?rest_route=\/wp\/v2\/users\/1"}],"replies":[{"embeddable":true,"href":"https:\/\/www.achimbrueckner.de\/dxradio\/php\/wordpress\/index.php?rest_route=%2Fwp%2Fv2%2Fcomments&post=11359"}],"version-history":[{"count":0,"href":"https:\/\/www.achimbrueckner.de\/dxradio\/php\/wordpress\/index.php?rest_route=\/wp\/v2\/posts\/11359\/revisions"}],"wp:attachment":[{"href":"https:\/\/www.achimbrueckner.de\/dxradio\/php\/wordpress\/index.php?rest_route=%2Fwp%2Fv2%2Fmedia&parent=11359"}],"wp:term":[{"taxonomy":"category","embeddable":true,"href":"https:\/\/www.achimbrueckner.de\/dxradio\/php\/wordpress\/index.php?rest_route=%2Fwp%2Fv2%2Fcategories&post=11359"},{"taxonomy":"post_tag","embeddable":true,"href":"https:\/\/www.achimbrueckner.de\/dxradio\/php\/wordpress\/index.php?rest_route=%2Fwp%2Fv2%2Ftags&post=11359"}],"curies":[{"name":"wp","href":"https:\/\/api.w.org\/{rel}","templated":true}]}}