{"id":11535,"date":"2016-12-29T08:34:34","date_gmt":"2016-12-29T08:34:34","guid":{"rendered":"https:\/\/www.achimbrueckner.de\/dxradio\/php\/wordpress\/?p=11535"},"modified":"2016-12-29T08:34:34","modified_gmt":"2016-12-29T08:34:34","slug":"wild-wie-wild-auf-radios-2","status":"publish","type":"post","link":"https:\/\/www.achimbrueckner.de\/dxradio\/php\/wordpress\/?p=11535","title":{"rendered":"Wild wie wild auf Radios"},"content":{"rendered":"<p><a href=\"http:\/\/www.swr.de\/landesschau-aktuell\/rp\/kaiserslautern\/gerhard-wild-aus-haschbach-im-kreis-kusel-sammelt-radios\/-\/id=1632\/did=18139098\/nid=1632\/1aqa2cs\/\" target=\"_blank\">http:\/\/www.swr.de\/landesschau-aktuell\/rp\/kaiserslautern\/gerhard-wild-aus-haschbach-im-kreis-kusel-sammelt-radios\/-\/id=1632\/did=18139098\/nid=1632\/1aqa2cs\/<\/a><\/p>\n","protected":false},"excerpt":{"rendered":"<p>http:\/\/www.swr.de\/landesschau-aktuell\/rp\/kaiserslautern\/gerhard-wild-aus-haschbach-im-kreis-kusel-sammelt-radios\/-\/id=1632\/did=18139098\/nid=1632\/1aqa2cs\/<\/p>\n","protected":false},"author":1,"featured_media":0,"comment_status":"open","ping_status":"open","sticky":false,"template":"","format":"standard","meta":{"_jetpack_memberships_contains_paid_content":false,"footnotes":"","jetpack_publicize_message":"","jetpack_publicize_feature_enabled":true,"jetpack_social_post_already_shared":true,"jetpack_social_options":{"image_generator_settings":{"template":"highway","default_image_id":0,"font":"","enabled":false},"version":2}},"categories":[1],"tags":[24],"class_list":["post-11535","post","type-post","status-publish","format-standard","hentry","category-deutsch","tag-am"],"jetpack_publicize_connections":[],"jetpack_featured_media_url":"","jetpack_sharing_enabled":true,"jetpack_shortlink":"https:\/\/wp.me\/p5CDmr-303","jetpack-related-posts":[{"id":10395,"url":"https:\/\/www.achimbrueckner.de\/dxradio\/php\/wordpress\/?p=10395","url_meta":{"origin":11535,"position":0},"title":"Wild wie wild auf Radios","author":"Administrator","date":"September 16, 2016","format":false,"excerpt":"http:\/\/www.swr.de\/landesschau-aktuell\/rp\/kaiserslautern\/gerhard-wild-aus-haschbach-im-kreis-kusel-sammelt-radios\/-\/id=1632\/did=18139098\/nid=1632\/1aqa2cs\/","rel":"","context":"In &quot;Deutsch&quot;","block_context":{"text":"Deutsch","link":"https:\/\/www.achimbrueckner.de\/dxradio\/php\/wordpress\/?cat=1"},"img":{"alt_text":"","src":"","width":0,"height":0},"classes":[]},{"id":1632,"url":"https:\/\/www.achimbrueckner.de\/dxradio\/php\/wordpress\/?p=1632","url_meta":{"origin":11535,"position":1},"title":"DX Camp D\u00f6briach 2011","author":"Administrator","date":"July 2, 2011","format":false,"excerpt":"DX-Camp D\u00f6briach - Heuer wieder in D\u00f6briach!!! Termin 2011: 9.7. bis 24.7. 2011 http:\/\/dxcamp.org\/","rel":"","context":"In &quot;camps&quot;","block_context":{"text":"camps","link":"https:\/\/www.achimbrueckner.de\/dxradio\/php\/wordpress\/?cat=5"},"img":{"alt_text":"","src":"","width":0,"height":0},"classes":[]},{"id":38611,"url":"https:\/\/www.achimbrueckner.de\/dxradio\/php\/wordpress\/?p=38611","url_meta":{"origin":11535,"position":2},"title":"Zweiter DAB+-Bundesmux im Auto: Gute Radios, schlechte Radios","author":"Administrator","date":"January 17, 2023","format":false,"excerpt":"https:\/\/www.radioblog.eu\/2023\/01\/17\/zweiter-dab-bundesmux-im-auto-gute-radios-schlechte-radios\/","rel":"","context":"In &quot;Deutsch&quot;","block_context":{"text":"Deutsch","link":"https:\/\/www.achimbrueckner.de\/dxradio\/php\/wordpress\/?cat=1"},"img":{"alt_text":"","src":"","width":0,"height":0},"classes":[]},{"id":2417,"url":"https:\/\/www.achimbrueckner.de\/dxradio\/php\/wordpress\/?p=2417","url_meta":{"origin":11535,"position":3},"title":"Why Are Radios Important In An Internet World?","author":"Administrator","date":"March 15, 2013","format":false,"excerpt":"Why Are Radios Important In An Internet World? http:\/\/onetherwaves.blogspot.in\/2011\/07\/why-are-radios-important-in-internet.html","rel":"","context":"In &quot;English&quot;","block_context":{"text":"English","link":"https:\/\/www.achimbrueckner.de\/dxradio\/php\/wordpress\/?cat=2"},"img":{"alt_text":"","src":"","width":0,"height":0},"classes":[]},{"id":19878,"url":"https:\/\/www.achimbrueckner.de\/dxradio\/php\/wordpress\/?p=19878","url_meta":{"origin":11535,"position":4},"title":"Campus-Radios gestalten die Zukunft des Radios mit","author":"Administrator","date":"November 2, 2018","format":false,"excerpt":"https:\/\/www.radioszene.de\/127338\/campus-radios-nrw-zukunft.html","rel":"","context":"In &quot;Deutsch&quot;","block_context":{"text":"Deutsch","link":"https:\/\/www.achimbrueckner.de\/dxradio\/php\/wordpress\/?cat=1"},"img":{"alt_text":"","src":"","width":0,"height":0},"classes":[]},{"id":1639,"url":"https:\/\/www.achimbrueckner.de\/dxradio\/php\/wordpress\/?p=1639","url_meta":{"origin":11535,"position":5},"title":"Die neue Mobilit\u00e4t des Radios","author":"Administrator","date":"July 5, 2011","format":false,"excerpt":"Die neue Mobilit\u00e4t des Radios http:\/\/lokalrundfunktage.de\/2011\/allgemein\/die-neue-mobilitat-des-radios\/ Info via Twitter","rel":"","context":"In &quot;Deutsch&quot;","block_context":{"text":"Deutsch","link":"https:\/\/www.achimbrueckner.de\/dxradio\/php\/wordpress\/?cat=1"},"img":{"alt_text":"","src":"","width":0,"height":0},"classes":[]}],"_links":{"self":[{"href":"https:\/\/www.achimbrueckner.de\/dxradio\/php\/wordpress\/index.php?rest_route=\/wp\/v2\/posts\/11535","targetHints":{"allow":["GET"]}}],"collection":[{"href":"https:\/\/www.achimbrueckner.de\/dxradio\/php\/wordpress\/index.php?rest_route=\/wp\/v2\/posts"}],"about":[{"href":"https:\/\/www.achimbrueckner.de\/dxradio\/php\/wordpress\/index.php?rest_route=\/wp\/v2\/types\/post"}],"author":[{"embeddable":true,"href":"https:\/\/www.achimbrueckner.de\/dxradio\/php\/wordpress\/index.php?rest_route=\/wp\/v2\/users\/1"}],"replies":[{"embeddable":true,"href":"https:\/\/www.achimbrueckner.de\/dxradio\/php\/wordpress\/index.php?rest_route=%2Fwp%2Fv2%2Fcomments&post=11535"}],"version-history":[{"count":0,"href":"https:\/\/www.achimbrueckner.de\/dxradio\/php\/wordpress\/index.php?rest_route=\/wp\/v2\/posts\/11535\/revisions"}],"wp:attachment":[{"href":"https:\/\/www.achimbrueckner.de\/dxradio\/php\/wordpress\/index.php?rest_route=%2Fwp%2Fv2%2Fmedia&parent=11535"}],"wp:term":[{"taxonomy":"category","embeddable":true,"href":"https:\/\/www.achimbrueckner.de\/dxradio\/php\/wordpress\/index.php?rest_route=%2Fwp%2Fv2%2Fcategories&post=11535"},{"taxonomy":"post_tag","embeddable":true,"href":"https:\/\/www.achimbrueckner.de\/dxradio\/php\/wordpress\/index.php?rest_route=%2Fwp%2Fv2%2Ftags&post=11535"}],"curies":[{"name":"wp","href":"https:\/\/api.w.org\/{rel}","templated":true}]}}