{"id":11538,"date":"2016-12-29T11:44:08","date_gmt":"2016-12-29T11:44:08","guid":{"rendered":"https:\/\/www.achimbrueckner.de\/dxradio\/php\/wordpress\/?p=11538"},"modified":"2016-12-29T11:44:08","modified_gmt":"2016-12-29T11:44:08","slug":"stand-der-internetzensur-2016","status":"publish","type":"post","link":"https:\/\/www.achimbrueckner.de\/dxradio\/php\/wordpress\/?p=11538","title":{"rendered":"Stand der Internetzensur 2016"},"content":{"rendered":"<p><a href=\"https:\/\/netzpolitik.org\/2016\/stand-der-internetzensur-2016\/\" target=\"_blank\">https:\/\/netzpolitik.org\/2016\/stand-der-internetzensur-2016\/<\/a><\/p>\n","protected":false},"excerpt":{"rendered":"<p>https:\/\/netzpolitik.org\/2016\/stand-der-internetzensur-2016\/<\/p>\n","protected":false},"author":1,"featured_media":0,"comment_status":"open","ping_status":"open","sticky":false,"template":"","format":"standard","meta":{"_jetpack_memberships_contains_paid_content":false,"footnotes":"","jetpack_publicize_message":"","jetpack_publicize_feature_enabled":true,"jetpack_social_post_already_shared":true,"jetpack_social_options":{"image_generator_settings":{"template":"highway","default_image_id":0,"font":"","enabled":false},"version":2}},"categories":[1],"tags":[],"class_list":["post-11538","post","type-post","status-publish","format-standard","hentry","category-deutsch"],"jetpack_publicize_connections":[],"jetpack_featured_media_url":"","jetpack_sharing_enabled":true,"jetpack_shortlink":"https:\/\/wp.me\/p5CDmr-306","jetpack-related-posts":[{"id":26824,"url":"https:\/\/www.achimbrueckner.de\/dxradio\/php\/wordpress\/?p=26824","url_meta":{"origin":11538,"position":0},"title":"Putin: Mit Internetzensur zum Machterhalt","author":"Administrator","date":"January 25, 2020","format":false,"excerpt":"https:\/\/www.ndr.de\/fernsehen\/sendungen\/zapp\/Putin-Mit-Internetzensur-zum-Machterhalt,russland1366.html","rel":"","context":"In &quot;Deutsch&quot;","block_context":{"text":"Deutsch","link":"https:\/\/www.achimbrueckner.de\/dxradio\/php\/wordpress\/?cat=1"},"img":{"alt_text":"","src":"","width":0,"height":0},"classes":[]},{"id":8915,"url":"https:\/\/www.achimbrueckner.de\/dxradio\/php\/wordpress\/?p=8915","url_meta":{"origin":11538,"position":1},"title":"IFA-Radiotreffen 2016","author":"Administrator","date":"July 23, 2016","format":false,"excerpt":"IFA-Radiotreffen 2016 Das traditionelle Radiotreffen zur Internationalen Funkausstellung in Berlin (IFA) findet in diesem Jahr am Samstag, den 3. September 2016 statt. Es richtet sich an DX-er, Funkamateure, SWLs oder allgemein radiointeressierte Hobbyfreunde. Wie schon in fr\u00fcheren Jahren nutzen wir dazu die R\u00e4ume des Preu\u00dfischen Landwirtshauses gleich in der N\u00e4he\u2026","rel":"","context":"In &quot;camps&quot;","block_context":{"text":"camps","link":"https:\/\/www.achimbrueckner.de\/dxradio\/php\/wordpress\/?cat=5"},"img":{"alt_text":"","src":"","width":0,"height":0},"classes":[]},{"id":7159,"url":"https:\/\/www.achimbrueckner.de\/dxradio\/php\/wordpress\/?p=7159","url_meta":{"origin":11538,"position":2},"title":"Auflistung Mittelwellensender Deutschland (Stand: 01.01.2016)","author":"Administrator","date":"January 2, 2016","format":false,"excerpt":"https:\/\/ukwdx.wordpress.com\/2016\/01\/01\/auflistung-mittelwellensender-deutschland-stand-01-01-2016\/","rel":"","context":"In &quot;Deutsch&quot;","block_context":{"text":"Deutsch","link":"https:\/\/www.achimbrueckner.de\/dxradio\/php\/wordpress\/?cat=1"},"img":{"alt_text":"","src":"","width":0,"height":0},"classes":[]},{"id":28438,"url":"https:\/\/www.achimbrueckner.de\/dxradio\/php\/wordpress\/?p=28438","url_meta":{"origin":11538,"position":3},"title":"InfoDigital aktuell: Aktueller Stand der Planungen zum zweiten DAB+ Bundesmux","author":"Administrator","date":"May 1, 2020","format":false,"excerpt":"https:\/\/www.infosat.de\/radio\/infodigital-aktuell-aktueller-stand-der-planungen-zum-zweiten-dab-bundesmux","rel":"","context":"In &quot;Deutsch&quot;","block_context":{"text":"Deutsch","link":"https:\/\/www.achimbrueckner.de\/dxradio\/php\/wordpress\/?cat=1"},"img":{"alt_text":"","src":"","width":0,"height":0},"classes":[]},{"id":8814,"url":"https:\/\/www.achimbrueckner.de\/dxradio\/php\/wordpress\/?p=8814","url_meta":{"origin":11538,"position":4},"title":"Videomitschnitte der Software Defined Radio Academy 2016 ver\u00f6ffentlicht","author":"Administrator","date":"July 14, 2016","format":false,"excerpt":"https:\/\/www.hamspirit.de\/6046\/videomitschnitte-der-software-defined-radio-academy-2016-veroeffentlicht\/","rel":"","context":"In &quot;Deutsch&quot;","block_context":{"text":"Deutsch","link":"https:\/\/www.achimbrueckner.de\/dxradio\/php\/wordpress\/?cat=1"},"img":{"alt_text":"","src":"","width":0,"height":0},"classes":[]},{"id":10856,"url":"https:\/\/www.achimbrueckner.de\/dxradio\/php\/wordpress\/?p=10856","url_meta":{"origin":11538,"position":5},"title":"Medientage M\u00fcnchen 2016: Reality-Check f\u00fcr das Radio der Zukunft","author":"Administrator","date":"October 27, 2016","format":false,"excerpt":"https:\/\/www.infosat.de\/technik\/medientage-m-nchen-2016-reality-check-f-r-das-radio-der-zukunft","rel":"","context":"In &quot;Deutsch&quot;","block_context":{"text":"Deutsch","link":"https:\/\/www.achimbrueckner.de\/dxradio\/php\/wordpress\/?cat=1"},"img":{"alt_text":"","src":"","width":0,"height":0},"classes":[]}],"_links":{"self":[{"href":"https:\/\/www.achimbrueckner.de\/dxradio\/php\/wordpress\/index.php?rest_route=\/wp\/v2\/posts\/11538","targetHints":{"allow":["GET"]}}],"collection":[{"href":"https:\/\/www.achimbrueckner.de\/dxradio\/php\/wordpress\/index.php?rest_route=\/wp\/v2\/posts"}],"about":[{"href":"https:\/\/www.achimbrueckner.de\/dxradio\/php\/wordpress\/index.php?rest_route=\/wp\/v2\/types\/post"}],"author":[{"embeddable":true,"href":"https:\/\/www.achimbrueckner.de\/dxradio\/php\/wordpress\/index.php?rest_route=\/wp\/v2\/users\/1"}],"replies":[{"embeddable":true,"href":"https:\/\/www.achimbrueckner.de\/dxradio\/php\/wordpress\/index.php?rest_route=%2Fwp%2Fv2%2Fcomments&post=11538"}],"version-history":[{"count":0,"href":"https:\/\/www.achimbrueckner.de\/dxradio\/php\/wordpress\/index.php?rest_route=\/wp\/v2\/posts\/11538\/revisions"}],"wp:attachment":[{"href":"https:\/\/www.achimbrueckner.de\/dxradio\/php\/wordpress\/index.php?rest_route=%2Fwp%2Fv2%2Fmedia&parent=11538"}],"wp:term":[{"taxonomy":"category","embeddable":true,"href":"https:\/\/www.achimbrueckner.de\/dxradio\/php\/wordpress\/index.php?rest_route=%2Fwp%2Fv2%2Fcategories&post=11538"},{"taxonomy":"post_tag","embeddable":true,"href":"https:\/\/www.achimbrueckner.de\/dxradio\/php\/wordpress\/index.php?rest_route=%2Fwp%2Fv2%2Ftags&post=11538"}],"curies":[{"name":"wp","href":"https:\/\/api.w.org\/{rel}","templated":true}]}}