{"id":1170,"date":"2010-10-01T14:11:28","date_gmt":"2010-10-01T14:11:28","guid":{"rendered":"https:\/\/www.achimbrueckner.de\/dxradio\/php\/wordpress\/?p=1170"},"modified":"2010-10-01T14:11:28","modified_gmt":"2010-10-01T14:11:28","slug":"freiheit-ist-jazz-%e2%80%93-leben-mit-dem-radio","status":"publish","type":"post","link":"https:\/\/www.achimbrueckner.de\/dxradio\/php\/wordpress\/?p=1170","title":{"rendered":"&#8220;Freiheit ist Jazz \u00e2\u20ac\u201c Leben mit dem Radio&#8221;"},"content":{"rendered":"<p>MDR Figaro 02.10.2010 1905 MESZ<\/p>\n<p>&#8220;Freiheit ist Jazz \u00e2\u20ac\u201c Leben mit dem Radio&#8221;<\/p>\n<p><a href=\"http:\/\/www.mdr.de\/mdr-figaro\/hoerspiel\/7721049.html\">http:\/\/www.mdr.de\/mdr-figaro\/hoerspiel\/7721049.html<\/a><\/p>\n<p>Info via <a href=\"http:\/\/www.ratzer.at\">Net-Radio<\/a><\/p>\n","protected":false},"excerpt":{"rendered":"<p>MDR Figaro 02.10.2010 1905 MESZ &#8220;Freiheit ist Jazz \u00e2\u20ac\u201c Leben mit dem Radio&#8221; http:\/\/www.mdr.de\/mdr-figaro\/hoerspiel\/7721049.html Info via Net-Radio<\/p>\n","protected":false},"author":1,"featured_media":0,"comment_status":"open","ping_status":"open","sticky":false,"template":"","format":"standard","meta":{"_jetpack_memberships_contains_paid_content":false,"footnotes":"","jetpack_publicize_message":"","jetpack_publicize_feature_enabled":true,"jetpack_social_post_already_shared":false,"jetpack_social_options":{"image_generator_settings":{"template":"highway","default_image_id":0,"font":"","enabled":false},"version":2}},"categories":[1],"tags":[],"class_list":["post-1170","post","type-post","status-publish","format-standard","hentry","category-deutsch"],"jetpack_publicize_connections":[],"jetpack_featured_media_url":"","jetpack_sharing_enabled":true,"jetpack_shortlink":"https:\/\/wp.me\/p5CDmr-iS","jetpack-related-posts":[{"id":7515,"url":"https:\/\/www.achimbrueckner.de\/dxradio\/php\/wordpress\/?p=7515","url_meta":{"origin":1170,"position":0},"title":"MDR 2017: MDR Info und MDR Figaro werden umbenannt","author":"Administrator","date":"February 12, 2016","format":false,"excerpt":"http:\/\/www.flurfunk-dresden.de\/2016\/02\/12\/mdr-2017-mdr-info-und-mdr-figaro-werden-umbenannt\/","rel":"","context":"In &quot;Deutsch&quot;","block_context":{"text":"Deutsch","link":"https:\/\/www.achimbrueckner.de\/dxradio\/php\/wordpress\/?cat=1"},"img":{"alt_text":"","src":"","width":0,"height":0},"classes":[]},{"id":461,"url":"https:\/\/www.achimbrueckner.de\/dxradio\/php\/wordpress\/?p=461","url_meta":{"origin":1170,"position":1},"title":"Ein Sputnik ist abgest\u00fcrzt &#8211; Das Vorwende-Jahr bei DT 64","author":"Administrator","date":"June 10, 2009","format":false,"excerpt":"F\u00fcr alle DT64 Fans,aufgepasst und reinh\u00f6ren: Figaro am Vormittag Datum Sendezeit Sa., 13.06. 09:00 Uhr 09.00 Nachrichten 09.05 Feature Wir waren das Volk! - MDR FIGARO erinnert an die Friedliche Revolution: Ein Sputnik ist abgest\u00fcrzt - Das Vorwende-Jahr bei DT 64 Von J\u00fcrgen Balitzki und Marcus Heumann (Ursendung) Am 19.\u2026","rel":"","context":"In &quot;Deutsch&quot;","block_context":{"text":"Deutsch","link":"https:\/\/www.achimbrueckner.de\/dxradio\/php\/wordpress\/?cat=1"},"img":{"alt_text":"","src":"","width":0,"height":0},"classes":[]},{"id":8143,"url":"https:\/\/www.achimbrueckner.de\/dxradio\/php\/wordpress\/?p=8143","url_meta":{"origin":1170,"position":2},"title":"Neu ab 2. Mai: MDR INFO und MDR FIGARO unter neuem Namen","author":"Administrator","date":"April 28, 2016","format":false,"excerpt":"http:\/\/www.radiowoche.de\/neu-ab-2-mai-mdr-info-und-mdr-figaro-unter-neuem-namen\/","rel":"","context":"In &quot;Deutsch&quot;","block_context":{"text":"Deutsch","link":"https:\/\/www.achimbrueckner.de\/dxradio\/php\/wordpress\/?cat=1"},"img":{"alt_text":"","src":"","width":0,"height":0},"classes":[]},{"id":455,"url":"https:\/\/www.achimbrueckner.de\/dxradio\/php\/wordpress\/?p=455","url_meta":{"origin":1170,"position":3},"title":"Rundfunkgeschichte im Radio","author":"Administrator","date":"May 23, 2009","format":false,"excerpt":"Rundfunkgeschichte im Radio: 28.05. MDR Figaro 22.00 Uhr MESZ Diskurs: Gruenderzeit Das Haus des Rundfunks 1929-1933-Eine Chronik 31.05. das Kulturradio (RBB) 14.04 Uhr MESZ Feature Schicksalsjahre - Das Haus des Rundfunks von 1933-1945 Info via A-DX","rel":"","context":"In &quot;Deutsch&quot;","block_context":{"text":"Deutsch","link":"https:\/\/www.achimbrueckner.de\/dxradio\/php\/wordpress\/?cat=1"},"img":{"alt_text":"","src":"","width":0,"height":0},"classes":[]},{"id":16340,"url":"https:\/\/www.achimbrueckner.de\/dxradio\/php\/wordpress\/?p=16340","url_meta":{"origin":1170,"position":4},"title":"\u201cRadio Adward\u201d: MDR-Werbung ruft mitteldeutschen Radiowerbepreis ins Leben","author":"Administrator","date":"February 1, 2018","format":false,"excerpt":"http:\/\/www.radiowoche.de\/radio-adward-mdr-werbung-ruft-mitteldeutschen-radiowerbepreis-ins-leben\/","rel":"","context":"In &quot;Deutsch&quot;","block_context":{"text":"Deutsch","link":"https:\/\/www.achimbrueckner.de\/dxradio\/php\/wordpress\/?cat=1"},"img":{"alt_text":"","src":"","width":0,"height":0},"classes":[]},{"id":43937,"url":"https:\/\/www.achimbrueckner.de\/dxradio\/php\/wordpress\/?p=43937","url_meta":{"origin":1170,"position":5},"title":"\u00d6ffentlich-rechtliche Medien Ein Rundfunk mit Zukunft muss Freiheit leben","author":"Administrator","date":"October 3, 2025","format":false,"excerpt":"https:\/\/www.pro-medienmagazin.de\/ein-rundfunk-mit-zukunft-muss-freiheit-leben\/","rel":"","context":"In &quot;Deutsch&quot;","block_context":{"text":"Deutsch","link":"https:\/\/www.achimbrueckner.de\/dxradio\/php\/wordpress\/?cat=1"},"img":{"alt_text":"","src":"","width":0,"height":0},"classes":[]}],"_links":{"self":[{"href":"https:\/\/www.achimbrueckner.de\/dxradio\/php\/wordpress\/index.php?rest_route=\/wp\/v2\/posts\/1170","targetHints":{"allow":["GET"]}}],"collection":[{"href":"https:\/\/www.achimbrueckner.de\/dxradio\/php\/wordpress\/index.php?rest_route=\/wp\/v2\/posts"}],"about":[{"href":"https:\/\/www.achimbrueckner.de\/dxradio\/php\/wordpress\/index.php?rest_route=\/wp\/v2\/types\/post"}],"author":[{"embeddable":true,"href":"https:\/\/www.achimbrueckner.de\/dxradio\/php\/wordpress\/index.php?rest_route=\/wp\/v2\/users\/1"}],"replies":[{"embeddable":true,"href":"https:\/\/www.achimbrueckner.de\/dxradio\/php\/wordpress\/index.php?rest_route=%2Fwp%2Fv2%2Fcomments&post=1170"}],"version-history":[{"count":0,"href":"https:\/\/www.achimbrueckner.de\/dxradio\/php\/wordpress\/index.php?rest_route=\/wp\/v2\/posts\/1170\/revisions"}],"wp:attachment":[{"href":"https:\/\/www.achimbrueckner.de\/dxradio\/php\/wordpress\/index.php?rest_route=%2Fwp%2Fv2%2Fmedia&parent=1170"}],"wp:term":[{"taxonomy":"category","embeddable":true,"href":"https:\/\/www.achimbrueckner.de\/dxradio\/php\/wordpress\/index.php?rest_route=%2Fwp%2Fv2%2Fcategories&post=1170"},{"taxonomy":"post_tag","embeddable":true,"href":"https:\/\/www.achimbrueckner.de\/dxradio\/php\/wordpress\/index.php?rest_route=%2Fwp%2Fv2%2Ftags&post=1170"}],"curies":[{"name":"wp","href":"https:\/\/api.w.org\/{rel}","templated":true}]}}