{"id":11803,"date":"2017-01-19T19:13:52","date_gmt":"2017-01-19T19:13:52","guid":{"rendered":"https:\/\/www.achimbrueckner.de\/dxradio\/php\/wordpress\/?p=11803"},"modified":"2017-01-19T19:13:52","modified_gmt":"2017-01-19T19:13:52","slug":"workshop-wir-bauen-ein-ukw-radio","status":"publish","type":"post","link":"https:\/\/www.achimbrueckner.de\/dxradio\/php\/wordpress\/?p=11803","title":{"rendered":"Workshop: Wir bauen ein UKW-Radio"},"content":{"rendered":"<p><a href=\"http:\/\/www.stadtzeitung.de\/wertingen\/lokales\/workshop-wir-bauen-ein-ukw-radio-d20469.html\" target=\"_blank\">http:\/\/www.stadtzeitung.de\/wertingen\/lokales\/workshop-wir-bauen-ein-ukw-radio-d20469.html<\/a><\/p>\n","protected":false},"excerpt":{"rendered":"<p>http:\/\/www.stadtzeitung.de\/wertingen\/lokales\/workshop-wir-bauen-ein-ukw-radio-d20469.html<\/p>\n","protected":false},"author":1,"featured_media":0,"comment_status":"open","ping_status":"open","sticky":false,"template":"","format":"standard","meta":{"_jetpack_memberships_contains_paid_content":false,"footnotes":"","jetpack_publicize_message":"","jetpack_publicize_feature_enabled":true,"jetpack_social_post_already_shared":true,"jetpack_social_options":{"image_generator_settings":{"template":"highway","default_image_id":0,"font":"","enabled":false},"version":2}},"categories":[1],"tags":[27],"class_list":["post-11803","post","type-post","status-publish","format-standard","hentry","category-deutsch","tag-ukw"],"jetpack_publicize_connections":[],"jetpack_featured_media_url":"","jetpack_sharing_enabled":true,"jetpack_shortlink":"https:\/\/wp.me\/p5CDmr-34n","jetpack-related-posts":[{"id":24095,"url":"https:\/\/www.achimbrueckner.de\/dxradio\/php\/wordpress\/?p=24095","url_meta":{"origin":11803,"position":0},"title":"Wer will ein UKW Radio selber bauen?","author":"Administrator","date":"August 4, 2019","format":false,"excerpt":"https:\/\/www.stadtzeitung.de\/wertingen\/lokales\/wer-will-ein-ukw-radio-selber-bauen-d96077.html","rel":"","context":"In &quot;Deutsch&quot;","block_context":{"text":"Deutsch","link":"https:\/\/www.achimbrueckner.de\/dxradio\/php\/wordpress\/?cat=1"},"img":{"alt_text":"","src":"","width":0,"height":0},"classes":[]},{"id":19170,"url":"https:\/\/www.achimbrueckner.de\/dxradio\/php\/wordpress\/?p=19170","url_meta":{"origin":11803,"position":1},"title":"5. Radio- und Funkflohmarkt in Wertingen ein voller Erfolg","author":"Administrator","date":"September 14, 2018","format":false,"excerpt":"https:\/\/www.stadtzeitung.de\/wertingen\/lokales\/5-radio-und-funkflohmarkt-in-wertingen-ein-voller-erfolg-d61840.html","rel":"","context":"In &quot;Deutsch&quot;","block_context":{"text":"Deutsch","link":"https:\/\/www.achimbrueckner.de\/dxradio\/php\/wordpress\/?cat=1"},"img":{"alt_text":"","src":"","width":0,"height":0},"classes":[]},{"id":21158,"url":"https:\/\/www.achimbrueckner.de\/dxradio\/php\/wordpress\/?p=21158","url_meta":{"origin":11803,"position":2},"title":"Enigma-Vortrag ein voller Erfolg f\u00fcr das Radio- und Telefonmuseum Wertingen","author":"Administrator","date":"January 26, 2019","format":false,"excerpt":"https:\/\/www.stadtzeitung.de\/wertingen\/lokales\/enigma-vortrag-ein-voller-erfolg-fuer-das-radio-und-telefonmuseum-wertingen-d76244.html","rel":"","context":"In &quot;Deutsch&quot;","block_context":{"text":"Deutsch","link":"https:\/\/www.achimbrueckner.de\/dxradio\/php\/wordpress\/?cat=1"},"img":{"alt_text":"","src":"","width":0,"height":0},"classes":[]},{"id":24599,"url":"https:\/\/www.achimbrueckner.de\/dxradio\/php\/wordpress\/?p=24599","url_meta":{"origin":11803,"position":3},"title":"Jugendliche bauen UKW-Radio","author":"Administrator","date":"September 2, 2019","format":false,"excerpt":"https:\/\/www.mainpost.de\/regional\/schweinfurt\/Jugendliche-bauen-UKW-Radio;art742,10305992","rel":"","context":"In &quot;Deutsch&quot;","block_context":{"text":"Deutsch","link":"https:\/\/www.achimbrueckner.de\/dxradio\/php\/wordpress\/?cat=1"},"img":{"alt_text":"","src":"","width":0,"height":0},"classes":[]},{"id":8434,"url":"https:\/\/www.achimbrueckner.de\/dxradio\/php\/wordpress\/?p=8434","url_meta":{"origin":11803,"position":4},"title":"Ab morgen sendet Syltfunk \u2013 S\u00f6l\u2019ring Radio \u00fcber UKW","author":"Administrator","date":"May 31, 2016","format":false,"excerpt":"http:\/\/www.shz.de\/lokales\/sylter-rundschau\/ab-morgen-sendet-syltfunk-soel-ring-radio-ueber-ukw-id13843506.html","rel":"","context":"In &quot;Deutsch&quot;","block_context":{"text":"Deutsch","link":"https:\/\/www.achimbrueckner.de\/dxradio\/php\/wordpress\/?cat=1"},"img":{"alt_text":"","src":"","width":0,"height":0},"classes":[]},{"id":8564,"url":"https:\/\/www.achimbrueckner.de\/dxradio\/php\/wordpress\/?p=8564","url_meta":{"origin":11803,"position":5},"title":"UKW-R\u00fcckzug von sunshine live l\u00e4utet neue \u00c4ra beim Digitalradio ein","author":"Administrator","date":"June 21, 2016","format":false,"excerpt":"http:\/\/www.teltarif.de\/dab-plus-radio-sunshine-ukw\/news\/64370.html","rel":"","context":"In &quot;Deutsch&quot;","block_context":{"text":"Deutsch","link":"https:\/\/www.achimbrueckner.de\/dxradio\/php\/wordpress\/?cat=1"},"img":{"alt_text":"","src":"","width":0,"height":0},"classes":[]}],"_links":{"self":[{"href":"https:\/\/www.achimbrueckner.de\/dxradio\/php\/wordpress\/index.php?rest_route=\/wp\/v2\/posts\/11803","targetHints":{"allow":["GET"]}}],"collection":[{"href":"https:\/\/www.achimbrueckner.de\/dxradio\/php\/wordpress\/index.php?rest_route=\/wp\/v2\/posts"}],"about":[{"href":"https:\/\/www.achimbrueckner.de\/dxradio\/php\/wordpress\/index.php?rest_route=\/wp\/v2\/types\/post"}],"author":[{"embeddable":true,"href":"https:\/\/www.achimbrueckner.de\/dxradio\/php\/wordpress\/index.php?rest_route=\/wp\/v2\/users\/1"}],"replies":[{"embeddable":true,"href":"https:\/\/www.achimbrueckner.de\/dxradio\/php\/wordpress\/index.php?rest_route=%2Fwp%2Fv2%2Fcomments&post=11803"}],"version-history":[{"count":0,"href":"https:\/\/www.achimbrueckner.de\/dxradio\/php\/wordpress\/index.php?rest_route=\/wp\/v2\/posts\/11803\/revisions"}],"wp:attachment":[{"href":"https:\/\/www.achimbrueckner.de\/dxradio\/php\/wordpress\/index.php?rest_route=%2Fwp%2Fv2%2Fmedia&parent=11803"}],"wp:term":[{"taxonomy":"category","embeddable":true,"href":"https:\/\/www.achimbrueckner.de\/dxradio\/php\/wordpress\/index.php?rest_route=%2Fwp%2Fv2%2Fcategories&post=11803"},{"taxonomy":"post_tag","embeddable":true,"href":"https:\/\/www.achimbrueckner.de\/dxradio\/php\/wordpress\/index.php?rest_route=%2Fwp%2Fv2%2Ftags&post=11803"}],"curies":[{"name":"wp","href":"https:\/\/api.w.org\/{rel}","templated":true}]}}