{"id":11828,"date":"2017-01-22T13:02:10","date_gmt":"2017-01-22T13:02:10","guid":{"rendered":"https:\/\/www.achimbrueckner.de\/dxradio\/php\/wordpress\/?p=11828"},"modified":"2017-01-22T13:02:10","modified_gmt":"2017-01-22T13:02:10","slug":"facebooks-filterfalle-und-taglich-grust-das-hitlerbild-zum-facebook-nazi-in-13-tagen","status":"publish","type":"post","link":"https:\/\/www.achimbrueckner.de\/dxradio\/php\/wordpress\/?p=11828","title":{"rendered":"FACEBOOKS FILTERFALLE : Und t\u00e4glich gr\u00fc\u00dft das Hitlerbild: Zum Facebook-Nazi in 13 Tagen"},"content":{"rendered":"<p><a href=\"http:\/\/www.shz.de\/regionales\/schleswig-holstein\/und-taeglich-gruesst-das-hitlerbild-zum-facebook-nazi-in-13-tagen-id15557576.html\" target=\"_blank\">http:\/\/www.shz.de\/regionales\/schleswig-holstein\/und-taeglich-gruesst-das-hitlerbild-zum-facebook-nazi-in-13-tagen-id15557576.html<\/a><\/p>\n","protected":false},"excerpt":{"rendered":"<p>http:\/\/www.shz.de\/regionales\/schleswig-holstein\/und-taeglich-gruesst-das-hitlerbild-zum-facebook-nazi-in-13-tagen-id15557576.html<\/p>\n","protected":false},"author":1,"featured_media":0,"comment_status":"open","ping_status":"open","sticky":false,"template":"","format":"standard","meta":{"_jetpack_memberships_contains_paid_content":false,"footnotes":"","jetpack_publicize_message":"","jetpack_publicize_feature_enabled":true,"jetpack_social_post_already_shared":true,"jetpack_social_options":{"image_generator_settings":{"template":"highway","default_image_id":0,"font":"","enabled":false},"version":2}},"categories":[1],"tags":[],"class_list":["post-11828","post","type-post","status-publish","format-standard","hentry","category-deutsch"],"jetpack_publicize_connections":[],"jetpack_featured_media_url":"","jetpack_sharing_enabled":true,"jetpack_shortlink":"https:\/\/wp.me\/p5CDmr-34M","jetpack-related-posts":[{"id":4295,"url":"https:\/\/www.achimbrueckner.de\/dxradio\/php\/wordpress\/?p=4295","url_meta":{"origin":11828,"position":0},"title":"25 Jahre RHCI","author":"Administrator","date":"March 27, 2015","format":false,"excerpt":"In wenigen Tagen wird der Radio-H\u00f6rer-Club-International 25 bestehen. Er wurde am 31. M\u00e4rz 1990 in Leipzig, als erster Radioh\u00f6rerclub der DDR, gegr\u00fcndet. Ab 2003 ist der RHCI Online t\u00e4tig. Der RHCI-Online unterst\u00fctzt den v\u00f6lkerverbindenden Gedanken des Rundfunkh\u00f6rens im deutschsprachigem Raum und International. Die Mitgliedschaft ist kostenlos. Aktuelle Infos verbreiten wir\u2026","rel":"","context":"In &quot;Deutsch&quot;","block_context":{"text":"Deutsch","link":"https:\/\/www.achimbrueckner.de\/dxradio\/php\/wordpress\/?cat=1"},"img":{"alt_text":"","src":"","width":0,"height":0},"classes":[]},{"id":34256,"url":"https:\/\/www.achimbrueckner.de\/dxradio\/php\/wordpress\/?p=34256","url_meta":{"origin":11828,"position":1},"title":"Classic Hits Radio","author":"Administrator","date":"December 27, 2021","format":false,"excerpt":"Noch vier Tage bis zum Sendestart von Classic Hits Radio. Musik aus 60 Jahren Pop- und Rockgeschichte rund um die Uhr, an 365 Tagen im Jahr. Unser Testprogramm l\u00e4uft bereits via Internet unter der Adresse www.classichitsradio.de.","rel":"","context":"In &quot;Deutsch&quot;","block_context":{"text":"Deutsch","link":"https:\/\/www.achimbrueckner.de\/dxradio\/php\/wordpress\/?cat=1"},"img":{"alt_text":"","src":"","width":0,"height":0},"classes":[]},{"id":25331,"url":"https:\/\/www.achimbrueckner.de\/dxradio\/php\/wordpress\/?p=25331","url_meta":{"origin":11828,"position":2},"title":"Eifeler Radiotage November \/ Radiogeschichten gesucht","author":"Administrator","date":"October 16, 2019","format":false,"excerpt":"Liebe Listenteilnehmer:innen, am 09. und 10. November machen - wie ja schon angek\u00fcndigt - diverse hier anwesende subversive Objekte plus einige Non-ADX-Listler die zweite Ausgabe der Eifeler Radiotage in Kall. Der 30. Jahrestag der Mauer\u00f6ffnung markierte den Beginn des Falls des Eisernen Vorhangs \u2013 und das Zusammenwachsen Europas. Radiomacher:innen wollen\u2026","rel":"","context":"In &quot;Deutsch&quot;","block_context":{"text":"Deutsch","link":"https:\/\/www.achimbrueckner.de\/dxradio\/php\/wordpress\/?cat=1"},"img":{"alt_text":"","src":"","width":0,"height":0},"classes":[]},{"id":22057,"url":"https:\/\/www.achimbrueckner.de\/dxradio\/php\/wordpress\/?p=22057","url_meta":{"origin":11828,"position":3},"title":"Save the Date: Eifeler Radiotage 2019","author":"Administrator","date":"March 10, 2019","format":false,"excerpt":"Liebe Radiofreunde und -freundinnen, aus der im letzten Jahr geborenen Idee zum 70sten Geburtstags der Radios ein Event zu machen, ist zwischenzeitlich etwas konkretes geworden. Am Wochenende 06. und 07. Juli 2019 gibt es in der Gemeinde Kall die \"Eifeler Radiotage\". In den n\u00e4chsten Tagen wird die Webseite https:\/\/www.eifeler-radiotage.de\/ freigeschaltet.\u2026","rel":"","context":"In &quot;camps&quot;","block_context":{"text":"camps","link":"https:\/\/www.achimbrueckner.de\/dxradio\/php\/wordpress\/?cat=5"},"img":{"alt_text":"","src":"","width":0,"height":0},"classes":[]},{"id":14904,"url":"https:\/\/www.achimbrueckner.de\/dxradio\/php\/wordpress\/?p=14904","url_meta":{"origin":11828,"position":4},"title":"DAB+ Update: Das war in den letzten Tagen los","author":"Administrator","date":"October 9, 2017","format":false,"excerpt":"https:\/\/radio-wird-digital.eu\/dab-update-das-war-in-den-letzten-tagen-los\/","rel":"","context":"In &quot;Deutsch&quot;","block_context":{"text":"Deutsch","link":"https:\/\/www.achimbrueckner.de\/dxradio\/php\/wordpress\/?cat=1"},"img":{"alt_text":"","src":"","width":0,"height":0},"classes":[]},{"id":2358,"url":"https:\/\/www.achimbrueckner.de\/dxradio\/php\/wordpress\/?p=2358","url_meta":{"origin":11828,"position":5},"title":"Neujahrsr\u00e4tsel A-DX dx-unlimited.de","author":"Administrator","date":"December 22, 2012","format":false,"excerpt":"Das Forum http:\/\/www.dx-unlimited.de und die A-DX Mailingliste haben sich wieder gemeinsam entschlossen, ein R\u00e4tselspiel f\u00fcr alle Hobbyfreunde zu veranstalten. Anders als im Vorjahr haben wir die Aktion nicht in die stressige Vorweihnachtszeit oder den wohlverdienten Weihnachtsurlaub gelegt, sondern starten mit unserer Aktion im und ins neue Jahr 2013! Auch wird\u2026","rel":"","context":"In &quot;contests&quot;","block_context":{"text":"contests","link":"https:\/\/www.achimbrueckner.de\/dxradio\/php\/wordpress\/?cat=6"},"img":{"alt_text":"","src":"","width":0,"height":0},"classes":[]}],"_links":{"self":[{"href":"https:\/\/www.achimbrueckner.de\/dxradio\/php\/wordpress\/index.php?rest_route=\/wp\/v2\/posts\/11828","targetHints":{"allow":["GET"]}}],"collection":[{"href":"https:\/\/www.achimbrueckner.de\/dxradio\/php\/wordpress\/index.php?rest_route=\/wp\/v2\/posts"}],"about":[{"href":"https:\/\/www.achimbrueckner.de\/dxradio\/php\/wordpress\/index.php?rest_route=\/wp\/v2\/types\/post"}],"author":[{"embeddable":true,"href":"https:\/\/www.achimbrueckner.de\/dxradio\/php\/wordpress\/index.php?rest_route=\/wp\/v2\/users\/1"}],"replies":[{"embeddable":true,"href":"https:\/\/www.achimbrueckner.de\/dxradio\/php\/wordpress\/index.php?rest_route=%2Fwp%2Fv2%2Fcomments&post=11828"}],"version-history":[{"count":0,"href":"https:\/\/www.achimbrueckner.de\/dxradio\/php\/wordpress\/index.php?rest_route=\/wp\/v2\/posts\/11828\/revisions"}],"wp:attachment":[{"href":"https:\/\/www.achimbrueckner.de\/dxradio\/php\/wordpress\/index.php?rest_route=%2Fwp%2Fv2%2Fmedia&parent=11828"}],"wp:term":[{"taxonomy":"category","embeddable":true,"href":"https:\/\/www.achimbrueckner.de\/dxradio\/php\/wordpress\/index.php?rest_route=%2Fwp%2Fv2%2Fcategories&post=11828"},{"taxonomy":"post_tag","embeddable":true,"href":"https:\/\/www.achimbrueckner.de\/dxradio\/php\/wordpress\/index.php?rest_route=%2Fwp%2Fv2%2Ftags&post=11828"}],"curies":[{"name":"wp","href":"https:\/\/api.w.org\/{rel}","templated":true}]}}