{"id":1184,"date":"2010-10-14T17:56:34","date_gmt":"2010-10-14T17:56:34","guid":{"rendered":"https:\/\/www.achimbrueckner.de\/dxradio\/php\/wordpress\/?p=1184"},"modified":"2010-10-14T17:56:34","modified_gmt":"2010-10-14T17:56:34","slug":"hcjb-deutsch","status":"publish","type":"post","link":"https:\/\/www.achimbrueckner.de\/dxradio\/php\/wordpress\/?p=1184","title":{"rendered":"HCJB Deutsch"},"content":{"rendered":"<p>hier die neuen Frequenzen f\u00fcr Oktober 2010:<br \/>\n16:30 UTC bis 17:00 UTC Plattdeutsch        6035 kHz &#8211; 100 KW &#8211; Sit 17:00 UTC bis 17:30 UTC Hochdeutsch        6035 kHz &#8211; 100 KW &#8211; Sit<\/p>\n<p>Info via <a href=\"http:\/\/www.facebook.com\/group.php?gid=314582800715\">HCJB<\/a><\/p>\n","protected":false},"excerpt":{"rendered":"<p>hier die neuen Frequenzen f\u00fcr Oktober 2010: 16:30 UTC bis 17:00 UTC Plattdeutsch 6035 kHz &#8211; 100 KW &#8211; Sit 17:00 UTC bis 17:30 UTC Hochdeutsch 6035 kHz &#8211; 100 KW &#8211; Sit Info via HCJB<\/p>\n","protected":false},"author":1,"featured_media":0,"comment_status":"open","ping_status":"open","sticky":false,"template":"","format":"standard","meta":{"_jetpack_memberships_contains_paid_content":false,"footnotes":"","jetpack_publicize_message":"","jetpack_publicize_feature_enabled":true,"jetpack_social_post_already_shared":false,"jetpack_social_options":{"image_generator_settings":{"template":"highway","default_image_id":0,"font":"","enabled":false},"version":2}},"categories":[8],"tags":[],"class_list":["post-1184","post","type-post","status-publish","format-standard","hentry","category-schedules"],"jetpack_publicize_connections":[],"jetpack_featured_media_url":"","jetpack_sharing_enabled":true,"jetpack_shortlink":"https:\/\/wp.me\/p5CDmr-j6","jetpack-related-posts":[{"id":36559,"url":"https:\/\/www.achimbrueckner.de\/dxradio\/php\/wordpress\/?p=36559","url_meta":{"origin":1184,"position":0},"title":"Sondersendung der BBC zur Wintersonnenwende Antarktis","author":"Administrator","date":"June 14, 2022","format":false,"excerpt":"Die j\u00e4hrliche Sondersendung der BBC zur Wintersonnenwende f\u00fcr das Service Personal des British Antarctic Survey wird am 21. Juni von 21:30 bis 22:00 Uhr UTC ausgestrahlt. Daf\u00fcr wird es bereits am heutigen 14. Juni ein 15 min\u00fctiges Testprogramm von 21:30 bis 21:45 Uhr UTC geben. Sendefrequenzen sind 7305 kHz (Ascension\u2026","rel":"","context":"In &quot;Deutsch&quot;","block_context":{"text":"Deutsch","link":"https:\/\/www.achimbrueckner.de\/dxradio\/php\/wordpress\/?cat=1"},"img":{"alt_text":"","src":"","width":0,"height":0},"classes":[]},{"id":34200,"url":"https:\/\/www.achimbrueckner.de\/dxradio\/php\/wordpress\/?p=34200","url_meta":{"origin":1184,"position":1},"title":"FMK Weihnachten 2021","author":"Administrator","date":"December 18, 2021","format":false,"excerpt":"Hallo liebe Radiofreunde, es wird dieses Jahr keinen DX-Marathon geben an dem sich FM Kompakt bzw. Radio Klein Paris beteiligen. Trotzdem habe ich mir etwas, einen kleinen Kontest, \u00fcberlegt. FM Kompakt hat in den Programmen von Partnerstationen jeweils einen Gru\u00df platziert und auch Musikw\u00fcnsche ge\u00e4u\u00dfert. Schaltet bitte folgende Programme ein\u2026","rel":"","context":"In &quot;Deutsch&quot;","block_context":{"text":"Deutsch","link":"https:\/\/www.achimbrueckner.de\/dxradio\/php\/wordpress\/?cat=1"},"img":{"alt_text":"","src":"","width":0,"height":0},"classes":[]},{"id":12838,"url":"https:\/\/www.achimbrueckner.de\/dxradio\/php\/wordpress\/?p=12838","url_meta":{"origin":1184,"position":2},"title":"Kurzwellen-Sondersendungen von der 24. IARU-Region 1-Konferenz","author":"Administrator","date":"April 13, 2017","format":false,"excerpt":"RADIO DARC berichtet in Kurzwellen-Sondersendungen von der 24. IARU-Region 1-Konferenz aus Landshut Vom 16. bis 22. September 2017 findet in Landshut bei M\u00fcnchen die IARU-Region-1-Konferenz statt. Deutschland war 1958 das letzte Mal Gastgeber dieser Veranstaltung der Internationalen Amateur-Radio-Union. 130 Delegierte von vielen der 96 Mitgliedsverb\u00e4nden werden dort Fragen rund um\u2026","rel":"","context":"In &quot;Deutsch&quot;","block_context":{"text":"Deutsch","link":"https:\/\/www.achimbrueckner.de\/dxradio\/php\/wordpress\/?cat=1"},"img":{"alt_text":"","src":"","width":0,"height":0},"classes":[]},{"id":34563,"url":"https:\/\/www.achimbrueckner.de\/dxradio\/php\/wordpress\/?p=34563","url_meta":{"origin":1184,"position":3},"title":"Fixed times for Radio Andorra Revival on February 5th 2022:","author":"Administrator","date":"February 3, 2022","format":false,"excerpt":"Fixed times for Radio Andorra Revival on February 5th 2022: For North America: 1200-1400 UTC at 5850 kHz via WRMI Florida, USA, 315\u00b0 with 100 kW For Europe: 1630-1830 UTC on 6175 kHz via ORS Moosbrunn, Austria, 270\u00b0 with 100 kW For Europe: 1900-2100 UTC on 1467 kHz via RMC\u2026","rel":"","context":"In &quot;English&quot;","block_context":{"text":"English","link":"https:\/\/www.achimbrueckner.de\/dxradio\/php\/wordpress\/?cat=2"},"img":{"alt_text":"","src":"","width":0,"height":0},"classes":[]},{"id":87,"url":"https:\/\/www.achimbrueckner.de\/dxradio\/php\/wordpress\/?p=87","url_meta":{"origin":1184,"position":4},"title":"HCJB Quito","author":"Administrator","date":"October 6, 2006","format":false,"excerpt":"Catched the last minutes of HCJB Quito on 6050 Khz at 0500 Utc till sign off at 0504 Utc. SINPO was 24433 and played nice anden-music.","rel":"","context":"In &quot;reception&quot;","block_context":{"text":"reception","link":"https:\/\/www.achimbrueckner.de\/dxradio\/php\/wordpress\/?cat=4"},"img":{"alt_text":"","src":"","width":0,"height":0},"classes":[]},{"id":30644,"url":"https:\/\/www.achimbrueckner.de\/dxradio\/php\/wordpress\/?p=30644","url_meta":{"origin":1184,"position":5},"title":"Ekuador wieder in deutscher Sprache auf Kurzwelle:","author":"Administrator","date":"October 31, 2020","format":false,"excerpt":"Hallo DXer, wie im letzten Winter strahlen wir wieder das DX-Programm von Horst Wiese von der Arbeitsgemeinschaft Radio HCJB e.V.-Deutschland aus. Sendezeit Samstags um 4 und 5 Uhr UTC. Gesendet wird \u00fcber den 1 kW Kurzwellensender auf 6050 kHz vom Berg Pichincha nahe Quito. Empfangsberichte bitte an: deutsch @ andenstimme.org\u2026","rel":"","context":"In &quot;Deutsch&quot;","block_context":{"text":"Deutsch","link":"https:\/\/www.achimbrueckner.de\/dxradio\/php\/wordpress\/?cat=1"},"img":{"alt_text":"","src":"","width":0,"height":0},"classes":[]}],"_links":{"self":[{"href":"https:\/\/www.achimbrueckner.de\/dxradio\/php\/wordpress\/index.php?rest_route=\/wp\/v2\/posts\/1184","targetHints":{"allow":["GET"]}}],"collection":[{"href":"https:\/\/www.achimbrueckner.de\/dxradio\/php\/wordpress\/index.php?rest_route=\/wp\/v2\/posts"}],"about":[{"href":"https:\/\/www.achimbrueckner.de\/dxradio\/php\/wordpress\/index.php?rest_route=\/wp\/v2\/types\/post"}],"author":[{"embeddable":true,"href":"https:\/\/www.achimbrueckner.de\/dxradio\/php\/wordpress\/index.php?rest_route=\/wp\/v2\/users\/1"}],"replies":[{"embeddable":true,"href":"https:\/\/www.achimbrueckner.de\/dxradio\/php\/wordpress\/index.php?rest_route=%2Fwp%2Fv2%2Fcomments&post=1184"}],"version-history":[{"count":0,"href":"https:\/\/www.achimbrueckner.de\/dxradio\/php\/wordpress\/index.php?rest_route=\/wp\/v2\/posts\/1184\/revisions"}],"wp:attachment":[{"href":"https:\/\/www.achimbrueckner.de\/dxradio\/php\/wordpress\/index.php?rest_route=%2Fwp%2Fv2%2Fmedia&parent=1184"}],"wp:term":[{"taxonomy":"category","embeddable":true,"href":"https:\/\/www.achimbrueckner.de\/dxradio\/php\/wordpress\/index.php?rest_route=%2Fwp%2Fv2%2Fcategories&post=1184"},{"taxonomy":"post_tag","embeddable":true,"href":"https:\/\/www.achimbrueckner.de\/dxradio\/php\/wordpress\/index.php?rest_route=%2Fwp%2Fv2%2Ftags&post=1184"}],"curies":[{"name":"wp","href":"https:\/\/api.w.org\/{rel}","templated":true}]}}