{"id":11882,"date":"2017-01-26T15:15:58","date_gmt":"2017-01-26T15:15:58","guid":{"rendered":"https:\/\/www.achimbrueckner.de\/dxradio\/php\/wordpress\/?p=11882"},"modified":"2017-01-26T15:15:58","modified_gmt":"2017-01-26T15:15:58","slug":"sputnik-news-polit-pornografie-fur-die-afd","status":"publish","type":"post","link":"https:\/\/www.achimbrueckner.de\/dxradio\/php\/wordpress\/?p=11882","title":{"rendered":"Sputnik News, Polit-Pornografie f\u00fcr die AfD"},"content":{"rendered":"<p><a href=\"http:\/\/www.berliner-zeitung.de\/politik\/meinung\/kommentar-sputnik-news--polit-pornografie-fuer-die-afd-25613534\" target=\"_blank\">http:\/\/www.berliner-zeitung.de\/politik\/meinung\/kommentar-sputnik-news&#8211;polit-pornografie-fuer-die-afd-25613534<\/a><\/p>\n","protected":false},"excerpt":{"rendered":"<p>http:\/\/www.berliner-zeitung.de\/politik\/meinung\/kommentar-sputnik-news&#8211;polit-pornografie-fuer-die-afd-25613534<\/p>\n","protected":false},"author":1,"featured_media":0,"comment_status":"open","ping_status":"open","sticky":false,"template":"","format":"standard","meta":{"_jetpack_memberships_contains_paid_content":false,"footnotes":"","jetpack_publicize_message":"","jetpack_publicize_feature_enabled":true,"jetpack_social_post_already_shared":true,"jetpack_social_options":{"image_generator_settings":{"template":"highway","default_image_id":0,"font":"","enabled":false},"version":2}},"categories":[1],"tags":[],"class_list":["post-11882","post","type-post","status-publish","format-standard","hentry","category-deutsch"],"jetpack_publicize_connections":[],"jetpack_featured_media_url":"","jetpack_sharing_enabled":true,"jetpack_shortlink":"https:\/\/wp.me\/p5CDmr-35E","jetpack-related-posts":[{"id":26131,"url":"https:\/\/www.achimbrueckner.de\/dxradio\/php\/wordpress\/?p=26131","url_meta":{"origin":11882,"position":0},"title":"Aufsichtsbeh\u00f6rde leitet Verfahren gegen Twitter ein","author":"Administrator","date":"December 12, 2019","format":false,"excerpt":"https:\/\/www.spiegel.de\/netzwelt\/netzpolitik\/wegen-pornografie-medienanstalt-leitet-verfahren-gegen-twitter-ein-a-1300908.html","rel":"","context":"In &quot;Deutsch&quot;","block_context":{"text":"Deutsch","link":"https:\/\/www.achimbrueckner.de\/dxradio\/php\/wordpress\/?cat=1"},"img":{"alt_text":"","src":"","width":0,"height":0},"classes":[]},{"id":1563,"url":"https:\/\/www.achimbrueckner.de\/dxradio\/php\/wordpress\/?p=1563","url_meta":{"origin":11882,"position":1},"title":"Ukraine: Radio-Moderatorin nach Polit-Kritik gefeuert","author":"Administrator","date":"May 19, 2011","format":false,"excerpt":"Ukraine: Radio-Moderatorin nach Polit-Kritik gefeuert http:\/\/derstandard.at\/1304552202754\/Ukraine-Radio-Moderatorin-nach-Polit-Kritik-gefeuert","rel":"","context":"In &quot;Deutsch&quot;","block_context":{"text":"Deutsch","link":"https:\/\/www.achimbrueckner.de\/dxradio\/php\/wordpress\/?cat=1"},"img":{"alt_text":"","src":"","width":0,"height":0},"classes":[]},{"id":7353,"url":"https:\/\/www.achimbrueckner.de\/dxradio\/php\/wordpress\/?p=7353","url_meta":{"origin":11882,"position":2},"title":"Michel Friedman wird Polit-Talker bei der Deutschen Welle","author":"Administrator","date":"January 23, 2016","format":false,"excerpt":"http:\/\/www.digitalfernsehen.de\/Michel-Friedman-wird-Polit-Talker-bei-der-Deutschen-Welle.136178.0.html","rel":"","context":"In &quot;Deutsch&quot;","block_context":{"text":"Deutsch","link":"https:\/\/www.achimbrueckner.de\/dxradio\/php\/wordpress\/?cat=1"},"img":{"alt_text":"","src":"","width":0,"height":0},"classes":[]},{"id":30020,"url":"https:\/\/www.achimbrueckner.de\/dxradio\/php\/wordpress\/?p=30020","url_meta":{"origin":11882,"position":3},"title":"Polit-Talkshows: Studie kritisiert mangelnde Vielfalt","author":"Administrator","date":"September 9, 2020","format":false,"excerpt":"https:\/\/www.ndr.de\/fernsehen\/sendungen\/zapp\/medienpolitik\/Polit-Talkshows-Studie-kritisiert-mangelnde-Vielfalt,talkshows110.html","rel":"","context":"In &quot;Deutsch&quot;","block_context":{"text":"Deutsch","link":"https:\/\/www.achimbrueckner.de\/dxradio\/php\/wordpress\/?cat=1"},"img":{"alt_text":"","src":"","width":0,"height":0},"classes":[]},{"id":1608,"url":"https:\/\/www.achimbrueckner.de\/dxradio\/php\/wordpress\/?p=1608","url_meta":{"origin":11882,"position":4},"title":"MDR: Neuregulierung von Jump und Sputnik","author":"Administrator","date":"June 20, 2011","format":false,"excerpt":"MDR: Neuregulierung von Jump und Sputnik http:\/\/www.radioszene.de\/25842\/die-neuregulierung-von-jump.html","rel":"","context":"In &quot;Deutsch&quot;","block_context":{"text":"Deutsch","link":"https:\/\/www.achimbrueckner.de\/dxradio\/php\/wordpress\/?cat=1"},"img":{"alt_text":"","src":"","width":0,"height":0},"classes":[]},{"id":461,"url":"https:\/\/www.achimbrueckner.de\/dxradio\/php\/wordpress\/?p=461","url_meta":{"origin":11882,"position":5},"title":"Ein Sputnik ist abgest\u00fcrzt &#8211; Das Vorwende-Jahr bei DT 64","author":"Administrator","date":"June 10, 2009","format":false,"excerpt":"F\u00fcr alle DT64 Fans,aufgepasst und reinh\u00f6ren: Figaro am Vormittag Datum Sendezeit Sa., 13.06. 09:00 Uhr 09.00 Nachrichten 09.05 Feature Wir waren das Volk! - MDR FIGARO erinnert an die Friedliche Revolution: Ein Sputnik ist abgest\u00fcrzt - Das Vorwende-Jahr bei DT 64 Von J\u00fcrgen Balitzki und Marcus Heumann (Ursendung) Am 19.\u2026","rel":"","context":"In &quot;Deutsch&quot;","block_context":{"text":"Deutsch","link":"https:\/\/www.achimbrueckner.de\/dxradio\/php\/wordpress\/?cat=1"},"img":{"alt_text":"","src":"","width":0,"height":0},"classes":[]}],"_links":{"self":[{"href":"https:\/\/www.achimbrueckner.de\/dxradio\/php\/wordpress\/index.php?rest_route=\/wp\/v2\/posts\/11882","targetHints":{"allow":["GET"]}}],"collection":[{"href":"https:\/\/www.achimbrueckner.de\/dxradio\/php\/wordpress\/index.php?rest_route=\/wp\/v2\/posts"}],"about":[{"href":"https:\/\/www.achimbrueckner.de\/dxradio\/php\/wordpress\/index.php?rest_route=\/wp\/v2\/types\/post"}],"author":[{"embeddable":true,"href":"https:\/\/www.achimbrueckner.de\/dxradio\/php\/wordpress\/index.php?rest_route=\/wp\/v2\/users\/1"}],"replies":[{"embeddable":true,"href":"https:\/\/www.achimbrueckner.de\/dxradio\/php\/wordpress\/index.php?rest_route=%2Fwp%2Fv2%2Fcomments&post=11882"}],"version-history":[{"count":0,"href":"https:\/\/www.achimbrueckner.de\/dxradio\/php\/wordpress\/index.php?rest_route=\/wp\/v2\/posts\/11882\/revisions"}],"wp:attachment":[{"href":"https:\/\/www.achimbrueckner.de\/dxradio\/php\/wordpress\/index.php?rest_route=%2Fwp%2Fv2%2Fmedia&parent=11882"}],"wp:term":[{"taxonomy":"category","embeddable":true,"href":"https:\/\/www.achimbrueckner.de\/dxradio\/php\/wordpress\/index.php?rest_route=%2Fwp%2Fv2%2Fcategories&post=11882"},{"taxonomy":"post_tag","embeddable":true,"href":"https:\/\/www.achimbrueckner.de\/dxradio\/php\/wordpress\/index.php?rest_route=%2Fwp%2Fv2%2Ftags&post=11882"}],"curies":[{"name":"wp","href":"https:\/\/api.w.org\/{rel}","templated":true}]}}