{"id":11890,"date":"2017-01-27T15:38:04","date_gmt":"2017-01-27T15:38:04","guid":{"rendered":"https:\/\/www.achimbrueckner.de\/dxradio\/php\/wordpress\/?p=11890"},"modified":"2017-01-27T15:38:04","modified_gmt":"2017-01-27T15:38:04","slug":"das-groste-rundfunkmuseum-als-ziel","status":"publish","type":"post","link":"https:\/\/www.achimbrueckner.de\/dxradio\/php\/wordpress\/?p=11890","title":{"rendered":"Das gr\u00f6\u00dfte Rundfunkmuseum als Ziel"},"content":{"rendered":"<p><a href=\"http:\/\/www.mittelbayerische.de\/region\/cham\/gemeinden\/cham\/das-groesste-rundfunkmuseum-als-ziel-22798-art1478852.html\" target=\"_blank\">http:\/\/www.mittelbayerische.de\/region\/cham\/gemeinden\/cham\/das-groesste-rundfunkmuseum-als-ziel-22798-art1478852.html<\/a><\/p>\n","protected":false},"excerpt":{"rendered":"<p>http:\/\/www.mittelbayerische.de\/region\/cham\/gemeinden\/cham\/das-groesste-rundfunkmuseum-als-ziel-22798-art1478852.html<\/p>\n","protected":false},"author":1,"featured_media":0,"comment_status":"open","ping_status":"open","sticky":false,"template":"","format":"standard","meta":{"_jetpack_memberships_contains_paid_content":false,"footnotes":"","jetpack_publicize_message":"","jetpack_publicize_feature_enabled":true,"jetpack_social_post_already_shared":true,"jetpack_social_options":{"image_generator_settings":{"template":"highway","default_image_id":0,"font":"","enabled":false},"version":2}},"categories":[1],"tags":[24],"class_list":["post-11890","post","type-post","status-publish","format-standard","hentry","category-deutsch","tag-am"],"jetpack_publicize_connections":[],"jetpack_featured_media_url":"","jetpack_sharing_enabled":true,"jetpack_shortlink":"https:\/\/wp.me\/p5CDmr-35M","jetpack-related-posts":[{"id":33562,"url":"https:\/\/www.achimbrueckner.de\/dxradio\/php\/wordpress\/?p=33562","url_meta":{"origin":11890,"position":0},"title":"Das Archiv ist im Rundfunkmuseum Cham eingezogen","author":"Administrator","date":"September 12, 2021","format":false,"excerpt":"digiandi.de - Das H\u00f6rfunkarchiv Das Archiv ist im Rundfunkmuseum Cham eingezogen! An einer H\u00f6rstation kann ab sofort in ausgew\u00e4hlte Mitschnitte reingeh\u00f6rt werden. Info via Facebook","rel":"","context":"In &quot;Deutsch&quot;","block_context":{"text":"Deutsch","link":"https:\/\/www.achimbrueckner.de\/dxradio\/php\/wordpress\/?cat=1"},"img":{"alt_text":"","src":"","width":0,"height":0},"classes":[]},{"id":18878,"url":"https:\/\/www.achimbrueckner.de\/dxradio\/php\/wordpress\/?p=18878","url_meta":{"origin":11890,"position":1},"title":"Rundfunkmuseum feierte Einj\u00e4hriges","author":"Administrator","date":"August 22, 2018","format":false,"excerpt":"https:\/\/www.mittelbayerische.de\/region\/cham-nachrichten\/rundfunkmuseum-feierte-das-einjaehrige-20909-art1683145.html","rel":"","context":"In &quot;Deutsch&quot;","block_context":{"text":"Deutsch","link":"https:\/\/www.achimbrueckner.de\/dxradio\/php\/wordpress\/?cat=1"},"img":{"alt_text":"","src":"","width":0,"height":0},"classes":[]},{"id":11033,"url":"https:\/\/www.achimbrueckner.de\/dxradio\/php\/wordpress\/?p=11033","url_meta":{"origin":11890,"position":2},"title":"Rundfunkmuseum hat eigene Mittelwelle","author":"Administrator","date":"November 16, 2016","format":false,"excerpt":"http:\/\/www.mittelbayerische.de\/region\/cham\/gemeinden\/cham\/rundfunkmuseum-hat-eigene-mittelwelle-22798-art1452309.html","rel":"","context":"In &quot;Deutsch&quot;","block_context":{"text":"Deutsch","link":"https:\/\/www.achimbrueckner.de\/dxradio\/php\/wordpress\/?cat=1"},"img":{"alt_text":"","src":"","width":0,"height":0},"classes":[]},{"id":9987,"url":"https:\/\/www.achimbrueckner.de\/dxradio\/php\/wordpress\/?p=9987","url_meta":{"origin":11890,"position":3},"title":"Rundfunkmuseum erstmals in Wort und Bild","author":"Administrator","date":"August 19, 2016","format":false,"excerpt":"http:\/\/www.mittelbayerische.de\/region\/cham\/gemeinden\/cham\/rundfunkmuseum-erstmals-in-wort-und-bild-22798-art1418884.html","rel":"","context":"In &quot;Deutsch&quot;","block_context":{"text":"Deutsch","link":"https:\/\/www.achimbrueckner.de\/dxradio\/php\/wordpress\/?cat=1"},"img":{"alt_text":"","src":"","width":0,"height":0},"classes":[]},{"id":41441,"url":"https:\/\/www.achimbrueckner.de\/dxradio\/php\/wordpress\/?p=41441","url_meta":{"origin":11890,"position":4},"title":"Das Rundfunkmuseum in Cham","author":"Administrator","date":"July 4, 2024","format":false,"excerpt":"https:\/\/www.youtube.com\/watch?v=8cljp0xrVOs","rel":"","context":"In &quot;Deutsch&quot;","block_context":{"text":"Deutsch","link":"https:\/\/www.achimbrueckner.de\/dxradio\/php\/wordpress\/?cat=1"},"img":{"alt_text":"","src":"","width":0,"height":0},"classes":[]},{"id":18927,"url":"https:\/\/www.achimbrueckner.de\/dxradio\/php\/wordpress\/?p=18927","url_meta":{"origin":11890,"position":5},"title":"Rundfunkmuseum Cham: Lebendige Pr\u00e4sentation f\u00fcr Radio-Nostalgiker","author":"Administrator","date":"August 27, 2018","format":false,"excerpt":"https:\/\/www.radioszene.de\/125100\/rundfunkmuseum-cham.html","rel":"","context":"In &quot;Deutsch&quot;","block_context":{"text":"Deutsch","link":"https:\/\/www.achimbrueckner.de\/dxradio\/php\/wordpress\/?cat=1"},"img":{"alt_text":"","src":"","width":0,"height":0},"classes":[]}],"_links":{"self":[{"href":"https:\/\/www.achimbrueckner.de\/dxradio\/php\/wordpress\/index.php?rest_route=\/wp\/v2\/posts\/11890","targetHints":{"allow":["GET"]}}],"collection":[{"href":"https:\/\/www.achimbrueckner.de\/dxradio\/php\/wordpress\/index.php?rest_route=\/wp\/v2\/posts"}],"about":[{"href":"https:\/\/www.achimbrueckner.de\/dxradio\/php\/wordpress\/index.php?rest_route=\/wp\/v2\/types\/post"}],"author":[{"embeddable":true,"href":"https:\/\/www.achimbrueckner.de\/dxradio\/php\/wordpress\/index.php?rest_route=\/wp\/v2\/users\/1"}],"replies":[{"embeddable":true,"href":"https:\/\/www.achimbrueckner.de\/dxradio\/php\/wordpress\/index.php?rest_route=%2Fwp%2Fv2%2Fcomments&post=11890"}],"version-history":[{"count":0,"href":"https:\/\/www.achimbrueckner.de\/dxradio\/php\/wordpress\/index.php?rest_route=\/wp\/v2\/posts\/11890\/revisions"}],"wp:attachment":[{"href":"https:\/\/www.achimbrueckner.de\/dxradio\/php\/wordpress\/index.php?rest_route=%2Fwp%2Fv2%2Fmedia&parent=11890"}],"wp:term":[{"taxonomy":"category","embeddable":true,"href":"https:\/\/www.achimbrueckner.de\/dxradio\/php\/wordpress\/index.php?rest_route=%2Fwp%2Fv2%2Fcategories&post=11890"},{"taxonomy":"post_tag","embeddable":true,"href":"https:\/\/www.achimbrueckner.de\/dxradio\/php\/wordpress\/index.php?rest_route=%2Fwp%2Fv2%2Ftags&post=11890"}],"curies":[{"name":"wp","href":"https:\/\/api.w.org\/{rel}","templated":true}]}}