{"id":11898,"date":"2017-01-27T22:19:35","date_gmt":"2017-01-27T22:19:35","guid":{"rendered":"https:\/\/www.achimbrueckner.de\/dxradio\/php\/wordpress\/?p=11898"},"modified":"2017-01-27T22:19:35","modified_gmt":"2017-01-27T22:19:35","slug":"guter-journalismus-statt-fake-news","status":"publish","type":"post","link":"https:\/\/www.achimbrueckner.de\/dxradio\/php\/wordpress\/?p=11898","title":{"rendered":"\u201eGuter Journalismus statt Fake-News\u201c"},"content":{"rendered":"<p><a href=\"http:\/\/www.kielerleben.de\/news\/guter-journalismus-statt-fake-news-10013574.html\" target=\"_blank\">http:\/\/www.kielerleben.de\/news\/guter-journalismus-statt-fake-news-10013574.html<\/a><\/p>\n","protected":false},"excerpt":{"rendered":"<p>http:\/\/www.kielerleben.de\/news\/guter-journalismus-statt-fake-news-10013574.html<\/p>\n","protected":false},"author":1,"featured_media":0,"comment_status":"open","ping_status":"open","sticky":false,"template":"","format":"standard","meta":{"_jetpack_memberships_contains_paid_content":false,"footnotes":"","jetpack_publicize_message":"","jetpack_publicize_feature_enabled":true,"jetpack_social_post_already_shared":true,"jetpack_social_options":{"image_generator_settings":{"template":"highway","default_image_id":0,"font":"","enabled":false},"version":2}},"categories":[1],"tags":[],"class_list":["post-11898","post","type-post","status-publish","format-standard","hentry","category-deutsch"],"jetpack_publicize_connections":[],"jetpack_featured_media_url":"","jetpack_sharing_enabled":true,"jetpack_shortlink":"https:\/\/wp.me\/p5CDmr-35U","jetpack-related-posts":[{"id":20316,"url":"https:\/\/www.achimbrueckner.de\/dxradio\/php\/wordpress\/?p=20316","url_meta":{"origin":11898,"position":0},"title":"\u00abGuter Journalismus ist unverzichtbar\u00bb","author":"Administrator","date":"December 8, 2018","format":false,"excerpt":"https:\/\/www.persoenlich.com\/medien\/guter-journalismus-ist-unverzichtbar","rel":"","context":"In &quot;Deutsch&quot;","block_context":{"text":"Deutsch","link":"https:\/\/www.achimbrueckner.de\/dxradio\/php\/wordpress\/?cat=1"},"img":{"alt_text":"","src":"","width":0,"height":0},"classes":[]},{"id":17428,"url":"https:\/\/www.achimbrueckner.de\/dxradio\/php\/wordpress\/?p=17428","url_meta":{"origin":11898,"position":1},"title":"&#8220;Fakten statt Fake News, daf\u00fcr brauchen wir die Deutsche Welle&#8221;","author":"Administrator","date":"April 20, 2018","format":false,"excerpt":"http:\/\/www.dw.com\/de\/fakten-statt-fake-news-daf%C3%BCr-brauchen-wir-die-deutsche-welle\/a-43467871","rel":"","context":"In &quot;Deutsch&quot;","block_context":{"text":"Deutsch","link":"https:\/\/www.achimbrueckner.de\/dxradio\/php\/wordpress\/?cat=1"},"img":{"alt_text":"","src":"","width":0,"height":0},"classes":[]},{"id":19550,"url":"https:\/\/www.achimbrueckner.de\/dxradio\/php\/wordpress\/?p=19550","url_meta":{"origin":11898,"position":2},"title":"Wie viel Technologie braucht guter Journalismus?","author":"Administrator","date":"October 13, 2018","format":false,"excerpt":"https:\/\/www.welt.de\/print\/die_welt\/kultur\/article181957244\/Wie-viel-Technologie-braucht-guter-Journalismus.html","rel":"","context":"In &quot;Deutsch&quot;","block_context":{"text":"Deutsch","link":"https:\/\/www.achimbrueckner.de\/dxradio\/php\/wordpress\/?cat=1"},"img":{"alt_text":"","src":"","width":0,"height":0},"classes":[]},{"id":32848,"url":"https:\/\/www.achimbrueckner.de\/dxradio\/php\/wordpress\/?p=32848","url_meta":{"origin":11898,"position":3},"title":"Bezahlen f\u00fcr News: Wie die Tech-Branche den Journalismus st\u00e4rken k\u00f6nnte","author":"Administrator","date":"June 9, 2021","format":false,"excerpt":"https:\/\/www.heise.de\/hintergrund\/Bezahlen-fuer-News-Wie-die-Tech-Branche-den-Journalismus-rekapitalisieren-koennte-6057244.html","rel":"","context":"In &quot;Deutsch&quot;","block_context":{"text":"Deutsch","link":"https:\/\/www.achimbrueckner.de\/dxradio\/php\/wordpress\/?cat=1"},"img":{"alt_text":"","src":"","width":0,"height":0},"classes":[]},{"id":40227,"url":"https:\/\/www.achimbrueckner.de\/dxradio\/php\/wordpress\/?p=40227","url_meta":{"origin":11898,"position":4},"title":"Deutscher Dienst BBC Journalismus statt Propaganda","author":"Administrator","date":"September 27, 2023","format":false,"excerpt":"https:\/\/www.deutschlandfunk.de\/27-09-1938-die-bbc-startet-ihren-deutschen-dienst-dlf-54d76629-100.html Info via A-DX","rel":"","context":"In &quot;Deutsch&quot;","block_context":{"text":"Deutsch","link":"https:\/\/www.achimbrueckner.de\/dxradio\/php\/wordpress\/?cat=1"},"img":{"alt_text":"","src":"","width":0,"height":0},"classes":[]},{"id":38943,"url":"https:\/\/www.achimbrueckner.de\/dxradio\/php\/wordpress\/?p=38943","url_meta":{"origin":11898,"position":5},"title":"Studie: &#8220;Spotify f\u00fcr den Journalismus&#8221; k\u00f6nnte Ums\u00e4tze und Reichweite erh\u00f6hen","author":"Administrator","date":"March 1, 2023","format":false,"excerpt":"https:\/\/www.heise.de\/news\/Studie-Spotify-fuer-den-Journalismus-koennte-Umsaetze-und-Reichweite-erhoehen-7531562.html","rel":"","context":"In &quot;Deutsch&quot;","block_context":{"text":"Deutsch","link":"https:\/\/www.achimbrueckner.de\/dxradio\/php\/wordpress\/?cat=1"},"img":{"alt_text":"","src":"","width":0,"height":0},"classes":[]}],"_links":{"self":[{"href":"https:\/\/www.achimbrueckner.de\/dxradio\/php\/wordpress\/index.php?rest_route=\/wp\/v2\/posts\/11898","targetHints":{"allow":["GET"]}}],"collection":[{"href":"https:\/\/www.achimbrueckner.de\/dxradio\/php\/wordpress\/index.php?rest_route=\/wp\/v2\/posts"}],"about":[{"href":"https:\/\/www.achimbrueckner.de\/dxradio\/php\/wordpress\/index.php?rest_route=\/wp\/v2\/types\/post"}],"author":[{"embeddable":true,"href":"https:\/\/www.achimbrueckner.de\/dxradio\/php\/wordpress\/index.php?rest_route=\/wp\/v2\/users\/1"}],"replies":[{"embeddable":true,"href":"https:\/\/www.achimbrueckner.de\/dxradio\/php\/wordpress\/index.php?rest_route=%2Fwp%2Fv2%2Fcomments&post=11898"}],"version-history":[{"count":0,"href":"https:\/\/www.achimbrueckner.de\/dxradio\/php\/wordpress\/index.php?rest_route=\/wp\/v2\/posts\/11898\/revisions"}],"wp:attachment":[{"href":"https:\/\/www.achimbrueckner.de\/dxradio\/php\/wordpress\/index.php?rest_route=%2Fwp%2Fv2%2Fmedia&parent=11898"}],"wp:term":[{"taxonomy":"category","embeddable":true,"href":"https:\/\/www.achimbrueckner.de\/dxradio\/php\/wordpress\/index.php?rest_route=%2Fwp%2Fv2%2Fcategories&post=11898"},{"taxonomy":"post_tag","embeddable":true,"href":"https:\/\/www.achimbrueckner.de\/dxradio\/php\/wordpress\/index.php?rest_route=%2Fwp%2Fv2%2Ftags&post=11898"}],"curies":[{"name":"wp","href":"https:\/\/api.w.org\/{rel}","templated":true}]}}