{"id":11906,"date":"2017-01-29T14:29:39","date_gmt":"2017-01-29T14:29:39","guid":{"rendered":"https:\/\/www.achimbrueckner.de\/dxradio\/php\/wordpress\/?p=11906"},"modified":"2017-01-29T14:29:39","modified_gmt":"2017-01-29T14:29:39","slug":"radiomoderator-york-lange-ich-quatsche-jeden-in-grund-und-boden","status":"publish","type":"post","link":"https:\/\/www.achimbrueckner.de\/dxradio\/php\/wordpress\/?p=11906","title":{"rendered":"RADIOMODERATOR YORK LANGE : \u201eIch quatsche jeden in Grund und Boden\u201c"},"content":{"rendered":"<p><a href=\"http:\/\/www.shz.de\/lokales\/schleswiger-nachrichten\/ich-quatsche-jeden-in-grund-und-boden-id15954886.html\" target=\"_blank\">http:\/\/www.shz.de\/lokales\/schleswiger-nachrichten\/ich-quatsche-jeden-in-grund-und-boden-id15954886.html<\/a><\/p>\n","protected":false},"excerpt":{"rendered":"<p>http:\/\/www.shz.de\/lokales\/schleswiger-nachrichten\/ich-quatsche-jeden-in-grund-und-boden-id15954886.html<\/p>\n","protected":false},"author":1,"featured_media":0,"comment_status":"open","ping_status":"open","sticky":false,"template":"","format":"standard","meta":{"_jetpack_memberships_contains_paid_content":false,"footnotes":"","jetpack_publicize_message":"","jetpack_publicize_feature_enabled":true,"jetpack_social_post_already_shared":true,"jetpack_social_options":{"image_generator_settings":{"template":"highway","default_image_id":0,"font":"","enabled":false},"version":2}},"categories":[1],"tags":[],"class_list":["post-11906","post","type-post","status-publish","format-standard","hentry","category-deutsch"],"jetpack_publicize_connections":[],"jetpack_featured_media_url":"","jetpack_sharing_enabled":true,"jetpack_shortlink":"https:\/\/wp.me\/p5CDmr-362","jetpack-related-posts":[{"id":26652,"url":"https:\/\/www.achimbrueckner.de\/dxradio\/php\/wordpress\/?p=26652","url_meta":{"origin":11906,"position":0},"title":"Hans Meiser: \u201eIch w\u00fcrde gerne wieder Radio machen\u201c","author":"Administrator","date":"January 14, 2020","format":false,"excerpt":"https:\/\/www.harzkurier.de\/lokales\/bad-grund\/article228130071\/Hans-Meiser-Ich-wuerde-gerne-wieder-Radio-machen.html","rel":"","context":"In &quot;Deutsch&quot;","block_context":{"text":"Deutsch","link":"https:\/\/www.achimbrueckner.de\/dxradio\/php\/wordpress\/?cat=1"},"img":{"alt_text":"","src":"","width":0,"height":0},"classes":[]},{"id":44796,"url":"https:\/\/www.achimbrueckner.de\/dxradio\/php\/wordpress\/?p=44796","url_meta":{"origin":11906,"position":1},"title":"Schweiz: SRG-H\u00f6rerzahlen weiter am Boden","author":"Administrator","date":"January 13, 2026","format":false,"excerpt":"https:\/\/www.radioblog.eu\/2026\/01\/13\/schweiz-srg-hoererzahlen-weiter-am-boden\/","rel":"","context":"In &quot;Deutsch&quot;","block_context":{"text":"Deutsch","link":"https:\/\/www.achimbrueckner.de\/dxradio\/php\/wordpress\/?cat=1"},"img":{"alt_text":"","src":"","width":0,"height":0},"classes":[]},{"id":22457,"url":"https:\/\/www.achimbrueckner.de\/dxradio\/php\/wordpress\/?p=22457","url_meta":{"origin":11906,"position":2},"title":"Radio Media-Analyse: Privatsender machen Boden gut","author":"Administrator","date":"March 28, 2019","format":false,"excerpt":"http:\/\/www.digitalfernsehen.de\/Radio-Media-Analyse-Privatsender-machen-Boden-gut.176609.0.html","rel":"","context":"In &quot;Deutsch&quot;","block_context":{"text":"Deutsch","link":"https:\/\/www.achimbrueckner.de\/dxradio\/php\/wordpress\/?cat=1"},"img":{"alt_text":"","src":"","width":0,"height":0},"classes":[]},{"id":31144,"url":"https:\/\/www.achimbrueckner.de\/dxradio\/php\/wordpress\/?p=31144","url_meta":{"origin":11906,"position":3},"title":"15 JAHRE RT Kein Grund zum Feiern","author":"Administrator","date":"December 14, 2020","format":false,"excerpt":"https:\/\/www.djv.de\/startseite\/service\/blogs-und-intranet\/djv-blog\/detail\/news-kein-grund-zum-feiern","rel":"","context":"In &quot;Deutsch&quot;","block_context":{"text":"Deutsch","link":"https:\/\/www.achimbrueckner.de\/dxradio\/php\/wordpress\/?cat=1"},"img":{"alt_text":"","src":"","width":0,"height":0},"classes":[]},{"id":9045,"url":"https:\/\/www.achimbrueckner.de\/dxradio\/php\/wordpress\/?p=9045","url_meta":{"origin":11906,"position":4},"title":"Wenge: &#8220;IP-Anbieter sprie\u00dfen wie Pilze aus dem Boden&#8221;","author":"Administrator","date":"August 5, 2016","format":false,"excerpt":"http:\/\/www.digitalfernsehen.de\/Wenge-IP-Anbieter-spriessen-wie-Pilze-aus-dem-Boden.142197.0.html","rel":"","context":"In &quot;Deutsch&quot;","block_context":{"text":"Deutsch","link":"https:\/\/www.achimbrueckner.de\/dxradio\/php\/wordpress\/?cat=1"},"img":{"alt_text":"","src":"","width":0,"height":0},"classes":[]},{"id":12354,"url":"https:\/\/www.achimbrueckner.de\/dxradio\/php\/wordpress\/?p=12354","url_meta":{"origin":11906,"position":5},"title":"100. Sendung Radio DARC","author":"Administrator","date":"March 2, 2017","format":false,"excerpt":"Liebe YLs und OMs, am kommenden Sonntag,den 05. M\u00e4rz 2017 ist es soweit, die 100. Sendung von RADIO DARC geht \u00fcber die Antennen. Urspr\u00fcnglich als eine Serie von Sondersendungen anl\u00e4sslich des 65. Gr\u00fcndungsjubil\u00e4ums des Deutschen Amateur Radio Clubs e,V, gedacht, haben sich unsere w\u00f6chentlichen DX-Magazine zu einer festen Gr\u00f6\u00dfe entwickelt.\u2026","rel":"","context":"In &quot;Deutsch&quot;","block_context":{"text":"Deutsch","link":"https:\/\/www.achimbrueckner.de\/dxradio\/php\/wordpress\/?cat=1"},"img":{"alt_text":"","src":"","width":0,"height":0},"classes":[]}],"_links":{"self":[{"href":"https:\/\/www.achimbrueckner.de\/dxradio\/php\/wordpress\/index.php?rest_route=\/wp\/v2\/posts\/11906","targetHints":{"allow":["GET"]}}],"collection":[{"href":"https:\/\/www.achimbrueckner.de\/dxradio\/php\/wordpress\/index.php?rest_route=\/wp\/v2\/posts"}],"about":[{"href":"https:\/\/www.achimbrueckner.de\/dxradio\/php\/wordpress\/index.php?rest_route=\/wp\/v2\/types\/post"}],"author":[{"embeddable":true,"href":"https:\/\/www.achimbrueckner.de\/dxradio\/php\/wordpress\/index.php?rest_route=\/wp\/v2\/users\/1"}],"replies":[{"embeddable":true,"href":"https:\/\/www.achimbrueckner.de\/dxradio\/php\/wordpress\/index.php?rest_route=%2Fwp%2Fv2%2Fcomments&post=11906"}],"version-history":[{"count":0,"href":"https:\/\/www.achimbrueckner.de\/dxradio\/php\/wordpress\/index.php?rest_route=\/wp\/v2\/posts\/11906\/revisions"}],"wp:attachment":[{"href":"https:\/\/www.achimbrueckner.de\/dxradio\/php\/wordpress\/index.php?rest_route=%2Fwp%2Fv2%2Fmedia&parent=11906"}],"wp:term":[{"taxonomy":"category","embeddable":true,"href":"https:\/\/www.achimbrueckner.de\/dxradio\/php\/wordpress\/index.php?rest_route=%2Fwp%2Fv2%2Fcategories&post=11906"},{"taxonomy":"post_tag","embeddable":true,"href":"https:\/\/www.achimbrueckner.de\/dxradio\/php\/wordpress\/index.php?rest_route=%2Fwp%2Fv2%2Ftags&post=11906"}],"curies":[{"name":"wp","href":"https:\/\/api.w.org\/{rel}","templated":true}]}}