{"id":1214,"date":"2010-10-29T21:24:13","date_gmt":"2010-10-29T21:24:13","guid":{"rendered":"https:\/\/www.achimbrueckner.de\/dxradio\/php\/wordpress\/?p=1214"},"modified":"2010-10-29T21:24:13","modified_gmt":"2010-10-29T21:24:13","slug":"wdr-der-quotendruck-wird-abgeschafft","status":"publish","type":"post","link":"https:\/\/www.achimbrueckner.de\/dxradio\/php\/wordpress\/?p=1214","title":{"rendered":"WDR: &#8220;Der Quotendruck wird abgeschafft&#8221;"},"content":{"rendered":"<p>beim WDR scheint einiges im Argen zu liegen. Lest selbst:<br \/>\n<a href=\"http:\/\/www.spiegel.de\/kultur\/gesellschaft\/0,1518,726077,00.html\">http:\/\/www.spiegel.de\/kultur\/gesellschaft\/0,1518,726077,00.html<\/a><\/p>\n<p>Die betreffende &#8220;Mitarbeiterzeitung&#8221; im Original:<br \/>\n<a href=\"http:\/\/www.freienseiten.de\/images\/stories\/WDR_Print_2011_11_72dpi.pdf\">http:\/\/www.freienseiten.de\/images\/stories\/WDR_Print_2011_11_72dpi.pdf<\/a><\/p>\n<p>Info via <a href=\"http:\/\/www.ratzer.at\">A-DX<\/a><\/p>\n","protected":false},"excerpt":{"rendered":"<p>beim WDR scheint einiges im Argen zu liegen. Lest selbst: http:\/\/www.spiegel.de\/kultur\/gesellschaft\/0,1518,726077,00.html Die betreffende &#8220;Mitarbeiterzeitung&#8221; im Original: http:\/\/www.freienseiten.de\/images\/stories\/WDR_Print_2011_11_72dpi.pdf Info via A-DX<\/p>\n","protected":false},"author":1,"featured_media":0,"comment_status":"open","ping_status":"open","sticky":false,"template":"","format":"standard","meta":{"_jetpack_memberships_contains_paid_content":false,"footnotes":"","jetpack_publicize_message":"","jetpack_publicize_feature_enabled":true,"jetpack_social_post_already_shared":false,"jetpack_social_options":{"image_generator_settings":{"template":"highway","default_image_id":0,"font":"","enabled":false},"version":2}},"categories":[1],"tags":[40],"class_list":["post-1214","post","type-post","status-publish","format-standard","hentry","category-deutsch","tag-dx"],"jetpack_publicize_connections":[],"jetpack_featured_media_url":"","jetpack_sharing_enabled":true,"jetpack_shortlink":"https:\/\/wp.me\/p5CDmr-jA","jetpack-related-posts":[{"id":719,"url":"https:\/\/www.achimbrueckner.de\/dxradio\/php\/wordpress\/?p=719","url_meta":{"origin":1214,"position":0},"title":"US-Army-Propagandasenders 1212","author":"Administrator","date":"November 26, 2009","format":false,"excerpt":"Der Sendebeginn des US-Army-Propagandasenders 1212 - 6. Dezember 1944 Sonntag, 6. Dezember 2009: 9.05 - 9.20 Uhr, ZeitZeichen, WDR 5 Wiederholung: 6. Dezember, ab 17.45 Uhr, WDR 3 Auch im \u00c4ther fand der Zweite Weltkrieg statt: Der Rundfunkpropaganda der Nationalsozialisten standen zwischen 1933 und 1945 insgesamt 130 von Nazigegnern betriebene\u2026","rel":"","context":"In &quot;Deutsch&quot;","block_context":{"text":"Deutsch","link":"https:\/\/www.achimbrueckner.de\/dxradio\/php\/wordpress\/?cat=1"},"img":{"alt_text":"","src":"","width":0,"height":0},"classes":[]},{"id":943,"url":"https:\/\/www.achimbrueckner.de\/dxradio\/php\/wordpress\/?p=943","url_meta":{"origin":1214,"position":1},"title":"Die wunderbare Welt des WDR","author":"Administrator","date":"March 8, 2010","format":false,"excerpt":"Die wunderbare Welt des WDR Samstag, den 13. M\u00e4rz 2010, 11:40 - 11:57 WDR Fernsehen http:\/\/www.wdr.de\/programmvorschau\/object4Broadcast.jsp?broadcastId=3357667 Info via A-DX","rel":"","context":"In &quot;Deutsch&quot;","block_context":{"text":"Deutsch","link":"https:\/\/www.achimbrueckner.de\/dxradio\/php\/wordpress\/?cat=1"},"img":{"alt_text":"","src":"","width":0,"height":0},"classes":[]},{"id":2022,"url":"https:\/\/www.achimbrueckner.de\/dxradio\/php\/wordpress\/?p=2022","url_meta":{"origin":1214,"position":2},"title":"WDR-Spezialit\u00e4t bei der Fu\u00dfballberichterstattung: der britische Telephontrick","author":"Administrator","date":"December 7, 2011","format":false,"excerpt":"S\u00e4hr windisch WDR-Spezialit\u00e4t bei der Fu\u00dfballberichterstattung: der britische Telephontrick http:\/\/www.spiegel.de\/spiegel\/print\/d-13512194.html Info via A-DX","rel":"","context":"In &quot;Deutsch&quot;","block_context":{"text":"Deutsch","link":"https:\/\/www.achimbrueckner.de\/dxradio\/php\/wordpress\/?cat=1"},"img":{"alt_text":"","src":"","width":0,"height":0},"classes":[]},{"id":514,"url":"https:\/\/www.achimbrueckner.de\/dxradio\/php\/wordpress\/?p=514","url_meta":{"origin":1214,"position":3},"title":"Geheimsender im 2. Weltkrieg","author":"Administrator","date":"August 31, 2009","format":false,"excerpt":"WDR 5: Dienstag, 01. Sept., 10.05-10.55 Uhr \"Hier spricht Dein liebster Feind\". Vor 70 Jahren begann der 2. Weltkrieg mit dem deutschen \u00dcberfall auf Polen. Geheime Radiosender sollten die Kampfmoral des Feindes untergraben.... Info via Radioh\u00f6rerforum Auf http:\/\/www.wdr5.de\/ ist die Sendung anh\u00f6rbar. Info via A-DX","rel":"","context":"In &quot;Deutsch&quot;","block_context":{"text":"Deutsch","link":"https:\/\/www.achimbrueckner.de\/dxradio\/php\/wordpress\/?cat=1"},"img":{"alt_text":"","src":"","width":0,"height":0},"classes":[]},{"id":14846,"url":"https:\/\/www.achimbrueckner.de\/dxradio\/php\/wordpress\/?p=14846","url_meta":{"origin":1214,"position":4},"title":"Hans Karl Schmidt (Radio Luxemburg \/ WDR \/ HR) \u2013 Atze &#038; Co.","author":"Administrator","date":"October 3, 2017","format":false,"excerpt":"http:\/\/www.addx.org\/textarchiv\/2017-10-30-32.pdf","rel":"","context":"In &quot;Deutsch&quot;","block_context":{"text":"Deutsch","link":"https:\/\/www.achimbrueckner.de\/dxradio\/php\/wordpress\/?cat=1"},"img":{"alt_text":"","src":"","width":0,"height":0},"classes":[]},{"id":2512,"url":"https:\/\/www.achimbrueckner.de\/dxradio\/php\/wordpress\/?p=2512","url_meta":{"origin":1214,"position":5},"title":"WDR 5 &#8211; Ham Radio 2013","author":"Administrator","date":"July 6, 2013","format":false,"excerpt":"Ein wirklich h\u00f6renswertes Interview mit einem Hobbyfreund aus unserer Runde. Gut gemacht! \"Wenn sich junge Menschen zu Veranstaltungen wie \"Interactive Cologne: Hack, Tech & Biz\" treffen, spricht man schnell von Nerds. Doch neu ist die Gattung Mensch deshalb nicht. Etwas abgedrehte T\u00fcftler und Bastler, mitunter Sonderlinge, aber auch sehr an\u2026","rel":"","context":"In &quot;Deutsch&quot;","block_context":{"text":"Deutsch","link":"https:\/\/www.achimbrueckner.de\/dxradio\/php\/wordpress\/?cat=1"},"img":{"alt_text":"","src":"","width":0,"height":0},"classes":[]}],"_links":{"self":[{"href":"https:\/\/www.achimbrueckner.de\/dxradio\/php\/wordpress\/index.php?rest_route=\/wp\/v2\/posts\/1214","targetHints":{"allow":["GET"]}}],"collection":[{"href":"https:\/\/www.achimbrueckner.de\/dxradio\/php\/wordpress\/index.php?rest_route=\/wp\/v2\/posts"}],"about":[{"href":"https:\/\/www.achimbrueckner.de\/dxradio\/php\/wordpress\/index.php?rest_route=\/wp\/v2\/types\/post"}],"author":[{"embeddable":true,"href":"https:\/\/www.achimbrueckner.de\/dxradio\/php\/wordpress\/index.php?rest_route=\/wp\/v2\/users\/1"}],"replies":[{"embeddable":true,"href":"https:\/\/www.achimbrueckner.de\/dxradio\/php\/wordpress\/index.php?rest_route=%2Fwp%2Fv2%2Fcomments&post=1214"}],"version-history":[{"count":0,"href":"https:\/\/www.achimbrueckner.de\/dxradio\/php\/wordpress\/index.php?rest_route=\/wp\/v2\/posts\/1214\/revisions"}],"wp:attachment":[{"href":"https:\/\/www.achimbrueckner.de\/dxradio\/php\/wordpress\/index.php?rest_route=%2Fwp%2Fv2%2Fmedia&parent=1214"}],"wp:term":[{"taxonomy":"category","embeddable":true,"href":"https:\/\/www.achimbrueckner.de\/dxradio\/php\/wordpress\/index.php?rest_route=%2Fwp%2Fv2%2Fcategories&post=1214"},{"taxonomy":"post_tag","embeddable":true,"href":"https:\/\/www.achimbrueckner.de\/dxradio\/php\/wordpress\/index.php?rest_route=%2Fwp%2Fv2%2Ftags&post=1214"}],"curies":[{"name":"wp","href":"https:\/\/api.w.org\/{rel}","templated":true}]}}