{"id":1217,"date":"2010-11-01T14:17:43","date_gmt":"2010-11-01T14:17:43","guid":{"rendered":"https:\/\/www.achimbrueckner.de\/dxradio\/php\/wordpress\/?p=1217"},"modified":"2010-11-01T14:17:43","modified_gmt":"2010-11-01T14:17:43","slug":"am-sendeanlage-julich","status":"publish","type":"post","link":"https:\/\/www.achimbrueckner.de\/dxradio\/php\/wordpress\/?p=1217","title":{"rendered":"AM Sendeanlage J\u00fclich"},"content":{"rendered":"<p>in Erinnerung an die AM Sendeanlage J\u00fclich<\/p>\n<p><a href=\"http:\/\/www.electronicbude.de\/Senderstandorte2\/J%C3%BClich\/Kurzwelle.htm\">http:\/\/www.electronicbude.de\/Senderstandorte2\/J%C3%BClich\/Kurzwelle.htm<\/a><\/p>\n<p>Info via <a href=\"http:\/\/www.ratzer.at\">A-DX<\/a><\/p>\n","protected":false},"excerpt":{"rendered":"<p>in Erinnerung an die AM Sendeanlage J\u00fclich http:\/\/www.electronicbude.de\/Senderstandorte2\/J%C3%BClich\/Kurzwelle.htm Info via A-DX<\/p>\n","protected":false},"author":1,"featured_media":0,"comment_status":"open","ping_status":"open","sticky":false,"template":"","format":"standard","meta":{"_jetpack_memberships_contains_paid_content":false,"footnotes":"","jetpack_publicize_message":"","jetpack_publicize_feature_enabled":true,"jetpack_social_post_already_shared":false,"jetpack_social_options":{"image_generator_settings":{"template":"highway","default_image_id":0,"font":"","enabled":false},"version":2}},"categories":[7],"tags":[24,40],"class_list":["post-1217","post","type-post","status-publish","format-standard","hentry","category-links","tag-am","tag-dx"],"jetpack_publicize_connections":[],"jetpack_featured_media_url":"","jetpack_sharing_enabled":true,"jetpack_shortlink":"https:\/\/wp.me\/p5CDmr-jD","jetpack-related-posts":[{"id":663,"url":"https:\/\/www.achimbrueckner.de\/dxradio\/php\/wordpress\/?p=663","url_meta":{"origin":1217,"position":0},"title":"Sender J\u00fclich","author":"Administrator","date":"November 2, 2009","format":false,"excerpt":"Fotos von der geschlossenen Sendeanlage J\u00fclich gibt es hier: http:\/\/www.darc.de\/distrikte\/g\/50\/aktivitaeten\/rundfunksendestelle-juelich\/ Info via A-DX","rel":"","context":"In &quot;Deutsch&quot;","block_context":{"text":"Deutsch","link":"https:\/\/www.achimbrueckner.de\/dxradio\/php\/wordpress\/?cat=1"},"img":{"alt_text":"","src":"","width":0,"height":0},"classes":[]},{"id":3773,"url":"https:\/\/www.achimbrueckner.de\/dxradio\/php\/wordpress\/?p=3773","url_meta":{"origin":1217,"position":1},"title":"Stadt J\u00fclich kauft 23 Hektar der alten Sendeanlage","author":"Administrator","date":"November 19, 2014","format":false,"excerpt":"http:\/\/www.aachener-zeitung.de\/lokales\/juelich\/stadt-juelich-kauft-23-hektar-der-alten-sendeanlage-1.961509","rel":"","context":"In &quot;Deutsch&quot;","block_context":{"text":"Deutsch","link":"https:\/\/www.achimbrueckner.de\/dxradio\/php\/wordpress\/?cat=1"},"img":{"alt_text":"","src":"","width":0,"height":0},"classes":[]},{"id":1168,"url":"https:\/\/www.achimbrueckner.de\/dxradio\/php\/wordpress\/?p=1168","url_meta":{"origin":1217,"position":2},"title":"Lokalzeit aus Aachen: Einknickende Sendemasten in J\u00fclich","author":"Administrator","date":"September 30, 2010","format":false,"excerpt":"in der TV Lokalzeit aus Aachen des WDR wurde am 29.09.2010 ein Bericht \u00fcber einknickende Sendemasten in J\u00fclich gezeigt. Der Beitrag kann unter der folgenden URL eine Woche lang abgerufen werden: http:\/\/www.wdr.de\/mediathek\/html\/regional\/rueckschau\/2010\/09\/29\/lokalzeit_aachen.xml?noscript=true&offset=569&autoPlay=true&#flashPlayer Info via A-DX","rel":"","context":"In &quot;Deutsch&quot;","block_context":{"text":"Deutsch","link":"https:\/\/www.achimbrueckner.de\/dxradio\/php\/wordpress\/?cat=1"},"img":{"alt_text":"","src":"","width":0,"height":0},"classes":[]},{"id":1617,"url":"https:\/\/www.achimbrueckner.de\/dxradio\/php\/wordpress\/?p=1617","url_meta":{"origin":1217,"position":3},"title":"Hat Marnacher Sendeanlage bald \u00e2\u20ac\u017eausgestrahlt\u00e2\u20ac\u0153?","author":"Administrator","date":"June 21, 2011","format":false,"excerpt":"B\u00fcrgerinitiative vor Durchbruch: Hat Marnacher Sendeanlage bald \u00e2\u20ac\u017eausgestrahlt\u00e2\u20ac\u0153? http:\/\/www.wort.lu\/wort\/web\/letzebuerg\/artikel\/2011\/06\/153563\/hat-marnacher-sendeanlage-bald-ausgestrahlt.php Info via A-DX http:\/\/www.radioszene.de\/26048\/rtl-group-schliessung-der-sendestelle-marnach-absehbar.html","rel":"","context":"In &quot;Deutsch&quot;","block_context":{"text":"Deutsch","link":"https:\/\/www.achimbrueckner.de\/dxradio\/php\/wordpress\/?cat=1"},"img":{"alt_text":"","src":"","width":0,"height":0},"classes":[]},{"id":2185,"url":"https:\/\/www.achimbrueckner.de\/dxradio\/php\/wordpress\/?p=2185","url_meta":{"origin":1217,"position":4},"title":"Voice of Nigeria weiht neue Sendeanlage ein \u00e2\u20ac\u201c DRM-Sondersendung","author":"Administrator","date":"March 12, 2012","format":false,"excerpt":"Voice of Nigeria weiht neue Sendeanlage ein \u00e2\u20ac\u201c DRM-Sondersendung http:\/\/www.dxaktuell.de\/?p=2365","rel":"","context":"In &quot;Deutsch&quot;","block_context":{"text":"Deutsch","link":"https:\/\/www.achimbrueckner.de\/dxradio\/php\/wordpress\/?cat=1"},"img":{"alt_text":"","src":"","width":0,"height":0},"classes":[]},{"id":218,"url":"https:\/\/www.achimbrueckner.de\/dxradio\/php\/wordpress\/?p=218","url_meta":{"origin":1217,"position":5},"title":"HCJB Quito","author":"Administrator","date":"November 25, 2006","format":false,"excerpt":"HCJB Quito ist mit der Sendung f\u00fcr DXer auf 3955 Khz via J\u00fclich mit SINPO 45444 um 1650 Utc in Deutsch zu h\u00f6ren. Markus Weidner bringt DX-Meldungen aus der Satszene. Es l\u00e4uft das DX-Programm des http:\/\/www.rmrc.de. Empfangsberichte werden gegen einen frankierten R\u00fcckumschlag best\u00e4tigt. Danach folgen DX-Tips von Dieter K Reibold.\u2026","rel":"","context":"In &quot;Empfang&quot;","block_context":{"text":"Empfang","link":"https:\/\/www.achimbrueckner.de\/dxradio\/php\/wordpress\/?cat=3"},"img":{"alt_text":"","src":"","width":0,"height":0},"classes":[]}],"_links":{"self":[{"href":"https:\/\/www.achimbrueckner.de\/dxradio\/php\/wordpress\/index.php?rest_route=\/wp\/v2\/posts\/1217","targetHints":{"allow":["GET"]}}],"collection":[{"href":"https:\/\/www.achimbrueckner.de\/dxradio\/php\/wordpress\/index.php?rest_route=\/wp\/v2\/posts"}],"about":[{"href":"https:\/\/www.achimbrueckner.de\/dxradio\/php\/wordpress\/index.php?rest_route=\/wp\/v2\/types\/post"}],"author":[{"embeddable":true,"href":"https:\/\/www.achimbrueckner.de\/dxradio\/php\/wordpress\/index.php?rest_route=\/wp\/v2\/users\/1"}],"replies":[{"embeddable":true,"href":"https:\/\/www.achimbrueckner.de\/dxradio\/php\/wordpress\/index.php?rest_route=%2Fwp%2Fv2%2Fcomments&post=1217"}],"version-history":[{"count":0,"href":"https:\/\/www.achimbrueckner.de\/dxradio\/php\/wordpress\/index.php?rest_route=\/wp\/v2\/posts\/1217\/revisions"}],"wp:attachment":[{"href":"https:\/\/www.achimbrueckner.de\/dxradio\/php\/wordpress\/index.php?rest_route=%2Fwp%2Fv2%2Fmedia&parent=1217"}],"wp:term":[{"taxonomy":"category","embeddable":true,"href":"https:\/\/www.achimbrueckner.de\/dxradio\/php\/wordpress\/index.php?rest_route=%2Fwp%2Fv2%2Fcategories&post=1217"},{"taxonomy":"post_tag","embeddable":true,"href":"https:\/\/www.achimbrueckner.de\/dxradio\/php\/wordpress\/index.php?rest_route=%2Fwp%2Fv2%2Ftags&post=1217"}],"curies":[{"name":"wp","href":"https:\/\/api.w.org\/{rel}","templated":true}]}}