{"id":1233,"date":"2010-11-13T21:54:52","date_gmt":"2010-11-13T21:54:52","guid":{"rendered":"https:\/\/www.achimbrueckner.de\/dxradio\/php\/wordpress\/?p=1233"},"modified":"2010-11-13T21:54:52","modified_gmt":"2010-11-13T21:54:52","slug":"das-radio-%e2%80%93-drahtlose-empfangsstation-fur-jedermann","status":"publish","type":"post","link":"https:\/\/www.achimbrueckner.de\/dxradio\/php\/wordpress\/?p=1233","title":{"rendered":"Das Radio \u00e2\u20ac\u201c drahtlose Empfangsstation f\u00fcr jedermann"},"content":{"rendered":"<p>Das Radio \u00e2\u20ac\u201c drahtlose Empfangsstation f\u00fcr jedermann<\/p>\n<p><a href=\"http:\/\/news.nzzexecutive.ch\/technik\/errungenschaften\/das_radio__drahtlose_empfangsstation_fuer_jedermann_1.8285666.html\">http:\/\/news.nzzexecutive.ch\/technik\/errungenschaften\/das_radio__drahtlose_empfangsstation_fuer_jedermann_1.8285666.html<\/a><\/p>\n<p>Info via <a href=\"http:\/\/www.ratzer.at\">A-DX<\/a><\/p>\n","protected":false},"excerpt":{"rendered":"<p>Das Radio \u00e2\u20ac\u201c drahtlose Empfangsstation f\u00fcr jedermann http:\/\/news.nzzexecutive.ch\/technik\/errungenschaften\/das_radio__drahtlose_empfangsstation_fuer_jedermann_1.8285666.html Info via A-DX<\/p>\n","protected":false},"author":1,"featured_media":0,"comment_status":"open","ping_status":"open","sticky":false,"template":"","format":"standard","meta":{"_jetpack_memberships_contains_paid_content":false,"footnotes":"","jetpack_publicize_message":"","jetpack_publicize_feature_enabled":true,"jetpack_social_post_already_shared":false,"jetpack_social_options":{"image_generator_settings":{"template":"highway","default_image_id":0,"font":"","enabled":false},"version":2}},"categories":[1,3],"tags":[40,42],"class_list":["post-1233","post","type-post","status-publish","format-standard","hentry","category-deutsch","category-empfang","tag-dx","tag-empfang"],"jetpack_publicize_connections":[],"jetpack_featured_media_url":"","jetpack_sharing_enabled":true,"jetpack_shortlink":"https:\/\/wp.me\/p5CDmr-jT","jetpack-related-posts":[{"id":2384,"url":"https:\/\/www.achimbrueckner.de\/dxradio\/php\/wordpress\/?p=2384","url_meta":{"origin":1233,"position":0},"title":"DSWCI Tropical Bands Monitor","author":"Administrator","date":"February 3, 2013","format":false,"excerpt":"Der \"Tropical Bands Monitor 2012\" des Danish Shortwave Club International kann ab sofort von jedermann kostenlos heruntergeladen werden: www.dswci.org\/tbm Die Ausgabe ist fast top-aktuell, d. h. bis Dezember 2012 nachgef\u00fchrt. Auch die Ausgaben der fr\u00fcheren Jahre stehen auf dieser Seite zur Verf\u00fcgung. Eine Riesenarbeit von Anker Petersen, welche die Empfangbarkeit\u2026","rel":"","context":"In &quot;Deutsch&quot;","block_context":{"text":"Deutsch","link":"https:\/\/www.achimbrueckner.de\/dxradio\/php\/wordpress\/?cat=1"},"img":{"alt_text":"","src":"","width":0,"height":0},"classes":[]},{"id":8869,"url":"https:\/\/www.achimbrueckner.de\/dxradio\/php\/wordpress\/?p=8869","url_meta":{"origin":1233,"position":1},"title":"DARC WebSDR in Betrieb","author":"Administrator","date":"July 18, 2016","format":false,"excerpt":"wie vielleicht bekannt, plant der DARC schon seit l\u00e4ngerem ein WebSDR Netz in Deutschland aufzubauen. Dazu sollen an 15 ausgew\u00e4hlten Standorten in Deutschland solche WebSDR Stationen in Betrieb gehen. Das hierf\u00fcr notwendige Hardwareequipment mit der sinnigen Bezeichung \"R2T2\" wurde auf der diesj\u00e4hrigen HAM-Radio den ausgew\u00e4hlten OV\u00b4s ausgeh\u00e4ndigt. N\u00e4hre Infos zu\u2026","rel":"","context":"In &quot;Deutsch&quot;","block_context":{"text":"Deutsch","link":"https:\/\/www.achimbrueckner.de\/dxradio\/php\/wordpress\/?cat=1"},"img":{"alt_text":"","src":"","width":0,"height":0},"classes":[]},{"id":20820,"url":"https:\/\/www.achimbrueckner.de\/dxradio\/php\/wordpress\/?p=20820","url_meta":{"origin":1233,"position":2},"title":"Neujahrsempfang der Freiburger Funkamateure &#8211; Drahtlose Verbindung in die Partnerstadt Guildford!","author":"Administrator","date":"January 8, 2019","format":false,"excerpt":"https:\/\/www.regiotrends.de\/de\/aus-vereinen-gruppen\/index.news.393233.neujahrsempfang-der-freiburger-funkamateure---drahtlose-verbindung-in-die-partnerstadt-guildford%21.html","rel":"","context":"In &quot;Deutsch&quot;","block_context":{"text":"Deutsch","link":"https:\/\/www.achimbrueckner.de\/dxradio\/php\/wordpress\/?cat=1"},"img":{"alt_text":"","src":"","width":0,"height":0},"classes":[]},{"id":11558,"url":"https:\/\/www.achimbrueckner.de\/dxradio\/php\/wordpress\/?p=11558","url_meta":{"origin":1233,"position":3},"title":"DSWCI QRT","author":"Administrator","date":"December 31, 2016","format":false,"excerpt":"Werte Radio-Kolleginnen und -Kollegen Der Danish Shortwave Club International beendet heute - nach \u00fcber 60 Jahren - seine T\u00e4tigkeit. Vorher macht er der DX-Gemeinschaft noch ein kleines Abschiedsgeschenk. Auf der Homepage www.dswci.org wurden alle elektronisch vorhandenen Archiv-Dokumente ver\u00f6ffentlicht, insbesondere - Shortwave News Ausgaben von 2003 bis 2016 - fast alle\u2026","rel":"","context":"In &quot;Deutsch&quot;","block_context":{"text":"Deutsch","link":"https:\/\/www.achimbrueckner.de\/dxradio\/php\/wordpress\/?cat=1"},"img":{"alt_text":"","src":"","width":0,"height":0},"classes":[]},{"id":15606,"url":"https:\/\/www.achimbrueckner.de\/dxradio\/php\/wordpress\/?p=15606","url_meta":{"origin":1233,"position":4},"title":"10 Jahre Krekelwellen und andere Sondersendungen","author":"Administrator","date":"November 21, 2017","format":false,"excerpt":"So, liebe Freunde der kurzen Wellen, hier nun die Sendezeiten der SWS-Geburtstagssendung und anderen Schmankerln die n\u00e4chsten Tage: Am Mittwoch, 22.11.2017 zwischen 19-21 UTC auf 5845 kHz startet IBC Italy mit italienisch-englischem Programm. Der Samstag, 25.11.2017 steht im Zeichen der Krekel'schen Live-Geburtstagssendung von 15-18 Uhr UTC. Frequenzen: 5845 kHz f\u00fcr\u2026","rel":"","context":"In &quot;Deutsch&quot;","block_context":{"text":"Deutsch","link":"https:\/\/www.achimbrueckner.de\/dxradio\/php\/wordpress\/?cat=1"},"img":{"alt_text":"","src":"","width":0,"height":0},"classes":[]},{"id":10582,"url":"https:\/\/www.achimbrueckner.de\/dxradio\/php\/wordpress\/?p=10582","url_meta":{"origin":1233,"position":5},"title":"Radio HCJB \/ Andenstimme","author":"Administrator","date":"October 2, 2016","format":false,"excerpt":"Hallo Wie wir ja gestern geh\u00f6rt und gelesen haben, werden die Sendungen aus Quito eingestellt. Ich habe meine Webseite mit ein paar Informationen erg\u00e4nzt. Besuch bei HCJB mit Bildern wo der Auslandsdienst zu Hause war. http:\/\/www.radioempfang.ch\/radio-hcjb\/besuch-bei-hcjb\/ 20 Jahre Deutsche Abteilung http:\/\/www.radioempfang.ch\/radio-hcjb\/20-jahre-deutsche-abteilung\/ Dieses B\u00fcchlein habe ich 1973 erhalten und aufbewahrt. Ich\u2026","rel":"","context":"In &quot;Deutsch&quot;","block_context":{"text":"Deutsch","link":"https:\/\/www.achimbrueckner.de\/dxradio\/php\/wordpress\/?cat=1"},"img":{"alt_text":"","src":"","width":0,"height":0},"classes":[]}],"_links":{"self":[{"href":"https:\/\/www.achimbrueckner.de\/dxradio\/php\/wordpress\/index.php?rest_route=\/wp\/v2\/posts\/1233","targetHints":{"allow":["GET"]}}],"collection":[{"href":"https:\/\/www.achimbrueckner.de\/dxradio\/php\/wordpress\/index.php?rest_route=\/wp\/v2\/posts"}],"about":[{"href":"https:\/\/www.achimbrueckner.de\/dxradio\/php\/wordpress\/index.php?rest_route=\/wp\/v2\/types\/post"}],"author":[{"embeddable":true,"href":"https:\/\/www.achimbrueckner.de\/dxradio\/php\/wordpress\/index.php?rest_route=\/wp\/v2\/users\/1"}],"replies":[{"embeddable":true,"href":"https:\/\/www.achimbrueckner.de\/dxradio\/php\/wordpress\/index.php?rest_route=%2Fwp%2Fv2%2Fcomments&post=1233"}],"version-history":[{"count":0,"href":"https:\/\/www.achimbrueckner.de\/dxradio\/php\/wordpress\/index.php?rest_route=\/wp\/v2\/posts\/1233\/revisions"}],"wp:attachment":[{"href":"https:\/\/www.achimbrueckner.de\/dxradio\/php\/wordpress\/index.php?rest_route=%2Fwp%2Fv2%2Fmedia&parent=1233"}],"wp:term":[{"taxonomy":"category","embeddable":true,"href":"https:\/\/www.achimbrueckner.de\/dxradio\/php\/wordpress\/index.php?rest_route=%2Fwp%2Fv2%2Fcategories&post=1233"},{"taxonomy":"post_tag","embeddable":true,"href":"https:\/\/www.achimbrueckner.de\/dxradio\/php\/wordpress\/index.php?rest_route=%2Fwp%2Fv2%2Ftags&post=1233"}],"curies":[{"name":"wp","href":"https:\/\/api.w.org\/{rel}","templated":true}]}}