{"id":12642,"date":"2017-03-28T14:38:48","date_gmt":"2017-03-28T14:38:48","guid":{"rendered":"https:\/\/www.achimbrueckner.de\/dxradio\/php\/wordpress\/?p=12642"},"modified":"2017-03-28T14:38:48","modified_gmt":"2017-03-28T14:38:48","slug":"search-results-for-kunos-radiothek","status":"publish","type":"post","link":"https:\/\/www.achimbrueckner.de\/dxradio\/php\/wordpress\/?p=12642","title":{"rendered":"Search results for \u201ckunos radiothek\u201d"},"content":{"rendered":"<p><a href=\"https:\/\/soundcloud.com\/search?q=kunos+radiothek\" target=\"_blank\">https:\/\/soundcloud.com\/search?q=kunos+radiothek<\/a><\/p>\n","protected":false},"excerpt":{"rendered":"<p>https:\/\/soundcloud.com\/search?q=kunos+radiothek<\/p>\n","protected":false},"author":1,"featured_media":0,"comment_status":"open","ping_status":"open","sticky":false,"template":"","format":"standard","meta":{"_jetpack_memberships_contains_paid_content":false,"footnotes":"","jetpack_publicize_message":"","jetpack_publicize_feature_enabled":true,"jetpack_social_post_already_shared":true,"jetpack_social_options":{"image_generator_settings":{"template":"highway","default_image_id":0,"font":"","enabled":false},"version":2}},"categories":[2],"tags":[],"class_list":["post-12642","post","type-post","status-publish","format-standard","hentry","category-english"],"jetpack_publicize_connections":[],"jetpack_featured_media_url":"","jetpack_sharing_enabled":true,"jetpack_shortlink":"https:\/\/wp.me\/p5CDmr-3hU","jetpack-related-posts":[{"id":2651,"url":"https:\/\/www.achimbrueckner.de\/dxradio\/php\/wordpress\/?p=2651","url_meta":{"origin":12642,"position":0},"title":"Radiotheken bei Soundcloud","author":"Administrator","date":"September 12, 2013","format":false,"excerpt":"Hallo in die Runde, Kuno Taufenbach, der Macher der Radiothek-Beitr\u00e4ge im Medienmagazin des RMRC hat vier weitere, \u00e4ltere Beitr\u00e4ge online bereitgestellt City Welle M\u00fcnchen - http:\/\/soundcloud.com\/kunosradiothek\/kunos-radiothek-30-city-welle Stadtradio Saarbr\u00fccken - http:\/\/soundcloud.com\/kunosradiothek\/kunos-radiothek-29-stadtradio Und da die Beitr\u00e4ge \u00fcber Radio Andernach gro\u00dfen Zuspruch fanden hier mal die Beitr\u00e4ge \u00fcber die beiden kanadischen Soldatensender Radio\u2026","rel":"","context":"In &quot;Deutsch&quot;","block_context":{"text":"Deutsch","link":"https:\/\/www.achimbrueckner.de\/dxradio\/php\/wordpress\/?cat=1"},"img":{"alt_text":"","src":"","width":0,"height":0},"classes":[]},{"id":2836,"url":"https:\/\/www.achimbrueckner.de\/dxradio\/php\/wordpress\/?p=2836","url_meta":{"origin":12642,"position":1},"title":"1.Ausgabe FMK-RTI-H\u00f6rerclubmagazin","author":"Administrator","date":"January 3, 2014","format":false,"excerpt":"Liebe Radiofreunde, morgen am Samstag den 04.01.14 um 11:00 Uhr geht es los. Im Rahmen des Radio Brenner Streams (http:\/\/laut.fm\/kompakt) wird das erste \u201eFMK-RTI-H\u00f6rerclubmagazin\u201c ausgestrahlt. Mit dabei sind die H\u00f6rerclubecke des RTI-H\u00f6rerclubs, die DX-Tipps von Hans-Werner Lange und Bernd Seiser sowie Beitr\u00e4ge aus den Archiven von Kunos-Radiothek, FM Kompakt und\u2026","rel":"","context":"In &quot;Deutsch&quot;","block_context":{"text":"Deutsch","link":"https:\/\/www.achimbrueckner.de\/dxradio\/php\/wordpress\/?cat=1"},"img":{"alt_text":"","src":"","width":0,"height":0},"classes":[]},{"id":3911,"url":"https:\/\/www.achimbrueckner.de\/dxradio\/php\/wordpress\/?p=3911","url_meta":{"origin":12642,"position":2},"title":"Kunos Radiothek und FM Kompakt goes DX und wird International !","author":"Administrator","date":"December 30, 2014","format":false,"excerpt":"Radio HCJB wird ab 03.01.15 jeweils an den ersten drei Samstagen eines Monats innerhalb der Sendung \"F\u00fcr DXer\" einen Beitrag aus der Reihe Kunos-Radiothek ausstrahlen. Sendezeiten 06:30-07:00 \/ 08:30-09:00 \/ 17:00-17:30 \/ 20:00-20:30 \/ 23:00-23:30 MEZ Frequenzen 3995 & 7365 khz Sender Weenermoor (Deutschland) & Podcast via http:\/\/www.vozandes.net\/scripts\/ALP.php Damit \u00fcbernimmt\u2026","rel":"","context":"In &quot;Deutsch&quot;","block_context":{"text":"Deutsch","link":"https:\/\/www.achimbrueckner.de\/dxradio\/php\/wordpress\/?cat=1"},"img":{"alt_text":"","src":"","width":0,"height":0},"classes":[]},{"id":9026,"url":"https:\/\/www.achimbrueckner.de\/dxradio\/php\/wordpress\/?p=9026","url_meta":{"origin":12642,"position":3},"title":"Radio Klein Paris International Sonntag den 21.08.2016 von 19:00-20:00 UTC via 6070 khz","author":"Administrator","date":"August 4, 2016","format":false,"excerpt":"H\u00f6rtipp: Der \"Macher\" von FM Kompakt im Radio geht wieder mit Radio Klein Paris on Air: Radio Klein Paris International Sonntag den 21.08.2016 von 19:00-20:00 UTC via 6070 khz (channel292) Themen der Sendung Umrahmung mit Musik aus Mecklenburg-Vorpommern H\u00f6rerpost Kunos-Radiothek mit einem Portr\u00e4t der Radio DDR Ferienwelle aus Rostock und\u2026","rel":"","context":"In &quot;Deutsch&quot;","block_context":{"text":"Deutsch","link":"https:\/\/www.achimbrueckner.de\/dxradio\/php\/wordpress\/?cat=1"},"img":{"alt_text":"","src":"","width":0,"height":0},"classes":[]},{"id":6299,"url":"https:\/\/www.achimbrueckner.de\/dxradio\/php\/wordpress\/?p=6299","url_meta":{"origin":12642,"position":4},"title":"\u00d6sterreichischer Rundfunk plant Radiothek","author":"Administrator","date":"October 23, 2015","format":false,"excerpt":"https:\/\/www.infosat.de\/radio\/sterreichischer-rundfunk-plant-radiothek","rel":"","context":"In &quot;Deutsch&quot;","block_context":{"text":"Deutsch","link":"https:\/\/www.achimbrueckner.de\/dxradio\/php\/wordpress\/?cat=1"},"img":{"alt_text":"","src":"","width":0,"height":0},"classes":[]},{"id":13301,"url":"https:\/\/www.achimbrueckner.de\/dxradio\/php\/wordpress\/?p=13301","url_meta":{"origin":12642,"position":5},"title":"1990-1300-radiothek-mit-romain-fehlen-mitschnitt-vom-29051992-letzte-sendung","author":"Administrator","date":"May 29, 2017","format":false,"excerpt":"https:\/\/hearthis.at\/b3history\/1990-1300-radiothek-mit-romain-fehlen-mitschnitt-vom-29051992-letzte-sendung\/?acc=18240#pause","rel":"","context":"In &quot;Deutsch&quot;","block_context":{"text":"Deutsch","link":"https:\/\/www.achimbrueckner.de\/dxradio\/php\/wordpress\/?cat=1"},"img":{"alt_text":"","src":"","width":0,"height":0},"classes":[]}],"_links":{"self":[{"href":"https:\/\/www.achimbrueckner.de\/dxradio\/php\/wordpress\/index.php?rest_route=\/wp\/v2\/posts\/12642","targetHints":{"allow":["GET"]}}],"collection":[{"href":"https:\/\/www.achimbrueckner.de\/dxradio\/php\/wordpress\/index.php?rest_route=\/wp\/v2\/posts"}],"about":[{"href":"https:\/\/www.achimbrueckner.de\/dxradio\/php\/wordpress\/index.php?rest_route=\/wp\/v2\/types\/post"}],"author":[{"embeddable":true,"href":"https:\/\/www.achimbrueckner.de\/dxradio\/php\/wordpress\/index.php?rest_route=\/wp\/v2\/users\/1"}],"replies":[{"embeddable":true,"href":"https:\/\/www.achimbrueckner.de\/dxradio\/php\/wordpress\/index.php?rest_route=%2Fwp%2Fv2%2Fcomments&post=12642"}],"version-history":[{"count":0,"href":"https:\/\/www.achimbrueckner.de\/dxradio\/php\/wordpress\/index.php?rest_route=\/wp\/v2\/posts\/12642\/revisions"}],"wp:attachment":[{"href":"https:\/\/www.achimbrueckner.de\/dxradio\/php\/wordpress\/index.php?rest_route=%2Fwp%2Fv2%2Fmedia&parent=12642"}],"wp:term":[{"taxonomy":"category","embeddable":true,"href":"https:\/\/www.achimbrueckner.de\/dxradio\/php\/wordpress\/index.php?rest_route=%2Fwp%2Fv2%2Fcategories&post=12642"},{"taxonomy":"post_tag","embeddable":true,"href":"https:\/\/www.achimbrueckner.de\/dxradio\/php\/wordpress\/index.php?rest_route=%2Fwp%2Fv2%2Ftags&post=12642"}],"curies":[{"name":"wp","href":"https:\/\/api.w.org\/{rel}","templated":true}]}}