{"id":127,"date":"2006-10-15T10:17:43","date_gmt":"2006-10-15T10:17:43","guid":{"rendered":"https:\/\/www.achimbrueckner.de\/dxradio\/php\/wordpress\/?p=127"},"modified":"2006-10-15T10:17:43","modified_gmt":"2006-10-15T10:17:43","slug":"wellenforum","status":"publish","type":"post","link":"https:\/\/www.achimbrueckner.de\/dxradio\/php\/wordpress\/?p=127","title":{"rendered":"Wellenforum"},"content":{"rendered":"<p>Ein interessantes und gut besuchtes DX-Forum ist das <a href=\"http:\/\/www.wellenforum.de\/\">Wellenforum<\/a>. Hier gibt es Logs von allen B\u00e4ndern, Antworten auf Empf\u00e4ngerfragen, Aktionen von Radiostationen und vieles mehr. Hervorzuheben ist der freundliche Umgangston und das Forum hat sich mittlerweile fest etabliert. Vom Moderatorenteam wird auch die DX-Sendung von Radio Ukraine International produziert.<\/p>\n","protected":false},"excerpt":{"rendered":"<p>Ein interessantes und gut besuchtes DX-Forum ist das Wellenforum. Hier gibt es Logs von allen B\u00e4ndern, Antworten auf Empf\u00e4ngerfragen, Aktionen von Radiostationen und vieles mehr. Hervorzuheben ist der freundliche Umgangston und das Forum hat sich mittlerweile fest etabliert. Vom Moderatorenteam wird auch die DX-Sendung von Radio Ukraine International produziert.<\/p>\n","protected":false},"author":1,"featured_media":0,"comment_status":"open","ping_status":"open","sticky":false,"template":"","format":"standard","meta":{"_jetpack_memberships_contains_paid_content":false,"footnotes":"","jetpack_publicize_message":"","jetpack_publicize_feature_enabled":true,"jetpack_social_post_already_shared":false,"jetpack_social_options":{"image_generator_settings":{"template":"highway","default_image_id":0,"font":"","enabled":false},"version":2}},"categories":[7],"tags":[24,40,33],"class_list":["post-127","post","type-post","status-publish","format-standard","hentry","category-links","tag-am","tag-dx","tag-empfanger"],"jetpack_publicize_connections":[],"jetpack_featured_media_url":"","jetpack_sharing_enabled":true,"jetpack_shortlink":"https:\/\/wp.me\/p5CDmr-23","jetpack-related-posts":[{"id":348,"url":"https:\/\/www.achimbrueckner.de\/dxradio\/php\/wordpress\/?p=348","url_meta":{"origin":127,"position":0},"title":"Wellenforum Asia-DX Contest","author":"Administrator","date":"October 21, 2007","format":false,"excerpt":"wellenforum ASIA DX CONTEST 2007 31.Oktober bis 18.November 2007 In der Zeit vom 31.Oktober 0000UTC bis 18.November 2400UTC 2007 f\u00fchrt das wellenforum wieder den ASIA DX-Contest durch. Hierbei wird das h\u00f6ren asiatischer BCL-Stationen aus den unten gelisteten L\u00e4ndern gewertet, eine Stationsvorgabe gibt es nicht: ACHTUNG ! L\u00e4nder mit teilweise europ\u00e4ischem\/afrikanischem\u2026","rel":"","context":"In &quot;contests&quot;","block_context":{"text":"contests","link":"https:\/\/www.achimbrueckner.de\/dxradio\/php\/wordpress\/?cat=6"},"img":{"alt_text":"","src":"","width":0,"height":0},"classes":[]},{"id":46,"url":"https:\/\/www.achimbrueckner.de\/dxradio\/php\/wordpress\/?p=46","url_meta":{"origin":127,"position":1},"title":"Erster Asia-DX Contest von wellenforum und A-DX","author":"Administrator","date":"September 30, 2006","format":false,"excerpt":"Die Online-Foren wellenforum.de (Deutschland) und A-DX (\u00d6sterreich) f\u00fchren in der Zeit vom 29.10.2006 (00:00 UTC) bis 19.11.2006 (23:59 UTC) den 1. Asia DX Contest durch. Teilnehmen kann jeder Radiofreund, ob Newcomer oder Oldtimer, die Mitgliedschaft in einer Hobbyvereinigung ist nat\u00fcrlich nicht notwendig. Alles weitere unter Asia-DX-Contest.","rel":"","context":"In &quot;contests&quot;","block_context":{"text":"contests","link":"https:\/\/www.achimbrueckner.de\/dxradio\/php\/wordpress\/?cat=6"},"img":{"alt_text":"","src":"","width":0,"height":0},"classes":[]},{"id":1302,"url":"https:\/\/www.achimbrueckner.de\/dxradio\/php\/wordpress\/?p=1302","url_meta":{"origin":127,"position":2},"title":"4. DX-Tag Oldenburger KW-Freunde","author":"Administrator","date":"January 12, 2011","format":false,"excerpt":"Die Oldenburger KW-Freunde veranstalten am 22.01.11, von 9:30Uhr MEZ bis ..., den 4.DX-Tag im Vereinsheim des Post SV direkt an der Hunte. Das Motto diesmal nicht wie die letzten Male \"Stephans Pappradio\" oder \"UKW-DX mit Perseus\", sondern es wird ein \"Analog-DX-Tag\". Keine Digitalanzeige erlaubt. Anmeldungen per email: Karl-J.Conrads(at)t-online.de. Wir freuen\u2026","rel":"","context":"In &quot;camps&quot;","block_context":{"text":"camps","link":"https:\/\/www.achimbrueckner.de\/dxradio\/php\/wordpress\/?cat=5"},"img":{"alt_text":"","src":"","width":0,"height":0},"classes":[]},{"id":740,"url":"https:\/\/www.achimbrueckner.de\/dxradio\/php\/wordpress\/?p=740","url_meta":{"origin":127,"position":3},"title":"5. wellenforum Christmas Contest","author":"Administrator","date":"December 5, 2009","format":false,"excerpt":"1. Zeitraum: In der Zeit vom 21.12.2009 (00.00 UTC) bis 03.01.2010 (23.59 UTC) richtet das wellenforum den 5. wellenforum Christmas Contest aus. 2. Stationen Im Contestzeitraum sind die BC-Stationen zu h\u00f6ren, die auf der Lang- oder Mittelwelle senden. 3. Teilnahmebedingungen Die Teilnahme ist kostenfrei und unabh\u00e4ngig von einer Klubmitgliedschaft. Teilnehmen\u2026","rel":"","context":"In &quot;contests&quot;","block_context":{"text":"contests","link":"https:\/\/www.achimbrueckner.de\/dxradio\/php\/wordpress\/?cat=6"},"img":{"alt_text":"","src":"","width":0,"height":0},"classes":[]},{"id":547,"url":"https:\/\/www.achimbrueckner.de\/dxradio\/php\/wordpress\/?p=547","url_meta":{"origin":127,"position":4},"title":"Radio Slovakia Sonder-QSL-Karte","author":"Administrator","date":"September 25, 2009","format":false,"excerpt":"Liebe Hobbyfreunde! Das Austrian DX Board (ADXB) f\u00fchrt in Zusammenarbeit mit Radio Slovakia International eine Aktion im Zeitraum im Zeitraum von November-2009 bis inklusive J\u00e4nner 2010 durch, bei der es eine Sonder-QSL Karte als Belohnung f\u00fcr korrekte Empfangsberichte geben wird. Anlass ist das 40 J\u00e4hrige Bestehen des ADXB, des einzigen\u2026","rel":"","context":"In &quot;contests&quot;","block_context":{"text":"contests","link":"https:\/\/www.achimbrueckner.de\/dxradio\/php\/wordpress\/?cat=6"},"img":{"alt_text":"","src":"","width":0,"height":0},"classes":[]},{"id":354,"url":"https:\/\/www.achimbrueckner.de\/dxradio\/php\/wordpress\/?p=354","url_meta":{"origin":127,"position":5},"title":"Wellenforum Christmas Contest","author":"Administrator","date":"December 3, 2007","format":false,"excerpt":"3. wellenforum Christmas Contest 1. Zeitraum: In der Zeit vom 22.12.2007 (00.00 UTC) bis 06.01.2008 (24.00 UTC) richtet das wellenforum den 3. wellenforum Christmas Contest aus. 2. Stationen Im Contestzeitraum sind die Stationen aus den nachfolgenden Sendegebieten zu h\u00f6ren, die auf der Lang- oder Mittelwelle senden. Europa (18): Azoren, Balearen,\u2026","rel":"","context":"In &quot;contests&quot;","block_context":{"text":"contests","link":"https:\/\/www.achimbrueckner.de\/dxradio\/php\/wordpress\/?cat=6"},"img":{"alt_text":"","src":"","width":0,"height":0},"classes":[]}],"_links":{"self":[{"href":"https:\/\/www.achimbrueckner.de\/dxradio\/php\/wordpress\/index.php?rest_route=\/wp\/v2\/posts\/127","targetHints":{"allow":["GET"]}}],"collection":[{"href":"https:\/\/www.achimbrueckner.de\/dxradio\/php\/wordpress\/index.php?rest_route=\/wp\/v2\/posts"}],"about":[{"href":"https:\/\/www.achimbrueckner.de\/dxradio\/php\/wordpress\/index.php?rest_route=\/wp\/v2\/types\/post"}],"author":[{"embeddable":true,"href":"https:\/\/www.achimbrueckner.de\/dxradio\/php\/wordpress\/index.php?rest_route=\/wp\/v2\/users\/1"}],"replies":[{"embeddable":true,"href":"https:\/\/www.achimbrueckner.de\/dxradio\/php\/wordpress\/index.php?rest_route=%2Fwp%2Fv2%2Fcomments&post=127"}],"version-history":[{"count":0,"href":"https:\/\/www.achimbrueckner.de\/dxradio\/php\/wordpress\/index.php?rest_route=\/wp\/v2\/posts\/127\/revisions"}],"wp:attachment":[{"href":"https:\/\/www.achimbrueckner.de\/dxradio\/php\/wordpress\/index.php?rest_route=%2Fwp%2Fv2%2Fmedia&parent=127"}],"wp:term":[{"taxonomy":"category","embeddable":true,"href":"https:\/\/www.achimbrueckner.de\/dxradio\/php\/wordpress\/index.php?rest_route=%2Fwp%2Fv2%2Fcategories&post=127"},{"taxonomy":"post_tag","embeddable":true,"href":"https:\/\/www.achimbrueckner.de\/dxradio\/php\/wordpress\/index.php?rest_route=%2Fwp%2Fv2%2Ftags&post=127"}],"curies":[{"name":"wp","href":"https:\/\/api.w.org\/{rel}","templated":true}]}}