{"id":12708,"date":"2017-04-01T09:10:09","date_gmt":"2017-04-01T09:10:09","guid":{"rendered":"https:\/\/www.achimbrueckner.de\/dxradio\/php\/wordpress\/?p=12708"},"modified":"2017-04-01T09:10:09","modified_gmt":"2017-04-01T09:10:09","slug":"wdr-5-sportecho-startet-am-1-april","status":"publish","type":"post","link":"https:\/\/www.achimbrueckner.de\/dxradio\/php\/wordpress\/?p=12708","title":{"rendered":"WDR 5 Sportecho startet am 1. April"},"content":{"rendered":"<p><a href=\"http:\/\/www.radioszene.de\/103153\/wdr-5-sportecho-startet-1-april.html\" target=\"_blank\">http:\/\/www.radioszene.de\/103153\/wdr-5-sportecho-startet-1-april.html<\/a><\/p>\n","protected":false},"excerpt":{"rendered":"<p>http:\/\/www.radioszene.de\/103153\/wdr-5-sportecho-startet-1-april.html<\/p>\n","protected":false},"author":1,"featured_media":0,"comment_status":"open","ping_status":"open","sticky":false,"template":"","format":"standard","meta":{"_jetpack_memberships_contains_paid_content":false,"footnotes":"","jetpack_publicize_message":"","jetpack_publicize_feature_enabled":true,"jetpack_social_post_already_shared":true,"jetpack_social_options":{"image_generator_settings":{"template":"highway","default_image_id":0,"font":"","enabled":false},"version":2}},"categories":[1,16],"tags":[24,41],"class_list":["post-12708","post","type-post","status-publish","format-standard","hentry","category-deutsch","category-radioszene","tag-am","tag-radioszene"],"jetpack_publicize_connections":[],"jetpack_featured_media_url":"","jetpack_sharing_enabled":true,"jetpack_shortlink":"https:\/\/wp.me\/p5CDmr-3iY","jetpack-related-posts":[{"id":18839,"url":"https:\/\/www.achimbrueckner.de\/dxradio\/php\/wordpress\/?p=18839","url_meta":{"origin":12708,"position":0},"title":"\u201cMachiavelli\u201d: WDR COSMO startet Podcast \u00fcber Rap und Politik","author":"Administrator","date":"August 18, 2018","format":false,"excerpt":"https:\/\/www.radioszene.de\/124739\/machiavelli-wdr-cosmo-podcast.html","rel":"","context":"In &quot;Deutsch&quot;","block_context":{"text":"Deutsch","link":"https:\/\/www.achimbrueckner.de\/dxradio\/php\/wordpress\/?cat=1"},"img":{"alt_text":"","src":"","width":0,"height":0},"classes":[]},{"id":19255,"url":"https:\/\/www.achimbrueckner.de\/dxradio\/php\/wordpress\/?p=19255","url_meta":{"origin":12708,"position":1},"title":"Neuer Online-Polittalk des WDR startet mit l\u00e4ngster Talkshow der Welt","author":"Administrator","date":"September 23, 2018","format":false,"excerpt":"https:\/\/www.radioszene.de\/126029\/wdr-polittalk-talkshow-sherif.html","rel":"","context":"In &quot;Deutsch&quot;","block_context":{"text":"Deutsch","link":"https:\/\/www.achimbrueckner.de\/dxradio\/php\/wordpress\/?cat=1"},"img":{"alt_text":"","src":"","width":0,"height":0},"classes":[]},{"id":8530,"url":"https:\/\/www.achimbrueckner.de\/dxradio\/php\/wordpress\/?p=8530","url_meta":{"origin":12708,"position":2},"title":"NDR Plus: Schlagerradio startet am 5. Juli auf DAB+","author":"Administrator","date":"June 17, 2016","format":false,"excerpt":"http:\/\/www.radioszene.de\/92127\/ndr-plus-schlagerradio-startet-5-juli-auf-dab.html","rel":"","context":"In &quot;Deutsch&quot;","block_context":{"text":"Deutsch","link":"https:\/\/www.achimbrueckner.de\/dxradio\/php\/wordpress\/?cat=1"},"img":{"alt_text":"","src":"","width":0,"height":0},"classes":[]},{"id":1678,"url":"https:\/\/www.achimbrueckner.de\/dxradio\/php\/wordpress\/?p=1678","url_meta":{"origin":12708,"position":3},"title":"Radiosender \u00e2\u20ac\u017eAllg\u00e4uHIT\u00e2\u20ac\u0153 startet am 1. August","author":"Administrator","date":"July 25, 2011","format":false,"excerpt":"Radiosender \u00e2\u20ac\u017eAllg\u00e4uHIT\u00e2\u20ac\u0153 startet am 1. August http:\/\/www.radioszene.de\/27820\/radiosender-allgaeuhit-startet-am-1-august.html","rel":"","context":"In &quot;Deutsch&quot;","block_context":{"text":"Deutsch","link":"https:\/\/www.achimbrueckner.de\/dxradio\/php\/wordpress\/?cat=1"},"img":{"alt_text":"","src":"","width":0,"height":0},"classes":[]},{"id":1692,"url":"https:\/\/www.achimbrueckner.de\/dxradio\/php\/wordpress\/?p=1692","url_meta":{"origin":12708,"position":4},"title":"Am 1. August startet bundesweites Digitalradio in Deutschland","author":"Administrator","date":"July 29, 2011","format":false,"excerpt":"Am 1. August startet bundesweites Digitalradio in Deutschland http:\/\/www.radioszene.de\/28011\/am-1-august-startet-bundesweites-digitalradio-in-deutschland.html","rel":"","context":"In &quot;Deutsch&quot;","block_context":{"text":"Deutsch","link":"https:\/\/www.achimbrueckner.de\/dxradio\/php\/wordpress\/?cat=1"},"img":{"alt_text":"","src":"","width":0,"height":0},"classes":[]},{"id":7753,"url":"https:\/\/www.achimbrueckner.de\/dxradio\/php\/wordpress\/?p=7753","url_meta":{"origin":12708,"position":5},"title":"American Tower will WDR-Sendemasten kaufen","author":"Administrator","date":"March 4, 2016","format":false,"excerpt":"http:\/\/www.radioszene.de\/88439\/american-tower-wdr-sendemasten-kaufen.html","rel":"","context":"In &quot;Deutsch&quot;","block_context":{"text":"Deutsch","link":"https:\/\/www.achimbrueckner.de\/dxradio\/php\/wordpress\/?cat=1"},"img":{"alt_text":"","src":"","width":0,"height":0},"classes":[]}],"_links":{"self":[{"href":"https:\/\/www.achimbrueckner.de\/dxradio\/php\/wordpress\/index.php?rest_route=\/wp\/v2\/posts\/12708","targetHints":{"allow":["GET"]}}],"collection":[{"href":"https:\/\/www.achimbrueckner.de\/dxradio\/php\/wordpress\/index.php?rest_route=\/wp\/v2\/posts"}],"about":[{"href":"https:\/\/www.achimbrueckner.de\/dxradio\/php\/wordpress\/index.php?rest_route=\/wp\/v2\/types\/post"}],"author":[{"embeddable":true,"href":"https:\/\/www.achimbrueckner.de\/dxradio\/php\/wordpress\/index.php?rest_route=\/wp\/v2\/users\/1"}],"replies":[{"embeddable":true,"href":"https:\/\/www.achimbrueckner.de\/dxradio\/php\/wordpress\/index.php?rest_route=%2Fwp%2Fv2%2Fcomments&post=12708"}],"version-history":[{"count":0,"href":"https:\/\/www.achimbrueckner.de\/dxradio\/php\/wordpress\/index.php?rest_route=\/wp\/v2\/posts\/12708\/revisions"}],"wp:attachment":[{"href":"https:\/\/www.achimbrueckner.de\/dxradio\/php\/wordpress\/index.php?rest_route=%2Fwp%2Fv2%2Fmedia&parent=12708"}],"wp:term":[{"taxonomy":"category","embeddable":true,"href":"https:\/\/www.achimbrueckner.de\/dxradio\/php\/wordpress\/index.php?rest_route=%2Fwp%2Fv2%2Fcategories&post=12708"},{"taxonomy":"post_tag","embeddable":true,"href":"https:\/\/www.achimbrueckner.de\/dxradio\/php\/wordpress\/index.php?rest_route=%2Fwp%2Fv2%2Ftags&post=12708"}],"curies":[{"name":"wp","href":"https:\/\/api.w.org\/{rel}","templated":true}]}}