{"id":12786,"date":"2017-04-10T13:45:37","date_gmt":"2017-04-10T13:45:37","guid":{"rendered":"https:\/\/www.achimbrueckner.de\/dxradio\/php\/wordpress\/?p=12786"},"modified":"2017-04-10T13:45:37","modified_gmt":"2017-04-10T13:45:37","slug":"radio-moderator-alfred-sperer-hort-nach-15-jahren-auf-immer-wieder-sonntags-stimme-der-volksmusik-sagt-servus","status":"publish","type":"post","link":"https:\/\/www.achimbrueckner.de\/dxradio\/php\/wordpress\/?p=12786","title":{"rendered":"RADIO-MODERATOR ALFRED SPERER H\u00d6RT NACH 15 JAHREN AUF  Immer wieder sonntags: Stimme der Volksmusik sagt Servus"},"content":{"rendered":"<p><a href=\"https:\/\/www.merkur.de\/lokales\/garmisch-partenkirchen\/wallgau-ort357634\/radio-moderator-alfred-sperer-aus-wallgau-hoert-nach-15-jahren-auf-8115919.html\" target=\"_blank\">https:\/\/www.merkur.de\/lokales\/garmisch-partenkirchen\/wallgau-ort357634\/radio-moderator-alfred-sperer-aus-wallgau-hoert-nach-15-jahren-auf-8115919.html<\/a><\/p>\n","protected":false},"excerpt":{"rendered":"<p>https:\/\/www.merkur.de\/lokales\/garmisch-partenkirchen\/wallgau-ort357634\/radio-moderator-alfred-sperer-aus-wallgau-hoert-nach-15-jahren-auf-8115919.html<\/p>\n","protected":false},"author":1,"featured_media":0,"comment_status":"open","ping_status":"open","sticky":false,"template":"","format":"standard","meta":{"_jetpack_memberships_contains_paid_content":false,"footnotes":"","jetpack_publicize_message":"","jetpack_publicize_feature_enabled":true,"jetpack_social_post_already_shared":true,"jetpack_social_options":{"image_generator_settings":{"template":"highway","default_image_id":0,"font":"","enabled":false},"version":2}},"categories":[1],"tags":[],"class_list":["post-12786","post","type-post","status-publish","format-standard","hentry","category-deutsch"],"jetpack_publicize_connections":[],"jetpack_featured_media_url":"","jetpack_sharing_enabled":true,"jetpack_shortlink":"https:\/\/wp.me\/p5CDmr-3ke","jetpack-related-posts":[{"id":34144,"url":"https:\/\/www.achimbrueckner.de\/dxradio\/php\/wordpress\/?p=34144","url_meta":{"origin":12786,"position":0},"title":"Nach K\u00fcndigung von CNN: Moderator Chris Cuomo gibt auch Radioshow auf","author":"Administrator","date":"December 9, 2021","format":false,"excerpt":"https:\/\/www.rnd.de\/medien\/chris-cuomo-cnn-moderator-gibt-nach-kuendigung-auch-radio-show-auf-PPJTS5MDPNHW3AG6ERRAVWLYAI.html","rel":"","context":"In &quot;Deutsch&quot;","block_context":{"text":"Deutsch","link":"https:\/\/www.achimbrueckner.de\/dxradio\/php\/wordpress\/?cat=1"},"img":{"alt_text":"","src":"","width":0,"height":0},"classes":[]},{"id":27971,"url":"https:\/\/www.achimbrueckner.de\/dxradio\/php\/wordpress\/?p=27971","url_meta":{"origin":12786,"position":1},"title":"R.I.P. \u201eMighty Mike\u201c","author":"Administrator","date":"April 3, 2020","format":false,"excerpt":"Radiomacher, Ex-Kollege und Freund Mike Schneider ist pl\u00f6tzlich an einer Blut-Infektion auf den Philippinen verstorben, teilt seine Lebensgef\u00e4hrtin heute Mittag mit. Es bestand kein Zusammenhang mit Corona. Ein toller Mensch aus der Pionierzeit des privaten Rundfunks ist nicht mehr da. Ein Mensch, mit dem ich lustige Zeiten bei Radio Donau\u2026","rel":"","context":"In &quot;Deutsch&quot;","block_context":{"text":"Deutsch","link":"https:\/\/www.achimbrueckner.de\/dxradio\/php\/wordpress\/?cat=1"},"img":{"alt_text":"","src":"","width":0,"height":0},"classes":[]},{"id":22101,"url":"https:\/\/www.achimbrueckner.de\/dxradio\/php\/wordpress\/?p=22101","url_meta":{"origin":12786,"position":2},"title":"Radio-Moderator stirbt mit 48 Jahren pl\u00f6tzlich &#8211; Todesursache unklar","author":"Administrator","date":"March 12, 2019","format":false,"excerpt":"https:\/\/www.tz.de\/stars\/radio-moderator-mit-48-gestorben-todesursache-von-torsten-eikmeier-unklar-zr-11844814.html","rel":"","context":"In &quot;Deutsch&quot;","block_context":{"text":"Deutsch","link":"https:\/\/www.achimbrueckner.de\/dxradio\/php\/wordpress\/?cat=1"},"img":{"alt_text":"","src":"","width":0,"height":0},"classes":[]},{"id":6252,"url":"https:\/\/www.achimbrueckner.de\/dxradio\/php\/wordpress\/?p=6252","url_meta":{"origin":12786,"position":3},"title":"ORF-Kurzwelle Moosbrunn, Tag der offenen T\u00fcr beim ORF 1974","author":"Administrator","date":"October 16, 2015","format":false,"excerpt":"Im Jahr 1974 lud der ORF seine Zuseher und Zuh\u00f6rer zu einem Tag der offenen T\u00fcr ein. In allen Bundesl\u00e4ndern und in Wien waren technische Einrichtungen, Studios und Sendeanlagen auf den Besuch der G\u00e4ste vorbereitet. Mehr als 75.000 G\u00e4ste kamen allein ins ORF-Zentrum. Sendung: ORF-Transparent Moderator: Hans Georg Heinke Interview\u2026","rel":"","context":"In &quot;Deutsch&quot;","block_context":{"text":"Deutsch","link":"https:\/\/www.achimbrueckner.de\/dxradio\/php\/wordpress\/?cat=1"},"img":{"alt_text":"","src":"","width":0,"height":0},"classes":[]},{"id":22041,"url":"https:\/\/www.achimbrueckner.de\/dxradio\/php\/wordpress\/?p=22041","url_meta":{"origin":12786,"position":4},"title":"Kult-Moderator Horst Klatte jetzt bei Radio Europa auf Gran Canaria","author":"Administrator","date":"March 8, 2019","format":false,"excerpt":"https:\/\/www.smartphonefan.de\/2019\/03\/08\/kult-moderator-horst-klatte-jetzt-bei-radio-europa-auf-gran-canaria\/","rel":"","context":"In &quot;Deutsch&quot;","block_context":{"text":"Deutsch","link":"https:\/\/www.achimbrueckner.de\/dxradio\/php\/wordpress\/?cat=1"},"img":{"alt_text":"","src":"","width":0,"height":0},"classes":[]},{"id":24047,"url":"https:\/\/www.achimbrueckner.de\/dxradio\/php\/wordpress\/?p=24047","url_meta":{"origin":12786,"position":5},"title":"Auf H\u00f6rerfang: RTL Radio entwickelt neuartige Audio-Konzepte mit Vox-Moderator Guido Maria Kretschmer","author":"Administrator","date":"July 31, 2019","format":false,"excerpt":"https:\/\/meedia.de\/2019\/07\/31\/auf-hoererfang-rtl-radio-entwickelt-neuartige-audio-konzepte-mit-vox-moderator-guido-maria-kretschmer\/","rel":"","context":"In &quot;audio&quot;","block_context":{"text":"audio","link":"https:\/\/www.achimbrueckner.de\/dxradio\/php\/wordpress\/?cat=47"},"img":{"alt_text":"","src":"","width":0,"height":0},"classes":[]}],"_links":{"self":[{"href":"https:\/\/www.achimbrueckner.de\/dxradio\/php\/wordpress\/index.php?rest_route=\/wp\/v2\/posts\/12786","targetHints":{"allow":["GET"]}}],"collection":[{"href":"https:\/\/www.achimbrueckner.de\/dxradio\/php\/wordpress\/index.php?rest_route=\/wp\/v2\/posts"}],"about":[{"href":"https:\/\/www.achimbrueckner.de\/dxradio\/php\/wordpress\/index.php?rest_route=\/wp\/v2\/types\/post"}],"author":[{"embeddable":true,"href":"https:\/\/www.achimbrueckner.de\/dxradio\/php\/wordpress\/index.php?rest_route=\/wp\/v2\/users\/1"}],"replies":[{"embeddable":true,"href":"https:\/\/www.achimbrueckner.de\/dxradio\/php\/wordpress\/index.php?rest_route=%2Fwp%2Fv2%2Fcomments&post=12786"}],"version-history":[{"count":0,"href":"https:\/\/www.achimbrueckner.de\/dxradio\/php\/wordpress\/index.php?rest_route=\/wp\/v2\/posts\/12786\/revisions"}],"wp:attachment":[{"href":"https:\/\/www.achimbrueckner.de\/dxradio\/php\/wordpress\/index.php?rest_route=%2Fwp%2Fv2%2Fmedia&parent=12786"}],"wp:term":[{"taxonomy":"category","embeddable":true,"href":"https:\/\/www.achimbrueckner.de\/dxradio\/php\/wordpress\/index.php?rest_route=%2Fwp%2Fv2%2Fcategories&post=12786"},{"taxonomy":"post_tag","embeddable":true,"href":"https:\/\/www.achimbrueckner.de\/dxradio\/php\/wordpress\/index.php?rest_route=%2Fwp%2Fv2%2Ftags&post=12786"}],"curies":[{"name":"wp","href":"https:\/\/api.w.org\/{rel}","templated":true}]}}