{"id":12791,"date":"2017-04-10T14:10:02","date_gmt":"2017-04-10T14:10:02","guid":{"rendered":"https:\/\/www.achimbrueckner.de\/dxradio\/php\/wordpress\/?p=12791"},"modified":"2017-04-10T14:10:02","modified_gmt":"2017-04-10T14:10:02","slug":"radio-und-funkflohmarkt-hier-schlagt-zweimal-im-jahr-das-bastlerherz-hoher","status":"publish","type":"post","link":"https:\/\/www.achimbrueckner.de\/dxradio\/php\/wordpress\/?p=12791","title":{"rendered":"Radio- und Funkflohmarkt Hier schl\u00e4gt zweimal im Jahr das Bastlerherz h\u00f6her"},"content":{"rendered":"<p><a href=\"http:\/\/www.mz-web.de\/dessau-rosslau\/radio--und-funkflohmarkt-hier-schlaegt-zweimal-im-jahr-das-bastlerherz-hoeher-26672442\" target=\"_blank\">http:\/\/www.mz-web.de\/dessau-rosslau\/radio&#8211;und-funkflohmarkt-hier-schlaegt-zweimal-im-jahr-das-bastlerherz-hoeher-26672442<\/a><\/p>\n","protected":false},"excerpt":{"rendered":"<p>http:\/\/www.mz-web.de\/dessau-rosslau\/radio&#8211;und-funkflohmarkt-hier-schlaegt-zweimal-im-jahr-das-bastlerherz-hoeher-26672442<\/p>\n","protected":false},"author":1,"featured_media":0,"comment_status":"open","ping_status":"open","sticky":false,"template":"","format":"standard","meta":{"_jetpack_memberships_contains_paid_content":false,"footnotes":"","jetpack_publicize_message":"","jetpack_publicize_feature_enabled":true,"jetpack_social_post_already_shared":true,"jetpack_social_options":{"image_generator_settings":{"template":"highway","default_image_id":0,"font":"","enabled":false},"version":2}},"categories":[1],"tags":[],"class_list":["post-12791","post","type-post","status-publish","format-standard","hentry","category-deutsch"],"jetpack_publicize_connections":[],"jetpack_featured_media_url":"","jetpack_sharing_enabled":true,"jetpack_shortlink":"https:\/\/wp.me\/p5CDmr-3kj","jetpack-related-posts":[{"id":14323,"url":"https:\/\/www.achimbrueckner.de\/dxradio\/php\/wordpress\/?p=14323","url_meta":{"origin":12791,"position":0},"title":"5. Radio- und Funkflohmarkt in Wertingen","author":"Administrator","date":"August 27, 2017","format":false,"excerpt":"http:\/\/www.stadtzeitung.de\/wertingen\/lokales\/5-radio-und-funkflohmarkt-in-wertingen-d31069.html","rel":"","context":"In &quot;Deutsch&quot;","block_context":{"text":"Deutsch","link":"https:\/\/www.achimbrueckner.de\/dxradio\/php\/wordpress\/?cat=1"},"img":{"alt_text":"","src":"","width":0,"height":0},"classes":[]},{"id":19170,"url":"https:\/\/www.achimbrueckner.de\/dxradio\/php\/wordpress\/?p=19170","url_meta":{"origin":12791,"position":1},"title":"5. Radio- und Funkflohmarkt in Wertingen ein voller Erfolg","author":"Administrator","date":"September 14, 2018","format":false,"excerpt":"https:\/\/www.stadtzeitung.de\/wertingen\/lokales\/5-radio-und-funkflohmarkt-in-wertingen-ein-voller-erfolg-d61840.html","rel":"","context":"In &quot;Deutsch&quot;","block_context":{"text":"Deutsch","link":"https:\/\/www.achimbrueckner.de\/dxradio\/php\/wordpress\/?cat=1"},"img":{"alt_text":"","src":"","width":0,"height":0},"classes":[]},{"id":28846,"url":"https:\/\/www.achimbrueckner.de\/dxradio\/php\/wordpress\/?p=28846","url_meta":{"origin":12791,"position":2},"title":"Flohmarkt in Bergheim auf den 6.3.2021 verschoben","author":"Administrator","date":"May 27, 2020","format":false,"excerpt":"wie auf https:\/\/flohmarkt.ov-g20.de\/ zu lesen ist, findet der Funkflohmarkt in Bergheim in diesem Jahr nicht mehr statt. Der angedachte Ersatztermin im Juni diesen Jahres ist aufgrund der Corona-Schutzverordnung nicht zu halten. Neuer Termin ist der Samstag, 6.3.2021. Info via Radiofreunde-NRW","rel":"","context":"In &quot;Deutsch&quot;","block_context":{"text":"Deutsch","link":"https:\/\/www.achimbrueckner.de\/dxradio\/php\/wordpress\/?cat=1"},"img":{"alt_text":"","src":"","width":0,"height":0},"classes":[]},{"id":37048,"url":"https:\/\/www.achimbrueckner.de\/dxradio\/php\/wordpress\/?p=37048","url_meta":{"origin":12791,"position":3},"title":"Radio Andorra August September 2022","author":"Administrator","date":"July 22, 2022","format":false,"excerpt":"Die n\u00e4chsten beiden Sendungen \"Aus den Archiven von Radio Andorra\" sind fix geplant. Auch im August und September hei\u00dft es am ersten Samstag im Monat: Zeit, 43 Jahre alte Kassetten wieder h\u00f6rbar zu machen. Am Samstag, 06. August 2022 gestaltet Ricet Barrier eine Stunde Programm mit Chansons und Geschichten aus\u2026","rel":"","context":"In &quot;Deutsch&quot;","block_context":{"text":"Deutsch","link":"https:\/\/www.achimbrueckner.de\/dxradio\/php\/wordpress\/?cat=1"},"img":{"alt_text":"","src":"","width":0,"height":0},"classes":[]},{"id":2070,"url":"https:\/\/www.achimbrueckner.de\/dxradio\/php\/wordpress\/?p=2070","url_meta":{"origin":12791,"position":4},"title":"Nord AM 1 Januar 2012","author":"Administrator","date":"December 29, 2011","format":false,"excerpt":"Liebe H\u00f6rer, liebe Freunde, Zun\u00e4chst m\u00f6chten wir uns f\u00fcr die R\u00fcckmeldungen, Empfangsberichte und Anregungen zu unserer letzten Sendung vom Oktober dieses Jahres bedanken. Alle eingegangenen Berichte haben wir bereits vor einigen Wochen mit einer QSL-Karte best\u00e4tigt. Das Jahr 2011 neigt dich dem Ende zu - und uns war klar, dass\u2026","rel":"","context":"In &quot;Deutsch&quot;","block_context":{"text":"Deutsch","link":"https:\/\/www.achimbrueckner.de\/dxradio\/php\/wordpress\/?cat=1"},"img":{"alt_text":"","src":"","width":0,"height":0},"classes":[]},{"id":31810,"url":"https:\/\/www.achimbrueckner.de\/dxradio\/php\/wordpress\/?p=31810","url_meta":{"origin":12791,"position":5},"title":"Litauen Rimantas Pleykis RIP","author":"Administrator","date":"January 25, 2021","format":false,"excerpt":"Traurige Nachrichten aus Litauen: Wieder verl\u00e4sst eine Radiopers\u00f6nlichkeit diese Welt viel zu fr\u00fch. Gestern wurde bekannt, dass der Gr\u00fcnder des ersten Privatradios zu Zeiten der Sowjetunion, Radio M1 sowie der Gr\u00fcnder und Betreiber der Mittelwelle 1386 kHz (Radio Baltic Waves), Rimantas Pleykis im Alter von nur 64 Jahren gestorben ist.\u2026","rel":"","context":"In &quot;audio&quot;","block_context":{"text":"audio","link":"https:\/\/www.achimbrueckner.de\/dxradio\/php\/wordpress\/?cat=47"},"img":{"alt_text":"","src":"","width":0,"height":0},"classes":[]}],"_links":{"self":[{"href":"https:\/\/www.achimbrueckner.de\/dxradio\/php\/wordpress\/index.php?rest_route=\/wp\/v2\/posts\/12791","targetHints":{"allow":["GET"]}}],"collection":[{"href":"https:\/\/www.achimbrueckner.de\/dxradio\/php\/wordpress\/index.php?rest_route=\/wp\/v2\/posts"}],"about":[{"href":"https:\/\/www.achimbrueckner.de\/dxradio\/php\/wordpress\/index.php?rest_route=\/wp\/v2\/types\/post"}],"author":[{"embeddable":true,"href":"https:\/\/www.achimbrueckner.de\/dxradio\/php\/wordpress\/index.php?rest_route=\/wp\/v2\/users\/1"}],"replies":[{"embeddable":true,"href":"https:\/\/www.achimbrueckner.de\/dxradio\/php\/wordpress\/index.php?rest_route=%2Fwp%2Fv2%2Fcomments&post=12791"}],"version-history":[{"count":0,"href":"https:\/\/www.achimbrueckner.de\/dxradio\/php\/wordpress\/index.php?rest_route=\/wp\/v2\/posts\/12791\/revisions"}],"wp:attachment":[{"href":"https:\/\/www.achimbrueckner.de\/dxradio\/php\/wordpress\/index.php?rest_route=%2Fwp%2Fv2%2Fmedia&parent=12791"}],"wp:term":[{"taxonomy":"category","embeddable":true,"href":"https:\/\/www.achimbrueckner.de\/dxradio\/php\/wordpress\/index.php?rest_route=%2Fwp%2Fv2%2Fcategories&post=12791"},{"taxonomy":"post_tag","embeddable":true,"href":"https:\/\/www.achimbrueckner.de\/dxradio\/php\/wordpress\/index.php?rest_route=%2Fwp%2Fv2%2Ftags&post=12791"}],"curies":[{"name":"wp","href":"https:\/\/api.w.org\/{rel}","templated":true}]}}