{"id":128,"date":"2006-10-15T14:23:40","date_gmt":"2006-10-15T14:23:40","guid":{"rendered":"https:\/\/www.achimbrueckner.de\/dxradio\/php\/wordpress\/?p=128"},"modified":"2006-10-28T14:16:37","modified_gmt":"2006-10-28T14:16:37","slug":"digitaler-kurzwellenempfanger-im-test","status":"publish","type":"post","link":"https:\/\/www.achimbrueckner.de\/dxradio\/php\/wordpress\/?p=128","title":{"rendered":"Digitaler DRM-Kurzwellenempf\u00e4nger im Test"},"content":{"rendered":"<p>Markus Weidner testete den ersten digitalen DRM-Kurzwellenempf\u00e4nger auf <a href=\"http:\/\/www.teltarif.de\/arch\/2006\/kw41\/s23481.html\">http:\/\/www.teltarif.de<\/a>. Es ist der Morphy-Richards-Empf\u00e4nger, der demn\u00e4chst f\u00fcr 199 Euro erh\u00e4ltlich sein soll. Fazit abwarten, der Empf\u00e4nger hat doch einige Macken.<\/p>\n","protected":false},"excerpt":{"rendered":"<p>Markus Weidner testete den ersten digitalen DRM-Kurzwellenempf\u00e4nger auf http:\/\/www.teltarif.de. Es ist der Morphy-Richards-Empf\u00e4nger, der demn\u00e4chst f\u00fcr 199 Euro erh\u00e4ltlich sein soll. Fazit abwarten, der Empf\u00e4nger hat doch einige Macken.<\/p>\n","protected":false},"author":1,"featured_media":0,"comment_status":"open","ping_status":"open","sticky":false,"template":"","format":"standard","meta":{"_jetpack_memberships_contains_paid_content":false,"footnotes":"","jetpack_publicize_message":"","jetpack_publicize_feature_enabled":true,"jetpack_social_post_already_shared":false,"jetpack_social_options":{"image_generator_settings":{"template":"highway","default_image_id":0,"font":"","enabled":false},"version":2}},"categories":[7],"tags":[33],"class_list":["post-128","post","type-post","status-publish","format-standard","hentry","category-links","tag-empfanger"],"jetpack_publicize_connections":[],"jetpack_featured_media_url":"","jetpack_sharing_enabled":true,"jetpack_shortlink":"https:\/\/wp.me\/p5CDmr-24","jetpack-related-posts":[{"id":23332,"url":"https:\/\/www.achimbrueckner.de\/dxradio\/php\/wordpress\/?p=23332","url_meta":{"origin":128,"position":0},"title":"WW2 &#8211; Spionage- Empf\u00e4nger \/ Tragbarer Kurzwellenempf\u00e4nger Typ RBZ von 1943 &#8211; in Betrieb!","author":"Administrator","date":"June 4, 2019","format":false,"excerpt":"https:\/\/www.youtube.com\/watch?v=Il7RBGX5n1M","rel":"","context":"In &quot;Deutsch&quot;","block_context":{"text":"Deutsch","link":"https:\/\/www.achimbrueckner.de\/dxradio\/php\/wordpress\/?cat=1"},"img":{"alt_text":"","src":"","width":0,"height":0},"classes":[]},{"id":920,"url":"https:\/\/www.achimbrueckner.de\/dxradio\/php\/wordpress\/?p=920","url_meta":{"origin":128,"position":1},"title":"&#8220;SOS rao rao Foyn&#8221;-Krassin rettet Italia","author":"Administrator","date":"February 19, 2010","format":false,"excerpt":"nordwestradio 26.Februar 2010 2205Uhr MEZ H\u00f6rspiel 1928:Der russische Funkamateur Nikolai Reinhold Schmidt h\u00f6rt \u00fcber seinen selbst gebastelten Kurzwellenempf\u00e4nger den Notruf des Luftschiffs Italia http:\/\/www.radiobremen.de\/nordwestradio\/sendungen\/hoerspiel\/kalender126_date-20100226.html Info via A-DX","rel":"","context":"In &quot;Deutsch&quot;","block_context":{"text":"Deutsch","link":"https:\/\/www.achimbrueckner.de\/dxradio\/php\/wordpress\/?cat=1"},"img":{"alt_text":"","src":"","width":0,"height":0},"classes":[]},{"id":26540,"url":"https:\/\/www.achimbrueckner.de\/dxradio\/php\/wordpress\/?p=26540","url_meta":{"origin":128,"position":2},"title":"Kurzwellenempf\u00e4nger &#8220;Lumophon KW14&#8221;, Baujahr 1935 im Betrieb","author":"Administrator","date":"January 5, 2020","format":false,"excerpt":"https:\/\/www.youtube.com\/watch?v=gKq6lUSNS0o","rel":"","context":"In &quot;Deutsch&quot;","block_context":{"text":"Deutsch","link":"https:\/\/www.achimbrueckner.de\/dxradio\/php\/wordpress\/?cat=1"},"img":{"alt_text":"","src":"","width":0,"height":0},"classes":[]},{"id":5274,"url":"https:\/\/www.achimbrueckner.de\/dxradio\/php\/wordpress\/?p=5274","url_meta":{"origin":128,"position":3},"title":"Kurzwellenempf\u00e4nger Yaesu FRG-7700 Klassiker 1980er","author":"Administrator","date":"July 21, 2015","format":false,"excerpt":"https:\/\/www.youtube.com\/watch?v=h4T4gsNdPsA&feature=youtu.be","rel":"","context":"In &quot;Deutsch&quot;","block_context":{"text":"Deutsch","link":"https:\/\/www.achimbrueckner.de\/dxradio\/php\/wordpress\/?cat=1"},"img":{"alt_text":"","src":"","width":0,"height":0},"classes":[]},{"id":1870,"url":"https:\/\/www.achimbrueckner.de\/dxradio\/php\/wordpress\/?p=1870","url_meta":{"origin":128,"position":4},"title":"US Christian Broadcaster Still Believes in Shortwave","author":"Administrator","date":"October 29, 2011","format":false,"excerpt":"auf dem Youtube-Channel der VoA finden wir einen Beitrag mit dem Titel: US Christian Broadcaster Still Believes in Shortwave http:\/\/www.youtube.com\/watch?v=q--ZHUXRQc8 In dem Bericht kommt u. a. der Leiter von KNLS zu Wort. Er gibt an, dass sich die Anzahl der weltweit vorhandenen Kurzwellenempf\u00e4nger auf 3 Milliarden(!) bel\u00e4uft. (Quelle: Facebook-Seite von\u2026","rel":"","context":"In &quot;Deutsch&quot;","block_context":{"text":"Deutsch","link":"https:\/\/www.achimbrueckner.de\/dxradio\/php\/wordpress\/?cat=1"},"img":{"alt_text":"","src":"","width":0,"height":0},"classes":[]},{"id":5669,"url":"https:\/\/www.achimbrueckner.de\/dxradio\/php\/wordpress\/?p=5669","url_meta":{"origin":128,"position":5},"title":"Yaesu FRG-7 Kurzwellenempf\u00e4nger aus den 1970ern &#8230; macht Spa\u00df! Great fun!","author":"Administrator","date":"August 25, 2015","format":false,"excerpt":"https:\/\/www.youtube.com\/watch?v=jA5djR6RfrY&feature=youtu.be","rel":"","context":"In &quot;Deutsch&quot;","block_context":{"text":"Deutsch","link":"https:\/\/www.achimbrueckner.de\/dxradio\/php\/wordpress\/?cat=1"},"img":{"alt_text":"","src":"","width":0,"height":0},"classes":[]}],"_links":{"self":[{"href":"https:\/\/www.achimbrueckner.de\/dxradio\/php\/wordpress\/index.php?rest_route=\/wp\/v2\/posts\/128","targetHints":{"allow":["GET"]}}],"collection":[{"href":"https:\/\/www.achimbrueckner.de\/dxradio\/php\/wordpress\/index.php?rest_route=\/wp\/v2\/posts"}],"about":[{"href":"https:\/\/www.achimbrueckner.de\/dxradio\/php\/wordpress\/index.php?rest_route=\/wp\/v2\/types\/post"}],"author":[{"embeddable":true,"href":"https:\/\/www.achimbrueckner.de\/dxradio\/php\/wordpress\/index.php?rest_route=\/wp\/v2\/users\/1"}],"replies":[{"embeddable":true,"href":"https:\/\/www.achimbrueckner.de\/dxradio\/php\/wordpress\/index.php?rest_route=%2Fwp%2Fv2%2Fcomments&post=128"}],"version-history":[{"count":0,"href":"https:\/\/www.achimbrueckner.de\/dxradio\/php\/wordpress\/index.php?rest_route=\/wp\/v2\/posts\/128\/revisions"}],"wp:attachment":[{"href":"https:\/\/www.achimbrueckner.de\/dxradio\/php\/wordpress\/index.php?rest_route=%2Fwp%2Fv2%2Fmedia&parent=128"}],"wp:term":[{"taxonomy":"category","embeddable":true,"href":"https:\/\/www.achimbrueckner.de\/dxradio\/php\/wordpress\/index.php?rest_route=%2Fwp%2Fv2%2Fcategories&post=128"},{"taxonomy":"post_tag","embeddable":true,"href":"https:\/\/www.achimbrueckner.de\/dxradio\/php\/wordpress\/index.php?rest_route=%2Fwp%2Fv2%2Ftags&post=128"}],"curies":[{"name":"wp","href":"https:\/\/api.w.org\/{rel}","templated":true}]}}