{"id":12810,"date":"2017-04-11T12:14:47","date_gmt":"2017-04-11T12:14:47","guid":{"rendered":"https:\/\/www.achimbrueckner.de\/dxradio\/php\/wordpress\/?p=12810"},"modified":"2017-04-11T12:14:47","modified_gmt":"2017-04-11T12:14:47","slug":"die-welt-auf-27-megahertz","status":"publish","type":"post","link":"https:\/\/www.achimbrueckner.de\/dxradio\/php\/wordpress\/?p=12810","title":{"rendered":"Die Welt auf 27 Megahertz"},"content":{"rendered":"<p><a href=\"http:\/\/www.hndx.de\/2016\/04\/09\/die-welt-auf-27-megahertz\/\" target=\"_blank\">http:\/\/www.hndx.de\/2016\/04\/09\/die-welt-auf-27-megahertz\/<\/a><\/p>\n","protected":false},"excerpt":{"rendered":"<p>http:\/\/www.hndx.de\/2016\/04\/09\/die-welt-auf-27-megahertz\/<\/p>\n","protected":false},"author":1,"featured_media":0,"comment_status":"open","ping_status":"open","sticky":false,"template":"","format":"standard","meta":{"_jetpack_memberships_contains_paid_content":false,"footnotes":"","jetpack_publicize_message":"","jetpack_publicize_feature_enabled":true,"jetpack_social_post_already_shared":true,"jetpack_social_options":{"image_generator_settings":{"template":"highway","default_image_id":0,"font":"","enabled":false},"version":2}},"categories":[1,14],"tags":[40],"class_list":["post-12810","post","type-post","status-publish","format-standard","hentry","category-deutsch","category-dx","tag-dx"],"jetpack_publicize_connections":[],"jetpack_featured_media_url":"","jetpack_sharing_enabled":true,"jetpack_shortlink":"https:\/\/wp.me\/p5CDmr-3kC","jetpack-related-posts":[{"id":11558,"url":"https:\/\/www.achimbrueckner.de\/dxradio\/php\/wordpress\/?p=11558","url_meta":{"origin":12810,"position":0},"title":"DSWCI QRT","author":"Administrator","date":"December 31, 2016","format":false,"excerpt":"Werte Radio-Kolleginnen und -Kollegen Der Danish Shortwave Club International beendet heute - nach \u00fcber 60 Jahren - seine T\u00e4tigkeit. Vorher macht er der DX-Gemeinschaft noch ein kleines Abschiedsgeschenk. Auf der Homepage www.dswci.org wurden alle elektronisch vorhandenen Archiv-Dokumente ver\u00f6ffentlicht, insbesondere - Shortwave News Ausgaben von 2003 bis 2016 - fast alle\u2026","rel":"","context":"In &quot;Deutsch&quot;","block_context":{"text":"Deutsch","link":"https:\/\/www.achimbrueckner.de\/dxradio\/php\/wordpress\/?cat=1"},"img":{"alt_text":"","src":"","width":0,"height":0},"classes":[]},{"id":2333,"url":"https:\/\/www.achimbrueckner.de\/dxradio\/php\/wordpress\/?p=2333","url_meta":{"origin":12810,"position":1},"title":"Kurzwellensender Scheggerott","author":"Administrator","date":"November 12, 2012","format":false,"excerpt":"Das NDR-Fernsehen brachte heute einen kleinen Bericht \u00fcber die Gemeinde Scheggerott, in dem auch kurz auf die dortige Aurora-Bake eingegangen wurde. Wunderbar: \"Im ehemaligen Sauenstall sitzen regelm\u00e4\u00dfig Hobbyfunker und piepsen, morsen und schnacken von Scheggerott aus mit der ganzen Welt.\" Der Bericht kann hier angesehen werden: www.ndr.de\/flash\/mediathek\/mediathek.html?media=shmag18685 Einen kleinen Begleittext\u2026","rel":"","context":"In &quot;Deutsch&quot;","block_context":{"text":"Deutsch","link":"https:\/\/www.achimbrueckner.de\/dxradio\/php\/wordpress\/?cat=1"},"img":{"alt_text":"","src":"","width":0,"height":0},"classes":[]},{"id":25377,"url":"https:\/\/www.achimbrueckner.de\/dxradio\/php\/wordpress\/?p=25377","url_meta":{"origin":12810,"position":2},"title":"40 Jahre LRA36 Radio Nacional Arc\u00e1ngel San Gabriel Sondersendung","author":"Administrator","date":"October 18, 2019","format":false,"excerpt":"Am Sonntag den 20. Oktober feiert LRA36 Radio Nacional Arc\u00e1ngel San Gabriel, die Station, die von der argentinischen Antarktis aus sendet, ihr 40- j\u00e4hriges Jubil\u00e4um. Aus diesem Anla\u00df hat RAE - Argentinien in die Welt eine Sondersendung in verschiedenen Sprachen vorbereitet. An diesem Sonntag ab 12:00 Uhr UTC moderieren die\u2026","rel":"","context":"In &quot;Deutsch&quot;","block_context":{"text":"Deutsch","link":"https:\/\/www.achimbrueckner.de\/dxradio\/php\/wordpress\/?cat=1"},"img":{"alt_text":"","src":"","width":0,"height":0},"classes":[]},{"id":1253,"url":"https:\/\/www.achimbrueckner.de\/dxradio\/php\/wordpress\/?p=1253","url_meta":{"origin":12810,"position":3},"title":"Deutsche Welle &#8211; In achtzehn Punkten um die Welt","author":"Administrator","date":"November 30, 2010","format":false,"excerpt":"Deutsche Welle - In achtzehn Punkten um die Welt http:\/\/www.faz.net\/s\/Rub510A2EDA82CA4A8482E6C38BC79C4911\/Doc~ED3CCE273F5764BF49FC9686C14B76BCB~ATpl~Ecommon~Scontent.html Info via A-DX","rel":"","context":"In &quot;Deutsch&quot;","block_context":{"text":"Deutsch","link":"https:\/\/www.achimbrueckner.de\/dxradio\/php\/wordpress\/?cat=1"},"img":{"alt_text":"","src":"","width":0,"height":0},"classes":[]},{"id":2593,"url":"https:\/\/www.achimbrueckner.de\/dxradio\/php\/wordpress\/?p=2593","url_meta":{"origin":12810,"position":4},"title":"Die Welt digitalisiert sich &#8211; nur das Radio in \u00d6sterreich bleibt vorerst analog, wie es ist Bis die Telefunken fliegen","author":"Administrator","date":"August 13, 2013","format":false,"excerpt":"Die Welt digitalisiert sich - nur das Radio in \u00d6sterreich bleibt vorerst analog, wie es ist Bis die Telefunken fliegen http:\/\/www.wienerzeitung.at\/nachrichten\/kultur\/medien\/568058_Bis-die-Telefunken-fliegen.html Info via A-DX","rel":"","context":"In &quot;Deutsch&quot;","block_context":{"text":"Deutsch","link":"https:\/\/www.achimbrueckner.de\/dxradio\/php\/wordpress\/?cat=1"},"img":{"alt_text":"","src":"","width":0,"height":0},"classes":[]},{"id":943,"url":"https:\/\/www.achimbrueckner.de\/dxradio\/php\/wordpress\/?p=943","url_meta":{"origin":12810,"position":5},"title":"Die wunderbare Welt des WDR","author":"Administrator","date":"March 8, 2010","format":false,"excerpt":"Die wunderbare Welt des WDR Samstag, den 13. M\u00e4rz 2010, 11:40 - 11:57 WDR Fernsehen http:\/\/www.wdr.de\/programmvorschau\/object4Broadcast.jsp?broadcastId=3357667 Info via A-DX","rel":"","context":"In &quot;Deutsch&quot;","block_context":{"text":"Deutsch","link":"https:\/\/www.achimbrueckner.de\/dxradio\/php\/wordpress\/?cat=1"},"img":{"alt_text":"","src":"","width":0,"height":0},"classes":[]}],"_links":{"self":[{"href":"https:\/\/www.achimbrueckner.de\/dxradio\/php\/wordpress\/index.php?rest_route=\/wp\/v2\/posts\/12810","targetHints":{"allow":["GET"]}}],"collection":[{"href":"https:\/\/www.achimbrueckner.de\/dxradio\/php\/wordpress\/index.php?rest_route=\/wp\/v2\/posts"}],"about":[{"href":"https:\/\/www.achimbrueckner.de\/dxradio\/php\/wordpress\/index.php?rest_route=\/wp\/v2\/types\/post"}],"author":[{"embeddable":true,"href":"https:\/\/www.achimbrueckner.de\/dxradio\/php\/wordpress\/index.php?rest_route=\/wp\/v2\/users\/1"}],"replies":[{"embeddable":true,"href":"https:\/\/www.achimbrueckner.de\/dxradio\/php\/wordpress\/index.php?rest_route=%2Fwp%2Fv2%2Fcomments&post=12810"}],"version-history":[{"count":0,"href":"https:\/\/www.achimbrueckner.de\/dxradio\/php\/wordpress\/index.php?rest_route=\/wp\/v2\/posts\/12810\/revisions"}],"wp:attachment":[{"href":"https:\/\/www.achimbrueckner.de\/dxradio\/php\/wordpress\/index.php?rest_route=%2Fwp%2Fv2%2Fmedia&parent=12810"}],"wp:term":[{"taxonomy":"category","embeddable":true,"href":"https:\/\/www.achimbrueckner.de\/dxradio\/php\/wordpress\/index.php?rest_route=%2Fwp%2Fv2%2Fcategories&post=12810"},{"taxonomy":"post_tag","embeddable":true,"href":"https:\/\/www.achimbrueckner.de\/dxradio\/php\/wordpress\/index.php?rest_route=%2Fwp%2Fv2%2Ftags&post=12810"}],"curies":[{"name":"wp","href":"https:\/\/api.w.org\/{rel}","templated":true}]}}