{"id":12829,"date":"2017-04-12T17:30:24","date_gmt":"2017-04-12T17:30:24","guid":{"rendered":"https:\/\/www.achimbrueckner.de\/dxradio\/php\/wordpress\/?p=12829"},"modified":"2017-04-12T17:30:24","modified_gmt":"2017-04-12T17:30:24","slug":"offentlicher-us-rundfunk-nach-kurzungen-weniger-programm-mehr-ubernahmen","status":"publish","type":"post","link":"https:\/\/www.achimbrueckner.de\/dxradio\/php\/wordpress\/?p=12829","title":{"rendered":"\u00d6ffentlicher US-Rundfunk nach K\u00fcrzungen Weniger Programm, mehr \u00dcbernahmen"},"content":{"rendered":"<p><a href=\"http:\/\/www.deutschlandfunk.de\/oeffentlicher-us-rundfunk-nach-kuerzungen-weniger-programm.2907.de.html?dram%3Aarticle_id=383678\" target=\"_blank\">http:\/\/www.deutschlandfunk.de\/oeffentlicher-us-rundfunk-nach-kuerzungen-weniger-programm.2907.de.html?dram%3Aarticle_id=383678<\/a><\/p>\n","protected":false},"excerpt":{"rendered":"<p>http:\/\/www.deutschlandfunk.de\/oeffentlicher-us-rundfunk-nach-kuerzungen-weniger-programm.2907.de.html?dram%3Aarticle_id=383678<\/p>\n","protected":false},"author":1,"featured_media":0,"comment_status":"open","ping_status":"open","sticky":false,"template":"","format":"standard","meta":{"_jetpack_memberships_contains_paid_content":false,"footnotes":"","jetpack_publicize_message":"","jetpack_publicize_feature_enabled":true,"jetpack_social_post_already_shared":true,"jetpack_social_options":{"image_generator_settings":{"template":"highway","default_image_id":0,"font":"","enabled":false},"version":2}},"categories":[1],"tags":[24],"class_list":["post-12829","post","type-post","status-publish","format-standard","hentry","category-deutsch","tag-am"],"jetpack_publicize_connections":[],"jetpack_featured_media_url":"","jetpack_sharing_enabled":true,"jetpack_shortlink":"https:\/\/wp.me\/p5CDmr-3kV","jetpack-related-posts":[{"id":23834,"url":"https:\/\/www.achimbrueckner.de\/dxradio\/php\/wordpress\/?p=23834","url_meta":{"origin":12829,"position":0},"title":"Hessischer Rundfunk: Wortbeitr\u00e4ge sind vielen so wichtig wie Musik","author":"Administrator","date":"July 17, 2019","format":false,"excerpt":"https:\/\/www.faz.net\/aktuell\/rhein-main\/kultur\/weniger-wortbeitraege-hessischer-rundfunk-baut-programm-um-16286635.html","rel":"","context":"In &quot;Deutsch&quot;","block_context":{"text":"Deutsch","link":"https:\/\/www.achimbrueckner.de\/dxradio\/php\/wordpress\/?cat=1"},"img":{"alt_text":"","src":"","width":0,"height":0},"classes":[]},{"id":25045,"url":"https:\/\/www.achimbrueckner.de\/dxradio\/php\/wordpress\/?p=25045","url_meta":{"origin":12829,"position":1},"title":"Nach Regierungswechsel: D\u00e4nischer Rundfunk muss nur ein Programm einstellen","author":"Administrator","date":"September 29, 2019","format":false,"excerpt":"http:\/\/www.radiowoche.de\/nach-regierungswechsel-daenischer-rundfunk-muss-nur-ein-programm-einstellenndfunk-muss-nur-ein-programm-einstellen\/","rel":"","context":"In &quot;Deutsch&quot;","block_context":{"text":"Deutsch","link":"https:\/\/www.achimbrueckner.de\/dxradio\/php\/wordpress\/?cat=1"},"img":{"alt_text":"","src":"","width":0,"height":0},"classes":[]},{"id":1470,"url":"https:\/\/www.achimbrueckner.de\/dxradio\/php\/wordpress\/?p=1470","url_meta":{"origin":12829,"position":2},"title":"Rundfunk in Namibia stellt deutsches Programm ein","author":"Administrator","date":"April 14, 2011","format":false,"excerpt":"Rundfunk in Namibia stellt deutsches Programm ein http:\/\/www.berlinerumschau.com\/news.php?id=15138&title=Rundfunk+in+Namibia+stellt+deutsches+Programm+ein&storyid=1001301996239 Info via Radioforum","rel":"","context":"In &quot;Deutsch&quot;","block_context":{"text":"Deutsch","link":"https:\/\/www.achimbrueckner.de\/dxradio\/php\/wordpress\/?cat=1"},"img":{"alt_text":"","src":"","width":0,"height":0},"classes":[]},{"id":27429,"url":"https:\/\/www.achimbrueckner.de\/dxradio\/php\/wordpress\/?p=27429","url_meta":{"origin":12829,"position":3},"title":"Hessischer Rundfunk optimiert hr1-Programm","author":"Administrator","date":"March 5, 2020","format":false,"excerpt":"https:\/\/www.smartphonefan.de\/2020\/03\/05\/hessischer-rundfunk-optimiert-hr1-programm\/","rel":"","context":"In &quot;Deutsch&quot;","block_context":{"text":"Deutsch","link":"https:\/\/www.achimbrueckner.de\/dxradio\/php\/wordpress\/?cat=1"},"img":{"alt_text":"","src":"","width":0,"height":0},"classes":[]},{"id":22965,"url":"https:\/\/www.achimbrueckner.de\/dxradio\/php\/wordpress\/?p=22965","url_meta":{"origin":12829,"position":4},"title":"Belgien: Wallonischer Rundfunk startet Programm f\u00fcr Flandern","author":"Administrator","date":"May 3, 2019","format":false,"excerpt":"http:\/\/www.radiowoche.de\/belgien-wallonischer-rundfunk-startet-programm-fuer-flandern\/","rel":"","context":"In &quot;Deutsch&quot;","block_context":{"text":"Deutsch","link":"https:\/\/www.achimbrueckner.de\/dxradio\/php\/wordpress\/?cat=1"},"img":{"alt_text":"","src":"","width":0,"height":0},"classes":[]},{"id":43443,"url":"https:\/\/www.achimbrueckner.de\/dxradio\/php\/wordpress\/?p=43443","url_meta":{"origin":12829,"position":5},"title":"\u00d6ffentlich-rechtlicher Rundfunk: Ein Programm zum Abschalten?","author":"Administrator","date":"July 30, 2025","format":false,"excerpt":"https:\/\/www.zeit.de\/2025\/32\/oeffentlich-rechtlicher-rundfunk-programm-kritik-florian-hager-gez","rel":"","context":"In &quot;Deutsch&quot;","block_context":{"text":"Deutsch","link":"https:\/\/www.achimbrueckner.de\/dxradio\/php\/wordpress\/?cat=1"},"img":{"alt_text":"","src":"","width":0,"height":0},"classes":[]}],"_links":{"self":[{"href":"https:\/\/www.achimbrueckner.de\/dxradio\/php\/wordpress\/index.php?rest_route=\/wp\/v2\/posts\/12829","targetHints":{"allow":["GET"]}}],"collection":[{"href":"https:\/\/www.achimbrueckner.de\/dxradio\/php\/wordpress\/index.php?rest_route=\/wp\/v2\/posts"}],"about":[{"href":"https:\/\/www.achimbrueckner.de\/dxradio\/php\/wordpress\/index.php?rest_route=\/wp\/v2\/types\/post"}],"author":[{"embeddable":true,"href":"https:\/\/www.achimbrueckner.de\/dxradio\/php\/wordpress\/index.php?rest_route=\/wp\/v2\/users\/1"}],"replies":[{"embeddable":true,"href":"https:\/\/www.achimbrueckner.de\/dxradio\/php\/wordpress\/index.php?rest_route=%2Fwp%2Fv2%2Fcomments&post=12829"}],"version-history":[{"count":0,"href":"https:\/\/www.achimbrueckner.de\/dxradio\/php\/wordpress\/index.php?rest_route=\/wp\/v2\/posts\/12829\/revisions"}],"wp:attachment":[{"href":"https:\/\/www.achimbrueckner.de\/dxradio\/php\/wordpress\/index.php?rest_route=%2Fwp%2Fv2%2Fmedia&parent=12829"}],"wp:term":[{"taxonomy":"category","embeddable":true,"href":"https:\/\/www.achimbrueckner.de\/dxradio\/php\/wordpress\/index.php?rest_route=%2Fwp%2Fv2%2Fcategories&post=12829"},{"taxonomy":"post_tag","embeddable":true,"href":"https:\/\/www.achimbrueckner.de\/dxradio\/php\/wordpress\/index.php?rest_route=%2Fwp%2Fv2%2Ftags&post=12829"}],"curies":[{"name":"wp","href":"https:\/\/api.w.org\/{rel}","templated":true}]}}