{"id":12929,"date":"2017-04-20T07:29:20","date_gmt":"2017-04-20T07:29:20","guid":{"rendered":"https:\/\/www.achimbrueckner.de\/dxradio\/php\/wordpress\/?p=12929"},"modified":"2017-04-20T07:29:20","modified_gmt":"2017-04-20T07:29:20","slug":"ruhe-im-kuhstall-die-kuhe-horen-den-landfunk-auf-bauern-1","status":"publish","type":"post","link":"https:\/\/www.achimbrueckner.de\/dxradio\/php\/wordpress\/?p=12929","title":{"rendered":"Ruhe im Kuhstall \u2013 die K\u00fche h\u00f6ren den Landfunk auf Bauern 1!"},"content":{"rendered":"<p><a href=\"https:\/\/schreibenfuergeld.wordpress.com\/2017\/04\/20\/ruhe-im-kuhstall-die-kuehe-hoeren-den-landfunk-auf-bauern-1\/\" target=\"_blank\">https:\/\/schreibenfuergeld.wordpress.com\/2017\/04\/20\/ruhe-im-kuhstall-die-kuehe-hoeren-den-landfunk-auf-bauern-1\/<\/a><\/p>\n","protected":false},"excerpt":{"rendered":"<p>https:\/\/schreibenfuergeld.wordpress.com\/2017\/04\/20\/ruhe-im-kuhstall-die-kuehe-hoeren-den-landfunk-auf-bauern-1\/<\/p>\n","protected":false},"author":1,"featured_media":0,"comment_status":"open","ping_status":"open","sticky":false,"template":"","format":"standard","meta":{"_jetpack_memberships_contains_paid_content":false,"footnotes":"","jetpack_publicize_message":"","jetpack_publicize_feature_enabled":true,"jetpack_social_post_already_shared":true,"jetpack_social_options":{"image_generator_settings":{"template":"highway","default_image_id":0,"font":"","enabled":false},"version":2}},"categories":[1],"tags":[],"class_list":["post-12929","post","type-post","status-publish","format-standard","hentry","category-deutsch"],"jetpack_publicize_connections":[],"jetpack_featured_media_url":"","jetpack_sharing_enabled":true,"jetpack_shortlink":"https:\/\/wp.me\/p5CDmr-3mx","jetpack-related-posts":[{"id":11296,"url":"https:\/\/www.achimbrueckner.de\/dxradio\/php\/wordpress\/?p=11296","url_meta":{"origin":12929,"position":0},"title":"50 Jahre ADDX","author":"Administrator","date":"December 8, 2016","format":false,"excerpt":"Hallo in die Runde, wie vielen Hobbyfreunden bestimmt bekannt ist, wird die ADDX e.V. im Jahr 2017 ihr 50. Gr\u00fcndungsjubil\u00e4um feiern. Das ist f\u00fcr uns von Vorstand und Redaktion \"Radio-Kurier mit weltweit h\u00f6ren\" Grund genug, auch akustisch einen R\u00fcckblick auf die Anfangstage und die Vereinsentwicklung zu pr\u00e4sentieren und \u00fcber unsere\u2026","rel":"","context":"In &quot;Deutsch&quot;","block_context":{"text":"Deutsch","link":"https:\/\/www.achimbrueckner.de\/dxradio\/php\/wordpress\/?cat=1"},"img":{"alt_text":"","src":"","width":0,"height":0},"classes":[]},{"id":39674,"url":"https:\/\/www.achimbrueckner.de\/dxradio\/php\/wordpress\/?p=39674","url_meta":{"origin":12929,"position":1},"title":"Deutschlands bekanntester, bergsteigender Funkamateur Emil Bergmann zu Gast auf der Ham Radio vom 23. bis 25. Juni 2023","author":"Administrator","date":"June 17, 2023","format":false,"excerpt":"Deutschlands bekanntester, bergsteigender Funkamateur Emil Bergmann zu Gast auf der Ham Radio vom 23. bis 25. Juni 2023 Abenteuer Amateurfunk: Einmal um die ganze Welt mit Funkequipment 12.06.2023 | Emil Bergmann Friedrichshafen \u2013 Emil Bergmann, Alpinist, Extremkletterer und leidenschaftlicher Funkamateur hat vor wenigen Tagen seine j\u00fcngste Expedition beendet. Gemeinsam mit\u2026","rel":"","context":"In &quot;camps&quot;","block_context":{"text":"camps","link":"https:\/\/www.achimbrueckner.de\/dxradio\/php\/wordpress\/?cat=5"},"img":{"alt_text":"","src":"","width":0,"height":0},"classes":[]},{"id":22650,"url":"https:\/\/www.achimbrueckner.de\/dxradio\/php\/wordpress\/?p=22650","url_meta":{"origin":12929,"position":2},"title":"Fernsehmesse in Cannes Fazit der MIPTV 2019: In der Ruhe liegt die Kraft?","author":"Administrator","date":"April 10, 2019","format":false,"excerpt":"https:\/\/www.dwdl.de\/miptv2019\/71840\/fazit_der_miptv_2019_in_der_ruhe_liegt_die_kraft\/","rel":"","context":"In &quot;Deutsch&quot;","block_context":{"text":"Deutsch","link":"https:\/\/www.achimbrueckner.de\/dxradio\/php\/wordpress\/?cat=1"},"img":{"alt_text":"","src":"","width":0,"height":0},"classes":[]},{"id":6558,"url":"https:\/\/www.achimbrueckner.de\/dxradio\/php\/wordpress\/?p=6558","url_meta":{"origin":12929,"position":3},"title":"Medien Ruhe, bitte","author":"Administrator","date":"November 19, 2015","format":false,"excerpt":"http:\/\/www.tagesspiegel.de\/medien\/ruhe-bitte\/508344.html","rel":"","context":"In &quot;Deutsch&quot;","block_context":{"text":"Deutsch","link":"https:\/\/www.achimbrueckner.de\/dxradio\/php\/wordpress\/?cat=1"},"img":{"alt_text":"","src":"","width":0,"height":0},"classes":[]},{"id":7508,"url":"https:\/\/www.achimbrueckner.de\/dxradio\/php\/wordpress\/?p=7508","url_meta":{"origin":12929,"position":4},"title":"2004: Medien Ruhe, bitte","author":"Administrator","date":"February 11, 2016","format":false,"excerpt":"http:\/\/www.tagesspiegel.de\/medien\/ruhe-bitte\/508344.html","rel":"","context":"In &quot;Deutsch&quot;","block_context":{"text":"Deutsch","link":"https:\/\/www.achimbrueckner.de\/dxradio\/php\/wordpress\/?cat=1"},"img":{"alt_text":"","src":"","width":0,"height":0},"classes":[]},{"id":5386,"url":"https:\/\/www.achimbrueckner.de\/dxradio\/php\/wordpress\/?p=5386","url_meta":{"origin":12929,"position":5},"title":"Ro\u00dfbach muss zur Ruhe kommen!","author":"Administrator","date":"August 1, 2015","format":false,"excerpt":"http:\/\/www.infranken.de\/regional\/bad-kissingen\/bad-brueckenau\/Rossbach-muss-zur-Ruhe-kommen;art14323,1141726","rel":"","context":"In &quot;Deutsch&quot;","block_context":{"text":"Deutsch","link":"https:\/\/www.achimbrueckner.de\/dxradio\/php\/wordpress\/?cat=1"},"img":{"alt_text":"","src":"","width":0,"height":0},"classes":[]}],"_links":{"self":[{"href":"https:\/\/www.achimbrueckner.de\/dxradio\/php\/wordpress\/index.php?rest_route=\/wp\/v2\/posts\/12929","targetHints":{"allow":["GET"]}}],"collection":[{"href":"https:\/\/www.achimbrueckner.de\/dxradio\/php\/wordpress\/index.php?rest_route=\/wp\/v2\/posts"}],"about":[{"href":"https:\/\/www.achimbrueckner.de\/dxradio\/php\/wordpress\/index.php?rest_route=\/wp\/v2\/types\/post"}],"author":[{"embeddable":true,"href":"https:\/\/www.achimbrueckner.de\/dxradio\/php\/wordpress\/index.php?rest_route=\/wp\/v2\/users\/1"}],"replies":[{"embeddable":true,"href":"https:\/\/www.achimbrueckner.de\/dxradio\/php\/wordpress\/index.php?rest_route=%2Fwp%2Fv2%2Fcomments&post=12929"}],"version-history":[{"count":0,"href":"https:\/\/www.achimbrueckner.de\/dxradio\/php\/wordpress\/index.php?rest_route=\/wp\/v2\/posts\/12929\/revisions"}],"wp:attachment":[{"href":"https:\/\/www.achimbrueckner.de\/dxradio\/php\/wordpress\/index.php?rest_route=%2Fwp%2Fv2%2Fmedia&parent=12929"}],"wp:term":[{"taxonomy":"category","embeddable":true,"href":"https:\/\/www.achimbrueckner.de\/dxradio\/php\/wordpress\/index.php?rest_route=%2Fwp%2Fv2%2Fcategories&post=12929"},{"taxonomy":"post_tag","embeddable":true,"href":"https:\/\/www.achimbrueckner.de\/dxradio\/php\/wordpress\/index.php?rest_route=%2Fwp%2Fv2%2Ftags&post=12929"}],"curies":[{"name":"wp","href":"https:\/\/api.w.org\/{rel}","templated":true}]}}