{"id":1313,"date":"2011-01-15T13:51:49","date_gmt":"2011-01-15T13:51:49","guid":{"rendered":"https:\/\/www.achimbrueckner.de\/dxradio\/php\/wordpress\/?p=1313"},"modified":"2011-01-15T13:51:49","modified_gmt":"2011-01-15T13:51:49","slug":"wumpus-gollum-forum-%e2%80%93-aktion-analog-radio","status":"publish","type":"post","link":"https:\/\/www.achimbrueckner.de\/dxradio\/php\/wordpress\/?p=1313","title":{"rendered":"Wumpus-Gollum-Forum \u00e2\u20ac\u201c Aktion analog Radio"},"content":{"rendered":"<p>Wumpus-Gollum-Forum \u00e2\u20ac\u201c Aktion analog Radio<br \/>\n<a href=\"http:\/\/www.wumpus-gollum-forum.de\/forum\">http:\/\/www.wumpus-gollum-forum.de\/forum<\/a><\/p>\n<p>   Wumpus-Gollum-Forum. Das Fachforum f\u00fcr Sammler alter Radios<br \/>\nund sonstiger alter Unterhaltungselektronik. Online seit 1999 !<\/p>\n<p>\u00dcber 3100 Themen ! \u00dcber 850 Nutzer !<\/p>\n<p>Die Lizenzen f\u00fcr die deutschen FM-Rundfunksender auf laufen 2015 aus. Es kann wohl nur im Ausnahmefall f\u00fcr ein Jahr verl\u00e4ngert werden! Grundlage hierzu ist \u00c2\u00a7 63 Abs. 5 TKG (Telekommunikationsgesetz) (Abschaltung des UKWFM-Rundfunks 2015, ausnahmsweise eine Verl\u00e4ngerung bis 2016 zu, unabh\u00e4ngig<br \/>\ndavon, ob es DAB oder DAB+ oder DAB++ geben wird).<br \/>\nGleichzeitig ist aus heutiger aktueller Sicht auch die Zukunft des<br \/>\ndigitalen terrestrischen Rundfunks (DAB \/ DRM) keinenfalls sicher (StandJanuar 2011).<br \/>\nIm ung\u00fcnstigstem Fall kann es passieren (wenn Kostengr\u00fcnde auch das Aus f\u00fcr den AM-Rundfunk auf LW, KW, KW bedeuten, vielleicht schon vor 2015) &#8211; da\u00df sozusagen aus Versehen &#8211; 2016 KEIN terrestrischer Rundfunk mehr existiert !<br \/>\nIn diesem Unterforum kann \u00fcber F\u00fcr und Wider diskutiert werden und ob man versuchen soll, sich gegen den drohenden Verlust des klassischen Rundfunks zu wehren.<br \/>\nIn einem weiteren Unterforum ist Platz f\u00fcr geplante oder laufende Aktionen.<\/p>\n<p>Info via <a href=\"http:\/\/www.rhci-online.de\/RHCI-Mail-Januar-2-2011.pdf\">RHCI<\/a><\/p>\n","protected":false},"excerpt":{"rendered":"<p>Wumpus-Gollum-Forum \u00e2\u20ac\u201c Aktion analog Radio http:\/\/www.wumpus-gollum-forum.de\/forum Wumpus-Gollum-Forum. Das Fachforum f\u00fcr Sammler alter Radios und sonstiger alter Unterhaltungselektronik. Online seit 1999 ! \u00dcber 3100 Themen ! \u00dcber 850 Nutzer ! Die Lizenzen f\u00fcr die deutschen FM-Rundfunksender auf laufen 2015 aus. Es kann wohl nur im Ausnahmefall f\u00fcr ein Jahr verl\u00e4ngert werden! Grundlage hierzu ist \u00c2\u00a7 63 &hellip; <a href=\"https:\/\/www.achimbrueckner.de\/dxradio\/php\/wordpress\/?p=1313\" class=\"more-link\">Continue reading <span class=\"screen-reader-text\">Wumpus-Gollum-Forum \u00e2\u20ac\u201c Aktion analog Radio<\/span><\/a><\/p>\n","protected":false},"author":1,"featured_media":0,"comment_status":"open","ping_status":"open","sticky":false,"template":"","format":"standard","meta":{"_jetpack_memberships_contains_paid_content":false,"footnotes":"","jetpack_publicize_message":"","jetpack_publicize_feature_enabled":true,"jetpack_social_post_already_shared":false,"jetpack_social_options":{"image_generator_settings":{"template":"highway","default_image_id":0,"font":"","enabled":false},"version":2}},"categories":[1],"tags":[24,31,28,27],"class_list":["post-1313","post","type-post","status-publish","format-standard","hentry","category-deutsch","tag-am","tag-dab","tag-fm","tag-ukw"],"jetpack_publicize_connections":[],"jetpack_featured_media_url":"","jetpack_sharing_enabled":true,"jetpack_shortlink":"https:\/\/wp.me\/p5CDmr-lb","jetpack-related-posts":[{"id":547,"url":"https:\/\/www.achimbrueckner.de\/dxradio\/php\/wordpress\/?p=547","url_meta":{"origin":1313,"position":0},"title":"Radio Slovakia Sonder-QSL-Karte","author":"Administrator","date":"September 25, 2009","format":false,"excerpt":"Liebe Hobbyfreunde! Das Austrian DX Board (ADXB) f\u00fchrt in Zusammenarbeit mit Radio Slovakia International eine Aktion im Zeitraum im Zeitraum von November-2009 bis inklusive J\u00e4nner 2010 durch, bei der es eine Sonder-QSL Karte als Belohnung f\u00fcr korrekte Empfangsberichte geben wird. Anlass ist das 40 J\u00e4hrige Bestehen des ADXB, des einzigen\u2026","rel":"","context":"In &quot;contests&quot;","block_context":{"text":"contests","link":"https:\/\/www.achimbrueckner.de\/dxradio\/php\/wordpress\/?cat=6"},"img":{"alt_text":"","src":"","width":0,"height":0},"classes":[]},{"id":39645,"url":"https:\/\/www.achimbrueckner.de\/dxradio\/php\/wordpress\/?p=39645","url_meta":{"origin":1313,"position":1},"title":"Radio Forum als Webradio zur\u00fcck!","author":"Administrator","date":"June 13, 2023","format":false,"excerpt":"Radio Forum als Webradio zur\u00fcck! Radio Forum, ein Pionier aus Lothringen, geh\u00f6rte in den 1980iger Jahren zu den Radiostationen, welche gezielt in Richtung Saarland sendeten. Mitte 2023 wurde ein Webstream gestartet: https:\/\/www.radio-forum2.de\/ Radio Forum - Wir H\u00f6ren uns Das Webradio wird von Bernd Sambo betrieben - mit dem ehemaligen UKW-Sender\u2026","rel":"","context":"In &quot;Deutsch&quot;","block_context":{"text":"Deutsch","link":"https:\/\/www.achimbrueckner.de\/dxradio\/php\/wordpress\/?cat=1"},"img":{"alt_text":"","src":"","width":0,"height":0},"classes":[]},{"id":18281,"url":"https:\/\/www.achimbrueckner.de\/dxradio\/php\/wordpress\/?p=18281","url_meta":{"origin":1313,"position":2},"title":"MYSNIP RADIOFORUM VOR DEM AUS","author":"Administrator","date":"June 18, 2018","format":false,"excerpt":"++ MYSNIP RADIOFORUM VOR DEM AUS! ++ Es ist f\u00fcr die Forenteilnehmer von Mysnip (zu denen ich auch z\u00e4hle) wie ein bitterer Schlag in's Gesicht : Heute erreicht mich die Nachricht das das Mysnip Radioforum am 31.08.2018 komplett Abgeschaltet und gel\u00f6scht wird. Die Gr\u00fcnde sind laut Mail des Forenbetreibers an\u2026","rel":"","context":"In &quot;Deutsch&quot;","block_context":{"text":"Deutsch","link":"https:\/\/www.achimbrueckner.de\/dxradio\/php\/wordpress\/?cat=1"},"img":{"alt_text":"","src":"","width":0,"height":0},"classes":[]},{"id":1950,"url":"https:\/\/www.achimbrueckner.de\/dxradio\/php\/wordpress\/?p=1950","url_meta":{"origin":1313,"position":3},"title":"Gemeinsames Weihnachts-Preisr\u00e4tsel 2011","author":"Administrator","date":"November 20, 2011","format":false,"excerpt":"Gemeinsame Ank\u00fcndigung! Das Forum www.dx-unlimited.de und die A-DX Mailingliste freuen sich, bekannt geben zu d\u00fcrfen, dass wir in einer gemeinsamen Aktion ein Weihnachts-Preisr\u00e4tsel f\u00fcr alle Hobbyfreunde veranstalten werden! Eine Mitgliedschaft in Forum oder Liste ist ausdr\u00fccklich nicht erforderlich, um am Preisr\u00e4tsel teilnehmen zu d\u00fcrfen, denn es soll niemand bevorzugt oder\u2026","rel":"","context":"In &quot;contests&quot;","block_context":{"text":"contests","link":"https:\/\/www.achimbrueckner.de\/dxradio\/php\/wordpress\/?cat=6"},"img":{"alt_text":"","src":"","width":0,"height":0},"classes":[]},{"id":33366,"url":"https:\/\/www.achimbrueckner.de\/dxradio\/php\/wordpress\/?p=33366","url_meta":{"origin":1313,"position":4},"title":"Feature auf RADIO DARC: Helden, Schurken, Abenteurer \u2013 die Geschichte der Gro\u00dfen DX-Expeditionen","author":"Administrator","date":"August 17, 2021","format":false,"excerpt":"Feature auf RADIO DARC: Helden, Schurken, Abenteurer \u2013 die Geschichte der Gro\u00dfen DX-Expeditionen Das ist der Titel eines kurzweiligen und spannenden Radio-Features, das der k\u00fcrzlich verstorbene Journalist Wolf Harranth, OE1WHC, aus Wien f\u00fcr RADIO DARC hinterlassen hat. Die Aussendung erfolgt am Sonntag, den 22. August ab 11 Uhr MESZ auf\u2026","rel":"","context":"In &quot;Deutsch&quot;","block_context":{"text":"Deutsch","link":"https:\/\/www.achimbrueckner.de\/dxradio\/php\/wordpress\/?cat=1"},"img":{"alt_text":"","src":"","width":0,"height":0},"classes":[]},{"id":487,"url":"https:\/\/www.achimbrueckner.de\/dxradio\/php\/wordpress\/?p=487","url_meta":{"origin":1313,"position":5},"title":"KBS H\u00f6rertreffen IFA Berlin","author":"Administrator","date":"August 8, 2009","format":false,"excerpt":"KBS-H\u00f6rertreffen \"Liebe H\u00f6rerfreundin, Lieber H\u00f6rerfreund, Am 28.August 2009 ist es wieder soweit, die Internationale Funkausstellung \u00f6ffnet in Berlin ihre Pforten und aus diesem Anlass findet zum 5.Mal das KBS-H\u00f6rertreffen statt. Sehr gerne lade ich Euch zu diesem Treffen ein. Wie auch in den vergangenen Jahren stellt uns die Kulturabteilung der\u2026","rel":"","context":"In &quot;camps&quot;","block_context":{"text":"camps","link":"https:\/\/www.achimbrueckner.de\/dxradio\/php\/wordpress\/?cat=5"},"img":{"alt_text":"","src":"","width":0,"height":0},"classes":[]}],"_links":{"self":[{"href":"https:\/\/www.achimbrueckner.de\/dxradio\/php\/wordpress\/index.php?rest_route=\/wp\/v2\/posts\/1313","targetHints":{"allow":["GET"]}}],"collection":[{"href":"https:\/\/www.achimbrueckner.de\/dxradio\/php\/wordpress\/index.php?rest_route=\/wp\/v2\/posts"}],"about":[{"href":"https:\/\/www.achimbrueckner.de\/dxradio\/php\/wordpress\/index.php?rest_route=\/wp\/v2\/types\/post"}],"author":[{"embeddable":true,"href":"https:\/\/www.achimbrueckner.de\/dxradio\/php\/wordpress\/index.php?rest_route=\/wp\/v2\/users\/1"}],"replies":[{"embeddable":true,"href":"https:\/\/www.achimbrueckner.de\/dxradio\/php\/wordpress\/index.php?rest_route=%2Fwp%2Fv2%2Fcomments&post=1313"}],"version-history":[{"count":0,"href":"https:\/\/www.achimbrueckner.de\/dxradio\/php\/wordpress\/index.php?rest_route=\/wp\/v2\/posts\/1313\/revisions"}],"wp:attachment":[{"href":"https:\/\/www.achimbrueckner.de\/dxradio\/php\/wordpress\/index.php?rest_route=%2Fwp%2Fv2%2Fmedia&parent=1313"}],"wp:term":[{"taxonomy":"category","embeddable":true,"href":"https:\/\/www.achimbrueckner.de\/dxradio\/php\/wordpress\/index.php?rest_route=%2Fwp%2Fv2%2Fcategories&post=1313"},{"taxonomy":"post_tag","embeddable":true,"href":"https:\/\/www.achimbrueckner.de\/dxradio\/php\/wordpress\/index.php?rest_route=%2Fwp%2Fv2%2Ftags&post=1313"}],"curies":[{"name":"wp","href":"https:\/\/api.w.org\/{rel}","templated":true}]}}