{"id":1314,"date":"2011-01-15T19:07:26","date_gmt":"2011-01-15T19:07:26","guid":{"rendered":"https:\/\/www.achimbrueckner.de\/dxradio\/php\/wordpress\/?p=1314"},"modified":"2011-01-15T19:07:26","modified_gmt":"2011-01-15T19:07:26","slug":"sender-ziehen-bei-kurzdomains-den-kurzeren","status":"publish","type":"post","link":"https:\/\/www.achimbrueckner.de\/dxradio\/php\/wordpress\/?p=1314","title":{"rendered":"Sender ziehen bei Kurzdomains den K\u00fcrzeren"},"content":{"rendered":"<p>Sender ziehen bei Kurzdomains den K\u00fcrzeren<\/p>\n<p><a href=\"http:\/\/www.heise.de\/newsticker\/meldung\/Sender-ziehen-bei-Kurzdomains-den-Kuerzeren-1169967.html\">http:\/\/www.heise.de\/newsticker\/meldung\/Sender-ziehen-bei-Kurzdomains-den-Kuerzeren-1169967.html<\/a><\/p>\n","protected":false},"excerpt":{"rendered":"<p>Sender ziehen bei Kurzdomains den K\u00fcrzeren http:\/\/www.heise.de\/newsticker\/meldung\/Sender-ziehen-bei-Kurzdomains-den-Kuerzeren-1169967.html<\/p>\n","protected":false},"author":1,"featured_media":0,"comment_status":"open","ping_status":"open","sticky":false,"template":"","format":"standard","meta":{"_jetpack_memberships_contains_paid_content":false,"footnotes":"","jetpack_publicize_message":"","jetpack_publicize_feature_enabled":true,"jetpack_social_post_already_shared":false,"jetpack_social_options":{"image_generator_settings":{"template":"highway","default_image_id":0,"font":"","enabled":false},"version":2}},"categories":[1],"tags":[],"class_list":["post-1314","post","type-post","status-publish","format-standard","hentry","category-deutsch"],"jetpack_publicize_connections":[],"jetpack_featured_media_url":"","jetpack_sharing_enabled":true,"jetpack_shortlink":"https:\/\/wp.me\/p5CDmr-lc","jetpack-related-posts":[{"id":20680,"url":"https:\/\/www.achimbrueckner.de\/dxradio\/php\/wordpress\/?p=20680","url_meta":{"origin":1314,"position":0},"title":"HD-Ausstrahlung: Letzte ARD-Sender ziehen nun nach","author":"Administrator","date":"January 2, 2019","format":false,"excerpt":"https:\/\/www.dwdl.de\/nachrichten\/70386\/hdausstrahlung_letzte_ardsender_ziehen_nun_nach\/","rel":"","context":"In &quot;Deutsch&quot;","block_context":{"text":"Deutsch","link":"https:\/\/www.achimbrueckner.de\/dxradio\/php\/wordpress\/?cat=1"},"img":{"alt_text":"","src":"","width":0,"height":0},"classes":[]},{"id":41364,"url":"https:\/\/www.achimbrueckner.de\/dxradio\/php\/wordpress\/?p=41364","url_meta":{"origin":1314,"position":1},"title":"Saarland: Saarfunk-Sender ziehen sich von DAB+ zur\u00fcck","author":"Administrator","date":"June 17, 2024","format":false,"excerpt":"https:\/\/www.satellifax.de\/mlesen.php?id=7e2a6b91fad386d254081d1665c06081","rel":"","context":"In &quot;Deutsch&quot;","block_context":{"text":"Deutsch","link":"https:\/\/www.achimbrueckner.de\/dxradio\/php\/wordpress\/?cat=1"},"img":{"alt_text":"","src":"","width":0,"height":0},"classes":[]},{"id":33672,"url":"https:\/\/www.achimbrueckner.de\/dxradio\/php\/wordpress\/?p=33672","url_meta":{"origin":1314,"position":2},"title":"Katja Berg: Grenzenlose Unterhaltung: Radio Luxemburg","author":"Administrator","date":"September 29, 2021","format":false,"excerpt":"Buch-Tipp: Auf und Ab der Radiolegende Radio Luxemburg war der gro\u00dfe kommerzielle \u00fcberregionale Sender der 50er- bis 80er-Jahre. In Deutschland wurde er im Saarland und in Nordrhein-Westfalen wegen der N\u00e4he zum Nachbarland und dem damit einhergehenden guten Empfang besonders viel geh\u00f6rt und wird dort heute noch oft nostalgisch verkl\u00e4rt. Das\u2026","rel":"","context":"In &quot;Deutsch&quot;","block_context":{"text":"Deutsch","link":"https:\/\/www.achimbrueckner.de\/dxradio\/php\/wordpress\/?cat=1"},"img":{"alt_text":"","src":"","width":0,"height":0},"classes":[]},{"id":3792,"url":"https:\/\/www.achimbrueckner.de\/dxradio\/php\/wordpress\/?p=3792","url_meta":{"origin":1314,"position":3},"title":"Sender &#038; Frequenzen 2015 bei Amazon vorbestellbar.","author":"Administrator","date":"November 25, 2014","format":false,"excerpt":"Wie alle Jahre darf ich hier auf die neue Ausgabe von Sender & Frequenzen aufmerksam machen. Die Ausgabe 2015 ist nun bei Amazon vorbestellbar, wer den Link via http:\/\/ratzer.at zur Bestellung bei Amazon nutzt, bezahlt nat\u00fcrlich den regul\u00e4ren Preis f\u00fcr das Buch und Amazon unterst\u00fctzt durch einen \u201eWerbekostenbeitrag\u201c so ganz\u2026","rel":"","context":"In &quot;Deutsch&quot;","block_context":{"text":"Deutsch","link":"https:\/\/www.achimbrueckner.de\/dxradio\/php\/wordpress\/?cat=1"},"img":{"alt_text":"","src":"","width":0,"height":0},"classes":[]},{"id":531,"url":"https:\/\/www.achimbrueckner.de\/dxradio\/php\/wordpress\/?p=531","url_meta":{"origin":1314,"position":4},"title":"Tag der offenen T\u00fcr im Sender M\u00fcnchen-Ismaning","author":"Administrator","date":"September 14, 2009","format":false,"excerpt":"1. Tag der offenen T\u00fcr im Sender M\u00fcnchen-Ismaning. Einfahrt gegen\u00fcber Zengermoos, aus der B388 Erdinger Str, \u00fcber Brennerm\u00fchlstr. und Senderstr. Im Jahr 1999 gab es noch die ehemaligen Reichspost\/VOA Sender zu sehen, die 35 kW Collins, die 75 kW Reichspostsch\u00e4tzchen gebaut in Prag bei Radioslavia AG[sp\u00e4ter Tesla] und bei Thomson\u2026","rel":"","context":"In &quot;Deutsch&quot;","block_context":{"text":"Deutsch","link":"https:\/\/www.achimbrueckner.de\/dxradio\/php\/wordpress\/?cat=1"},"img":{"alt_text":"","src":"","width":0,"height":0},"classes":[]},{"id":15163,"url":"https:\/\/www.achimbrueckner.de\/dxradio\/php\/wordpress\/?p=15163","url_meta":{"origin":1314,"position":5},"title":"Radio. Menschen &#038; Geschichten 29. Oktober 2017","author":"Administrator","date":"October 26, 2017","format":false,"excerpt":"Seit fast einem halben Jahrhundert ist Werner Reinke \"On Air\". Zun\u00e4chst bei Radio Bremen, sp\u00e4ter als Gr\u00fcndungsmitarbeiter bei HR3 und nach 13 Jahren Radioabstinenz jetzt wieder beim Hessischen Rundfunk.... Vielen Dank f\u00fcr's verlinken, Christoph. Weiters berichten wir \u00fcber die neuen Mittelwellenaktivit\u00e4ten in D\u00e4nemark. 2 weitere Themen werden morgen fertig gestellt,\u2026","rel":"","context":"In &quot;Deutsch&quot;","block_context":{"text":"Deutsch","link":"https:\/\/www.achimbrueckner.de\/dxradio\/php\/wordpress\/?cat=1"},"img":{"alt_text":"","src":"","width":0,"height":0},"classes":[]}],"_links":{"self":[{"href":"https:\/\/www.achimbrueckner.de\/dxradio\/php\/wordpress\/index.php?rest_route=\/wp\/v2\/posts\/1314","targetHints":{"allow":["GET"]}}],"collection":[{"href":"https:\/\/www.achimbrueckner.de\/dxradio\/php\/wordpress\/index.php?rest_route=\/wp\/v2\/posts"}],"about":[{"href":"https:\/\/www.achimbrueckner.de\/dxradio\/php\/wordpress\/index.php?rest_route=\/wp\/v2\/types\/post"}],"author":[{"embeddable":true,"href":"https:\/\/www.achimbrueckner.de\/dxradio\/php\/wordpress\/index.php?rest_route=\/wp\/v2\/users\/1"}],"replies":[{"embeddable":true,"href":"https:\/\/www.achimbrueckner.de\/dxradio\/php\/wordpress\/index.php?rest_route=%2Fwp%2Fv2%2Fcomments&post=1314"}],"version-history":[{"count":0,"href":"https:\/\/www.achimbrueckner.de\/dxradio\/php\/wordpress\/index.php?rest_route=\/wp\/v2\/posts\/1314\/revisions"}],"wp:attachment":[{"href":"https:\/\/www.achimbrueckner.de\/dxradio\/php\/wordpress\/index.php?rest_route=%2Fwp%2Fv2%2Fmedia&parent=1314"}],"wp:term":[{"taxonomy":"category","embeddable":true,"href":"https:\/\/www.achimbrueckner.de\/dxradio\/php\/wordpress\/index.php?rest_route=%2Fwp%2Fv2%2Fcategories&post=1314"},{"taxonomy":"post_tag","embeddable":true,"href":"https:\/\/www.achimbrueckner.de\/dxradio\/php\/wordpress\/index.php?rest_route=%2Fwp%2Fv2%2Ftags&post=1314"}],"curies":[{"name":"wp","href":"https:\/\/api.w.org\/{rel}","templated":true}]}}