{"id":13169,"date":"2017-05-13T11:52:19","date_gmt":"2017-05-13T11:52:19","guid":{"rendered":"https:\/\/www.achimbrueckner.de\/dxradio\/php\/wordpress\/?p=13169"},"modified":"2017-05-13T11:52:19","modified_gmt":"2017-05-13T11:52:19","slug":"20-jahre-ard-aussprachedatenbank-wie-sagt-man-das-richtig-im-fernsehen","status":"publish","type":"post","link":"https:\/\/www.achimbrueckner.de\/dxradio\/php\/wordpress\/?p=13169","title":{"rendered":"20 Jahre ARD-Aussprachedatenbank Wie sagt man das richtig im Fernsehen?"},"content":{"rendered":"<p><a href=\"http:\/\/www.deutschlandfunkkultur.de\/20-jahre-ard-aussprachedatenbank-wie-sagt-man-das-richtig.1013.de.html?dram%3Aarticle_id=386111\" target=\"_blank\">http:\/\/www.deutschlandfunkkultur.de\/20-jahre-ard-aussprachedatenbank-wie-sagt-man-das-richtig.1013.de.html?dram%3Aarticle_id=386111<\/a><\/p>\n","protected":false},"excerpt":{"rendered":"<p>http:\/\/www.deutschlandfunkkultur.de\/20-jahre-ard-aussprachedatenbank-wie-sagt-man-das-richtig.1013.de.html?dram%3Aarticle_id=386111<\/p>\n","protected":false},"author":1,"featured_media":0,"comment_status":"open","ping_status":"open","sticky":false,"template":"","format":"standard","meta":{"_jetpack_memberships_contains_paid_content":false,"footnotes":"","jetpack_publicize_message":"","jetpack_publicize_feature_enabled":true,"jetpack_social_post_already_shared":true,"jetpack_social_options":{"image_generator_settings":{"template":"highway","default_image_id":0,"font":"","enabled":false},"version":2}},"categories":[1],"tags":[24],"class_list":["post-13169","post","type-post","status-publish","format-standard","hentry","category-deutsch","tag-am"],"jetpack_publicize_connections":[],"jetpack_featured_media_url":"","jetpack_sharing_enabled":true,"jetpack_shortlink":"https:\/\/wp.me\/p5CDmr-3qp","jetpack-related-posts":[{"id":38041,"url":"https:\/\/www.achimbrueckner.de\/dxradio\/php\/wordpress\/?p=38041","url_meta":{"origin":13169,"position":0},"title":"\u201eWie in Schlumpfhausen\u201c \u2013 Dieser Medienforscher sagt, was bei ARD und ZDF falsch l\u00e4uft","author":"Administrator","date":"November 27, 2022","format":false,"excerpt":"https:\/\/www.handelsblatt.com\/unternehmen\/it-medien\/oeffentlich-rechtlicher-rundfunk-wie-in-schlumpfhausen-dieser-medienforscher-sagt-was-bei-ard-und-zdf-falsch-laeuft\/28826492.html","rel":"","context":"In &quot;Deutsch&quot;","block_context":{"text":"Deutsch","link":"https:\/\/www.achimbrueckner.de\/dxradio\/php\/wordpress\/?cat=1"},"img":{"alt_text":"","src":"","width":0,"height":0},"classes":[]},{"id":40157,"url":"https:\/\/www.achimbrueckner.de\/dxradio\/php\/wordpress\/?p=40157","url_meta":{"origin":13169,"position":1},"title":"100 Jahre Radio: Das plant die ARD zum Jubil\u00e4um","author":"Administrator","date":"September 18, 2023","format":false,"excerpt":"https:\/\/www.radioblog.eu\/2023\/09\/18\/100-jahre-radio-das-plant-die-ard-zum-jubilaeum\/","rel":"","context":"In &quot;Deutsch&quot;","block_context":{"text":"Deutsch","link":"https:\/\/www.achimbrueckner.de\/dxradio\/php\/wordpress\/?cat=1"},"img":{"alt_text":"","src":"","width":0,"height":0},"classes":[]},{"id":20080,"url":"https:\/\/www.achimbrueckner.de\/dxradio\/php\/wordpress\/?p=20080","url_meta":{"origin":13169,"position":2},"title":"&#8220;Lindenstra\u00dfe&#8221; wird beendet Mutter Beimer: &#8220;Das sagt alles \u00fcber die ARD aus&#8221;","author":"Administrator","date":"November 18, 2018","format":false,"excerpt":"https:\/\/www.dwdl.de\/nachrichten\/69788\/mutter_beimer_das_sagt_alles_ueber_die_ard_aus\/","rel":"","context":"In &quot;Deutsch&quot;","block_context":{"text":"Deutsch","link":"https:\/\/www.achimbrueckner.de\/dxradio\/php\/wordpress\/?cat=1"},"img":{"alt_text":"","src":"","width":0,"height":0},"classes":[]},{"id":33672,"url":"https:\/\/www.achimbrueckner.de\/dxradio\/php\/wordpress\/?p=33672","url_meta":{"origin":13169,"position":3},"title":"Katja Berg: Grenzenlose Unterhaltung: Radio Luxemburg","author":"Administrator","date":"September 29, 2021","format":false,"excerpt":"Buch-Tipp: Auf und Ab der Radiolegende Radio Luxemburg war der gro\u00dfe kommerzielle \u00fcberregionale Sender der 50er- bis 80er-Jahre. In Deutschland wurde er im Saarland und in Nordrhein-Westfalen wegen der N\u00e4he zum Nachbarland und dem damit einhergehenden guten Empfang besonders viel geh\u00f6rt und wird dort heute noch oft nostalgisch verkl\u00e4rt. Das\u2026","rel":"","context":"In &quot;Deutsch&quot;","block_context":{"text":"Deutsch","link":"https:\/\/www.achimbrueckner.de\/dxradio\/php\/wordpress\/?cat=1"},"img":{"alt_text":"","src":"","width":0,"height":0},"classes":[]},{"id":42542,"url":"https:\/\/www.achimbrueckner.de\/dxradio\/php\/wordpress\/?p=42542","url_meta":{"origin":13169,"position":4},"title":"75 Jahre ARD: Das ist Deutschlands Top 75 der ARD Popradios","author":"Administrator","date":"April 7, 2025","format":false,"excerpt":"https:\/\/www.radioszene.de\/201789\/deutschlands-top-75-ard.html","rel":"","context":"In &quot;Deutsch&quot;","block_context":{"text":"Deutsch","link":"https:\/\/www.achimbrueckner.de\/dxradio\/php\/wordpress\/?cat=1"},"img":{"alt_text":"","src":"","width":0,"height":0},"classes":[]},{"id":40357,"url":"https:\/\/www.achimbrueckner.de\/dxradio\/php\/wordpress\/?p=40357","url_meta":{"origin":13169,"position":5},"title":"Meilenstein der Mediengeschichte 100 JAHRE RADIO: DAS JUBIL\u00c4UM","author":"Administrator","date":"October 17, 2023","format":false,"excerpt":"https:\/\/www.ardkultur.de\/genresprenger\/hundert-jahre-radio-geburtstag-ard-100","rel":"","context":"In &quot;Deutsch&quot;","block_context":{"text":"Deutsch","link":"https:\/\/www.achimbrueckner.de\/dxradio\/php\/wordpress\/?cat=1"},"img":{"alt_text":"","src":"","width":0,"height":0},"classes":[]}],"_links":{"self":[{"href":"https:\/\/www.achimbrueckner.de\/dxradio\/php\/wordpress\/index.php?rest_route=\/wp\/v2\/posts\/13169","targetHints":{"allow":["GET"]}}],"collection":[{"href":"https:\/\/www.achimbrueckner.de\/dxradio\/php\/wordpress\/index.php?rest_route=\/wp\/v2\/posts"}],"about":[{"href":"https:\/\/www.achimbrueckner.de\/dxradio\/php\/wordpress\/index.php?rest_route=\/wp\/v2\/types\/post"}],"author":[{"embeddable":true,"href":"https:\/\/www.achimbrueckner.de\/dxradio\/php\/wordpress\/index.php?rest_route=\/wp\/v2\/users\/1"}],"replies":[{"embeddable":true,"href":"https:\/\/www.achimbrueckner.de\/dxradio\/php\/wordpress\/index.php?rest_route=%2Fwp%2Fv2%2Fcomments&post=13169"}],"version-history":[{"count":0,"href":"https:\/\/www.achimbrueckner.de\/dxradio\/php\/wordpress\/index.php?rest_route=\/wp\/v2\/posts\/13169\/revisions"}],"wp:attachment":[{"href":"https:\/\/www.achimbrueckner.de\/dxradio\/php\/wordpress\/index.php?rest_route=%2Fwp%2Fv2%2Fmedia&parent=13169"}],"wp:term":[{"taxonomy":"category","embeddable":true,"href":"https:\/\/www.achimbrueckner.de\/dxradio\/php\/wordpress\/index.php?rest_route=%2Fwp%2Fv2%2Fcategories&post=13169"},{"taxonomy":"post_tag","embeddable":true,"href":"https:\/\/www.achimbrueckner.de\/dxradio\/php\/wordpress\/index.php?rest_route=%2Fwp%2Fv2%2Ftags&post=13169"}],"curies":[{"name":"wp","href":"https:\/\/api.w.org\/{rel}","templated":true}]}}