{"id":13171,"date":"2017-05-14T08:01:37","date_gmt":"2017-05-14T08:01:37","guid":{"rendered":"https:\/\/www.achimbrueckner.de\/dxradio\/php\/wordpress\/?p=13171"},"modified":"2017-05-14T08:01:37","modified_gmt":"2017-05-14T08:01:37","slug":"am-wochenende-sitzen-wir-alle-wieder-am-radio","status":"publish","type":"post","link":"https:\/\/www.achimbrueckner.de\/dxradio\/php\/wordpress\/?p=13171","title":{"rendered":"Am Wochenende sitzen wir alle wieder am Radio"},"content":{"rendered":"<p><a href=\"http:\/\/www.zeit.de\/sport\/2017-05\/bundesliga-vorschau-fc-bayern-rb-leipzig-radiokonferenz?utm_content=zeitde_redpost_zon_link_sf&#038;utm_campaign=ref&#038;utm_source=facebook_zonaudev_int&#038;utm_term=facebook_zonaudev_int&#038;utm_medium=sm&#038;wt_zmc=sm.int.zonaudev.facebook.ref.zeitde.redpost_zon.link.sf\" target=\"_blank\">http:\/\/www.zeit.de\/sport\/2017-05\/bundesliga-vorschau-fc-bayern-rb-leipzig-radiokonferenz<\/a><\/p>\n","protected":false},"excerpt":{"rendered":"<p>http:\/\/www.zeit.de\/sport\/2017-05\/bundesliga-vorschau-fc-bayern-rb-leipzig-radiokonferenz<\/p>\n","protected":false},"author":1,"featured_media":0,"comment_status":"open","ping_status":"open","sticky":false,"template":"","format":"standard","meta":{"_jetpack_memberships_contains_paid_content":false,"footnotes":"","jetpack_publicize_message":"","jetpack_publicize_feature_enabled":true,"jetpack_social_post_already_shared":true,"jetpack_social_options":{"image_generator_settings":{"template":"highway","default_image_id":0,"font":"","enabled":false},"version":2}},"categories":[1],"tags":[24],"class_list":["post-13171","post","type-post","status-publish","format-standard","hentry","category-deutsch","tag-am"],"jetpack_publicize_connections":[],"jetpack_featured_media_url":"","jetpack_sharing_enabled":true,"jetpack_shortlink":"https:\/\/wp.me\/p5CDmr-3qr","jetpack-related-posts":[{"id":1825,"url":"https:\/\/www.achimbrueckner.de\/dxradio\/php\/wordpress\/?p=1825","url_meta":{"origin":13171,"position":0},"title":"Radio Nord 16 Oktober 2011","author":"Administrator","date":"October 14, 2011","format":false,"excerpt":"Hallo lieber Freund, F\u00f6rderer oder Radiokollege, an dieser Stelle nochmals ein herzliches Dankesch\u00f6n f\u00fcr deine Reaktion zu unserer Sendung vom 21. August 2011. NordAM geht am kommenden Wochenende in die dritte Runde - und vielleicht bist du ja wieder auf Kurzwelle 6005 kHz dabei? Wir w\u00fcrden uns freuen, dich und\u2026","rel":"","context":"In &quot;Deutsch&quot;","block_context":{"text":"Deutsch","link":"https:\/\/www.achimbrueckner.de\/dxradio\/php\/wordpress\/?cat=1"},"img":{"alt_text":"","src":"","width":0,"height":0},"classes":[]},{"id":2538,"url":"https:\/\/www.achimbrueckner.de\/dxradio\/php\/wordpress\/?p=2538","url_meta":{"origin":13171,"position":1},"title":"RTR Radio Europa an diesem Wochenende samstags und sonntags auf Kurzwelle","author":"Administrator","date":"July 20, 2013","format":false,"excerpt":"RTR Radio Europa an diesem Wochenende samstags und sonntags auf Kurzwelle - Passend zum Sommerwetter mobiler Empfang drau\u00dfen - Fotos erw\u00fcnscht Es tut sich mal wieder etwas auf der guten alten Kurzwelle. RTR Radio Europa wird am anstehenden Wochende (20 u. 21. Juli 2013) zu weiteren Testzwecken sein Programm auch\u2026","rel":"","context":"In &quot;Deutsch&quot;","block_context":{"text":"Deutsch","link":"https:\/\/www.achimbrueckner.de\/dxradio\/php\/wordpress\/?cat=1"},"img":{"alt_text":"","src":"","width":0,"height":0},"classes":[]},{"id":16732,"url":"https:\/\/www.achimbrueckner.de\/dxradio\/php\/wordpress\/?p=16732","url_meta":{"origin":13171,"position":2},"title":"Radio Rasant 2018","author":"Administrator","date":"March 3, 2018","format":false,"excerpt":"redaktion_radio_rasant@yahoo.de Radio Rasant gibt es an diesem und am naechsten Wochenende nach mehr als einaehriger Pause wieder zu hoeren. Hier der Programmplan fuer die beiden Wochenenden: 2. Maerz 2018, 20.00- 21.00 CET, 7290 kHz SW und 846 kHz 3. Maerz 2018, 10.00- 11.00 CET, 9510 kHz SW 4. Maerz 2018,\u2026","rel":"","context":"In &quot;Deutsch&quot;","block_context":{"text":"Deutsch","link":"https:\/\/www.achimbrueckner.de\/dxradio\/php\/wordpress\/?cat=1"},"img":{"alt_text":"","src":"","width":0,"height":0},"classes":[]},{"id":4295,"url":"https:\/\/www.achimbrueckner.de\/dxradio\/php\/wordpress\/?p=4295","url_meta":{"origin":13171,"position":3},"title":"25 Jahre RHCI","author":"Administrator","date":"March 27, 2015","format":false,"excerpt":"In wenigen Tagen wird der Radio-H\u00f6rer-Club-International 25 bestehen. Er wurde am 31. M\u00e4rz 1990 in Leipzig, als erster Radioh\u00f6rerclub der DDR, gegr\u00fcndet. Ab 2003 ist der RHCI Online t\u00e4tig. Der RHCI-Online unterst\u00fctzt den v\u00f6lkerverbindenden Gedanken des Rundfunkh\u00f6rens im deutschsprachigem Raum und International. Die Mitgliedschaft ist kostenlos. Aktuelle Infos verbreiten wir\u2026","rel":"","context":"In &quot;Deutsch&quot;","block_context":{"text":"Deutsch","link":"https:\/\/www.achimbrueckner.de\/dxradio\/php\/wordpress\/?cat=1"},"img":{"alt_text":"","src":"","width":0,"height":0},"classes":[]},{"id":7462,"url":"https:\/\/www.achimbrueckner.de\/dxradio\/php\/wordpress\/?p=7462","url_meta":{"origin":13171,"position":4},"title":"Wieso gibt es im Radio keine Warnungen vor HVV-Kontrollen?","author":"Administrator","date":"February 5, 2016","format":false,"excerpt":"http:\/\/www.zeit.de\/2016\/05\/kontrolleure-hvv-nahverkehr-warnungen-radio-hamburg","rel":"","context":"In &quot;Deutsch&quot;","block_context":{"text":"Deutsch","link":"https:\/\/www.achimbrueckner.de\/dxradio\/php\/wordpress\/?cat=1"},"img":{"alt_text":"","src":"","width":0,"height":0},"classes":[]},{"id":8518,"url":"https:\/\/www.achimbrueckner.de\/dxradio\/php\/wordpress\/?p=8518","url_meta":{"origin":13171,"position":5},"title":"ANTENNE BAYERN sendet wieder am Gardasee","author":"Administrator","date":"June 16, 2016","format":false,"excerpt":"http:\/\/www.antenne.de\/programm\/empfang\/antenne-bayern-sendet-wieder-am-gardasee","rel":"","context":"In &quot;Deutsch&quot;","block_context":{"text":"Deutsch","link":"https:\/\/www.achimbrueckner.de\/dxradio\/php\/wordpress\/?cat=1"},"img":{"alt_text":"","src":"","width":0,"height":0},"classes":[]}],"_links":{"self":[{"href":"https:\/\/www.achimbrueckner.de\/dxradio\/php\/wordpress\/index.php?rest_route=\/wp\/v2\/posts\/13171","targetHints":{"allow":["GET"]}}],"collection":[{"href":"https:\/\/www.achimbrueckner.de\/dxradio\/php\/wordpress\/index.php?rest_route=\/wp\/v2\/posts"}],"about":[{"href":"https:\/\/www.achimbrueckner.de\/dxradio\/php\/wordpress\/index.php?rest_route=\/wp\/v2\/types\/post"}],"author":[{"embeddable":true,"href":"https:\/\/www.achimbrueckner.de\/dxradio\/php\/wordpress\/index.php?rest_route=\/wp\/v2\/users\/1"}],"replies":[{"embeddable":true,"href":"https:\/\/www.achimbrueckner.de\/dxradio\/php\/wordpress\/index.php?rest_route=%2Fwp%2Fv2%2Fcomments&post=13171"}],"version-history":[{"count":0,"href":"https:\/\/www.achimbrueckner.de\/dxradio\/php\/wordpress\/index.php?rest_route=\/wp\/v2\/posts\/13171\/revisions"}],"wp:attachment":[{"href":"https:\/\/www.achimbrueckner.de\/dxradio\/php\/wordpress\/index.php?rest_route=%2Fwp%2Fv2%2Fmedia&parent=13171"}],"wp:term":[{"taxonomy":"category","embeddable":true,"href":"https:\/\/www.achimbrueckner.de\/dxradio\/php\/wordpress\/index.php?rest_route=%2Fwp%2Fv2%2Fcategories&post=13171"},{"taxonomy":"post_tag","embeddable":true,"href":"https:\/\/www.achimbrueckner.de\/dxradio\/php\/wordpress\/index.php?rest_route=%2Fwp%2Fv2%2Ftags&post=13171"}],"curies":[{"name":"wp","href":"https:\/\/api.w.org\/{rel}","templated":true}]}}