{"id":13174,"date":"2017-05-14T12:13:16","date_gmt":"2017-05-14T12:13:16","guid":{"rendered":"https:\/\/www.achimbrueckner.de\/dxradio\/php\/wordpress\/?p=13174"},"modified":"2017-05-14T12:13:16","modified_gmt":"2017-05-14T12:13:16","slug":"so-funktioniert-das-radio-der-zukunft-dab","status":"publish","type":"post","link":"https:\/\/www.achimbrueckner.de\/dxradio\/php\/wordpress\/?p=13174","title":{"rendered":"So funktioniert das Radio der Zukunft: DAB+"},"content":{"rendered":"<p><a href=\"http:\/\/www.ndr.de\/radio\/So-funktioniert-Radio-der-Zukunft-DAB,dabplus164.html\" target=\"_blank\">http:\/\/www.ndr.de\/radio\/So-funktioniert-Radio-der-Zukunft-DAB,dabplus164.html<\/a><\/p>\n","protected":false},"excerpt":{"rendered":"<p>http:\/\/www.ndr.de\/radio\/So-funktioniert-Radio-der-Zukunft-DAB,dabplus164.html<\/p>\n","protected":false},"author":1,"featured_media":0,"comment_status":"open","ping_status":"open","sticky":false,"template":"","format":"standard","meta":{"_jetpack_memberships_contains_paid_content":false,"footnotes":"","jetpack_publicize_message":"","jetpack_publicize_feature_enabled":true,"jetpack_social_post_already_shared":true,"jetpack_social_options":{"image_generator_settings":{"template":"highway","default_image_id":0,"font":"","enabled":false},"version":2}},"categories":[1],"tags":[31],"class_list":["post-13174","post","type-post","status-publish","format-standard","hentry","category-deutsch","tag-dab"],"jetpack_publicize_connections":[],"jetpack_featured_media_url":"","jetpack_sharing_enabled":true,"jetpack_shortlink":"https:\/\/wp.me\/p5CDmr-3qu","jetpack-related-posts":[{"id":32809,"url":"https:\/\/www.achimbrueckner.de\/dxradio\/php\/wordpress\/?p=32809","url_meta":{"origin":13174,"position":0},"title":"DAB+ vs. Streaming Wie das Radio der Zukunft aussieht","author":"Administrator","date":"June 3, 2021","format":false,"excerpt":"https:\/\/www.deutschlandfunk.de\/dab-vs-streaming-wie-das-radio-der-zukunft-aussieht.2907.de.html?dram%3Aarticle_id=496695","rel":"","context":"In &quot;Deutsch&quot;","block_context":{"text":"Deutsch","link":"https:\/\/www.achimbrueckner.de\/dxradio\/php\/wordpress\/?cat=1"},"img":{"alt_text":"","src":"","width":0,"height":0},"classes":[]},{"id":33210,"url":"https:\/\/www.achimbrueckner.de\/dxradio\/php\/wordpress\/?p=33210","url_meta":{"origin":13174,"position":1},"title":"Zehn Jahre DAB+ Ist das Digitalradio das Radio der Zukunft?","author":"Administrator","date":"August 1, 2021","format":false,"excerpt":"https:\/\/www.deutschlandfunk.de\/zehn-jahre-dab-ist-das-digitalradio-das-radio-der-zukunft.724.de.html?dram%3Aarticle_id=501103","rel":"","context":"In &quot;Deutsch&quot;","block_context":{"text":"Deutsch","link":"https:\/\/www.achimbrueckner.de\/dxradio\/php\/wordpress\/?cat=1"},"img":{"alt_text":"","src":"","width":0,"height":0},"classes":[]},{"id":2423,"url":"https:\/\/www.achimbrueckner.de\/dxradio\/php\/wordpress\/?p=2423","url_meta":{"origin":13174,"position":2},"title":"Radio 90elf verliert Radiorechte f\u00fcr Bundesliga","author":"Administrator","date":"March 19, 2013","format":false,"excerpt":"Hallo allerseits, heute hat die Deutsche Fu\u00dfballliga (DFL) die H\u00f6rfunk-\u00dcbertragungs-Rechte f\u00fcr die erste und zweite Bundesliga f\u00fcr die 4 Spielzeiten beginnend mit der Saison 2013\/14 neu vergeben. Den Zuschlag erhielt dabei der Fernsehsender Sport1, was bedeutet, dass Radio 90elf das Nachsehen hat. 90elf ist mit einer Reichweite von einigen Hunderttausend\u2026","rel":"","context":"In &quot;Deutsch&quot;","block_context":{"text":"Deutsch","link":"https:\/\/www.achimbrueckner.de\/dxradio\/php\/wordpress\/?cat=1"},"img":{"alt_text":"","src":"","width":0,"height":0},"classes":[]},{"id":37911,"url":"https:\/\/www.achimbrueckner.de\/dxradio\/php\/wordpress\/?p=37911","url_meta":{"origin":13174,"position":3},"title":"Ohne Rauschen &#8211; DAB+ ist das Radio der Zukunft","author":"Administrator","date":"November 11, 2022","format":false,"excerpt":"https:\/\/www.swr.de\/swr4\/tipps\/artikel-dab-plus-empfang-tipps-100.html","rel":"","context":"In &quot;Deutsch&quot;","block_context":{"text":"Deutsch","link":"https:\/\/www.achimbrueckner.de\/dxradio\/php\/wordpress\/?cat=1"},"img":{"alt_text":"","src":"","width":0,"height":0},"classes":[]},{"id":1531,"url":"https:\/\/www.achimbrueckner.de\/dxradio\/php\/wordpress\/?p=1531","url_meta":{"origin":13174,"position":4},"title":"DAB? UKW? Internet? Fragen zum Radio der Zukunft an Tino Utassy (Hitradio RTL\/SLP)","author":"Administrator","date":"May 4, 2011","format":false,"excerpt":"DAB? UKW? Internet? Fragen zum Radio der Zukunft an Tino Utassy (Hitradio RTL\/SLP) http:\/\/www.mtm-blog.de\/?p=166 Info via Twitter","rel":"","context":"In &quot;Deutsch&quot;","block_context":{"text":"Deutsch","link":"https:\/\/www.achimbrueckner.de\/dxradio\/php\/wordpress\/?cat=1"},"img":{"alt_text":"","src":"","width":0,"height":0},"classes":[]},{"id":15514,"url":"https:\/\/www.achimbrueckner.de\/dxradio\/php\/wordpress\/?p=15514","url_meta":{"origin":13174,"position":5},"title":"5G und DAB+ sind die Radio-\u00dcbertragungswege der Zukunft","author":"Administrator","date":"November 15, 2017","format":false,"excerpt":"https:\/\/www.teltarif.de\/radio-potenzial-dab-plus-5g-mobilfunk\/news\/70686.html","rel":"","context":"In &quot;Deutsch&quot;","block_context":{"text":"Deutsch","link":"https:\/\/www.achimbrueckner.de\/dxradio\/php\/wordpress\/?cat=1"},"img":{"alt_text":"","src":"","width":0,"height":0},"classes":[]}],"_links":{"self":[{"href":"https:\/\/www.achimbrueckner.de\/dxradio\/php\/wordpress\/index.php?rest_route=\/wp\/v2\/posts\/13174","targetHints":{"allow":["GET"]}}],"collection":[{"href":"https:\/\/www.achimbrueckner.de\/dxradio\/php\/wordpress\/index.php?rest_route=\/wp\/v2\/posts"}],"about":[{"href":"https:\/\/www.achimbrueckner.de\/dxradio\/php\/wordpress\/index.php?rest_route=\/wp\/v2\/types\/post"}],"author":[{"embeddable":true,"href":"https:\/\/www.achimbrueckner.de\/dxradio\/php\/wordpress\/index.php?rest_route=\/wp\/v2\/users\/1"}],"replies":[{"embeddable":true,"href":"https:\/\/www.achimbrueckner.de\/dxradio\/php\/wordpress\/index.php?rest_route=%2Fwp%2Fv2%2Fcomments&post=13174"}],"version-history":[{"count":0,"href":"https:\/\/www.achimbrueckner.de\/dxradio\/php\/wordpress\/index.php?rest_route=\/wp\/v2\/posts\/13174\/revisions"}],"wp:attachment":[{"href":"https:\/\/www.achimbrueckner.de\/dxradio\/php\/wordpress\/index.php?rest_route=%2Fwp%2Fv2%2Fmedia&parent=13174"}],"wp:term":[{"taxonomy":"category","embeddable":true,"href":"https:\/\/www.achimbrueckner.de\/dxradio\/php\/wordpress\/index.php?rest_route=%2Fwp%2Fv2%2Fcategories&post=13174"},{"taxonomy":"post_tag","embeddable":true,"href":"https:\/\/www.achimbrueckner.de\/dxradio\/php\/wordpress\/index.php?rest_route=%2Fwp%2Fv2%2Ftags&post=13174"}],"curies":[{"name":"wp","href":"https:\/\/api.w.org\/{rel}","templated":true}]}}