{"id":13187,"date":"2017-05-16T15:18:27","date_gmt":"2017-05-16T15:18:27","guid":{"rendered":"https:\/\/www.achimbrueckner.de\/dxradio\/php\/wordpress\/?p=13187"},"modified":"2017-05-16T15:18:27","modified_gmt":"2017-05-16T15:18:27","slug":"drei-bewerber-fuer-dab-sendeplaetze-in-baden-wuerttemberg","status":"publish","type":"post","link":"https:\/\/www.achimbrueckner.de\/dxradio\/php\/wordpress\/?p=13187","title":{"rendered":"drei-bewerber-fuer-dab-sendeplaetze-in-baden-wuerttemberg"},"content":{"rendered":"<p><a href=\"https:\/\/www.radioempfang.digital\/news\/drei-bewerber-fuer-dab-sendeplaetze-in-baden-wuerttemberg\/\" target=\"_blank\">https:\/\/www.radioempfang.digital\/news\/drei-bewerber-fuer-dab-sendeplaetze-in-baden-wuerttemberg\/<\/a><\/p>\n","protected":false},"excerpt":{"rendered":"<p>https:\/\/www.radioempfang.digital\/news\/drei-bewerber-fuer-dab-sendeplaetze-in-baden-wuerttemberg\/<\/p>\n","protected":false},"author":1,"featured_media":0,"comment_status":"open","ping_status":"open","sticky":false,"template":"","format":"standard","meta":{"_jetpack_memberships_contains_paid_content":false,"footnotes":"","jetpack_publicize_message":"","jetpack_publicize_feature_enabled":true,"jetpack_social_post_already_shared":true,"jetpack_social_options":{"image_generator_settings":{"template":"highway","default_image_id":0,"font":"","enabled":false},"version":2}},"categories":[1,3],"tags":[31,42],"class_list":["post-13187","post","type-post","status-publish","format-standard","hentry","category-deutsch","category-empfang","tag-dab","tag-empfang"],"jetpack_publicize_connections":[],"jetpack_featured_media_url":"","jetpack_sharing_enabled":true,"jetpack_shortlink":"https:\/\/wp.me\/p5CDmr-3qH","jetpack-related-posts":[{"id":44476,"url":"https:\/\/www.achimbrueckner.de\/dxradio\/php\/wordpress\/?p=44476","url_meta":{"origin":13187,"position":0},"title":"DAB+ in Baden-W\u00fcrttemberg: Details zur Vergabe neuer Sendepl\u00e4tze","author":"Administrator","date":"December 5, 2025","format":false,"excerpt":"https:\/\/www.radioblog.eu\/2025\/12\/05\/dab-in-baden-wuerttemberg-details-zur-vergabe-neuer-sendeplaetze\/","rel":"","context":"In &quot;Deutsch&quot;","block_context":{"text":"Deutsch","link":"https:\/\/www.achimbrueckner.de\/dxradio\/php\/wordpress\/?cat=1"},"img":{"alt_text":"","src":"","width":0,"height":0},"classes":[]},{"id":10192,"url":"https:\/\/www.achimbrueckner.de\/dxradio\/php\/wordpress\/?p=10192","url_meta":{"origin":13187,"position":1},"title":"Diese Bewerber wollen landesweit \u00fcber DAB+ in Baden-W\u00fcrttemberg senden","author":"Administrator","date":"September 2, 2016","format":false,"excerpt":"http:\/\/www.radiowoche.de\/diese-bewerber-wollen-landesweit-ueber-dab-in-baden-wuerttemberg-senden\/","rel":"","context":"In &quot;Deutsch&quot;","block_context":{"text":"Deutsch","link":"https:\/\/www.achimbrueckner.de\/dxradio\/php\/wordpress\/?cat=1"},"img":{"alt_text":"","src":"","width":0,"height":0},"classes":[]},{"id":16996,"url":"https:\/\/www.achimbrueckner.de\/dxradio\/php\/wordpress\/?p=16996","url_meta":{"origin":13187,"position":2},"title":"Zwei Bewerber f\u00fcr Digitalradio in Baden-W\u00fcrttemberg","author":"Administrator","date":"March 21, 2018","format":false,"excerpt":"http:\/\/www.radiowoche.de\/zwei-bewerber-fuer-digitalradio-in-baden-wuerttemberg\/","rel":"","context":"In &quot;Deutsch&quot;","block_context":{"text":"Deutsch","link":"https:\/\/www.achimbrueckner.de\/dxradio\/php\/wordpress\/?cat=1"},"img":{"alt_text":"","src":"","width":0,"height":0},"classes":[]},{"id":15731,"url":"https:\/\/www.achimbrueckner.de\/dxradio\/php\/wordpress\/?p=15731","url_meta":{"origin":13187,"position":3},"title":"DAB+: Drei neue Programme in Baden-W\u00fcrttemberg","author":"Administrator","date":"December 2, 2017","format":false,"excerpt":"https:\/\/smartphonefan.wordpress.com\/2017\/12\/02\/dab-drei-neue-programme-in-baden-wuerttemberg\/","rel":"","context":"In &quot;Deutsch&quot;","block_context":{"text":"Deutsch","link":"https:\/\/www.achimbrueckner.de\/dxradio\/php\/wordpress\/?cat=1"},"img":{"alt_text":"","src":"","width":0,"height":0},"classes":[]},{"id":8730,"url":"https:\/\/www.achimbrueckner.de\/dxradio\/php\/wordpress\/?p=8730","url_meta":{"origin":13187,"position":4},"title":"Kapazit\u00e4t f\u00fcr landesweite DAB + Radioverbreitung in Baden-W\u00fcrttemberg ausgeschrieben","author":"Administrator","date":"July 6, 2016","format":false,"excerpt":"http:\/\/www.radiowoche.de\/kapazitaet-fuer-landesweite-dab-radioverbreitung-in-baden-wuerttemberg-ausgeschrieben\/","rel":"","context":"In &quot;Deutsch&quot;","block_context":{"text":"Deutsch","link":"https:\/\/www.achimbrueckner.de\/dxradio\/php\/wordpress\/?cat=1"},"img":{"alt_text":"","src":"","width":0,"height":0},"classes":[]},{"id":23696,"url":"https:\/\/www.achimbrueckner.de\/dxradio\/php\/wordpress\/?p=23696","url_meta":{"origin":13187,"position":5},"title":"DAB+ in Baden-W\u00fcrttemberg: LFK verl\u00e4ngert Bedarf f\u00fcr landesweiten DAB+ Multiplex bis 2026","author":"Administrator","date":"July 8, 2019","format":false,"excerpt":"https:\/\/www.dabplus.de\/2019\/07\/08\/dab-in-baden-wuerttemberg-lfk-verlaengert-bedarf-fuer-landesweiten-dab-multiplex-bis-2026\/","rel":"","context":"In &quot;Deutsch&quot;","block_context":{"text":"Deutsch","link":"https:\/\/www.achimbrueckner.de\/dxradio\/php\/wordpress\/?cat=1"},"img":{"alt_text":"","src":"","width":0,"height":0},"classes":[]}],"_links":{"self":[{"href":"https:\/\/www.achimbrueckner.de\/dxradio\/php\/wordpress\/index.php?rest_route=\/wp\/v2\/posts\/13187","targetHints":{"allow":["GET"]}}],"collection":[{"href":"https:\/\/www.achimbrueckner.de\/dxradio\/php\/wordpress\/index.php?rest_route=\/wp\/v2\/posts"}],"about":[{"href":"https:\/\/www.achimbrueckner.de\/dxradio\/php\/wordpress\/index.php?rest_route=\/wp\/v2\/types\/post"}],"author":[{"embeddable":true,"href":"https:\/\/www.achimbrueckner.de\/dxradio\/php\/wordpress\/index.php?rest_route=\/wp\/v2\/users\/1"}],"replies":[{"embeddable":true,"href":"https:\/\/www.achimbrueckner.de\/dxradio\/php\/wordpress\/index.php?rest_route=%2Fwp%2Fv2%2Fcomments&post=13187"}],"version-history":[{"count":0,"href":"https:\/\/www.achimbrueckner.de\/dxradio\/php\/wordpress\/index.php?rest_route=\/wp\/v2\/posts\/13187\/revisions"}],"wp:attachment":[{"href":"https:\/\/www.achimbrueckner.de\/dxradio\/php\/wordpress\/index.php?rest_route=%2Fwp%2Fv2%2Fmedia&parent=13187"}],"wp:term":[{"taxonomy":"category","embeddable":true,"href":"https:\/\/www.achimbrueckner.de\/dxradio\/php\/wordpress\/index.php?rest_route=%2Fwp%2Fv2%2Fcategories&post=13187"},{"taxonomy":"post_tag","embeddable":true,"href":"https:\/\/www.achimbrueckner.de\/dxradio\/php\/wordpress\/index.php?rest_route=%2Fwp%2Fv2%2Ftags&post=13187"}],"curies":[{"name":"wp","href":"https:\/\/api.w.org\/{rel}","templated":true}]}}