{"id":13232,"date":"2017-05-21T12:56:56","date_gmt":"2017-05-21T12:56:56","guid":{"rendered":"https:\/\/www.achimbrueckner.de\/dxradio\/php\/wordpress\/?p=13232"},"modified":"2017-05-21T12:56:56","modified_gmt":"2017-05-21T12:56:56","slug":"besondere-kommunikationsform-mit-funf-watt-um-die-welt-2","status":"publish","type":"post","link":"https:\/\/www.achimbrueckner.de\/dxradio\/php\/wordpress\/?p=13232","title":{"rendered":"Besondere Kommunikationsform Mit f\u00fcnf Watt um die Welt"},"content":{"rendered":"<p><a href=\"http:\/\/www.ruesselsheimer-echo.de\/lokales\/ruesselsheim\/Mit-fuenf-Watt-um-die-Welt;art57641,2627765\" target=\"_blank\">http:\/\/www.ruesselsheimer-echo.de\/lokales\/ruesselsheim\/Mit-fuenf-Watt-um-die-Welt;art57641,2627765<\/a><\/p>\n","protected":false},"excerpt":{"rendered":"<p>http:\/\/www.ruesselsheimer-echo.de\/lokales\/ruesselsheim\/Mit-fuenf-Watt-um-die-Welt;art57641,2627765<\/p>\n","protected":false},"author":1,"featured_media":0,"comment_status":"open","ping_status":"open","sticky":false,"template":"","format":"standard","meta":{"_jetpack_memberships_contains_paid_content":false,"footnotes":"","jetpack_publicize_message":"","jetpack_publicize_feature_enabled":true,"jetpack_social_post_already_shared":true,"jetpack_social_options":{"image_generator_settings":{"template":"highway","default_image_id":0,"font":"","enabled":false},"version":2}},"categories":[1],"tags":[],"class_list":["post-13232","post","type-post","status-publish","format-standard","hentry","category-deutsch"],"jetpack_publicize_connections":[],"jetpack_featured_media_url":"","jetpack_sharing_enabled":true,"jetpack_shortlink":"https:\/\/wp.me\/p5CDmr-3rq","jetpack-related-posts":[{"id":13198,"url":"https:\/\/www.achimbrueckner.de\/dxradio\/php\/wordpress\/?p=13198","url_meta":{"origin":13232,"position":0},"title":"Besondere Kommunikationsform: Mit f\u00fcnf Watt um die Welt","author":"Administrator","date":"May 17, 2017","format":false,"excerpt":"http:\/\/m.ruesselsheimer-echo.de\/lokales\/ruesselsheim\/Mit-fuenf-Watt-um-die-Welt;art57641,2627765","rel":"","context":"In &quot;Deutsch&quot;","block_context":{"text":"Deutsch","link":"https:\/\/www.achimbrueckner.de\/dxradio\/php\/wordpress\/?cat=1"},"img":{"alt_text":"","src":"","width":0,"height":0},"classes":[]},{"id":38627,"url":"https:\/\/www.achimbrueckner.de\/dxradio\/php\/wordpress\/?p=38627","url_meta":{"origin":13232,"position":1},"title":"LRA 36 RADIO NACIONAL ARCANGEL SAN GABRIEL 21 Januar 2023","author":"Administrator","date":"January 18, 2023","format":false,"excerpt":"Die Antarktis ruft! LRA 36 RADIO NACIONAL ARCANGEL SAN GABRIEL pr\u00e4sentiert \"UNIENDO Voces\" (\"Gemeinsame Stimmen\"). Es handelt sich um eine Sondersendung, die in Zusammenarbeit mit RAE (Radiodifusi\u00f3n Argentina al Exterior) produziert wird und sich an Kurzwellenh\u00f6rer, DXer und Funkamateure aus der ganzen Welt richtet. Die Sendung findet am SAMSTAG, 21.\u2026","rel":"","context":"In &quot;Deutsch&quot;","block_context":{"text":"Deutsch","link":"https:\/\/www.achimbrueckner.de\/dxradio\/php\/wordpress\/?cat=1"},"img":{"alt_text":"","src":"","width":0,"height":0},"classes":[]},{"id":26719,"url":"https:\/\/www.achimbrueckner.de\/dxradio\/php\/wordpress\/?p=26719","url_meta":{"origin":13232,"position":2},"title":"Neue Rubrik \u201eMit Kurzwelle um die Welt\u201c","author":"Administrator","date":"January 19, 2020","format":false,"excerpt":"https:\/\/www.lutz-electronics.ch\/news\/neue-rubrik-mit-kurzwelle-um-die-welt\/","rel":"","context":"In &quot;Deutsch&quot;","block_context":{"text":"Deutsch","link":"https:\/\/www.achimbrueckner.de\/dxradio\/php\/wordpress\/?cat=1"},"img":{"alt_text":"","src":"","width":0,"height":0},"classes":[]},{"id":23613,"url":"https:\/\/www.achimbrueckner.de\/dxradio\/php\/wordpress\/?p=23613","url_meta":{"origin":13232,"position":3},"title":"Mit Kurzwelle um die Welt","author":"Administrator","date":"July 4, 2019","format":false,"excerpt":"https:\/\/www.dewezet.de\/region\/bad-pyrmont_artikel,-mit-kurzwellen-um-die-welt-_arid,2555406.html","rel":"","context":"In &quot;Deutsch&quot;","block_context":{"text":"Deutsch","link":"https:\/\/www.achimbrueckner.de\/dxradio\/php\/wordpress\/?cat=1"},"img":{"alt_text":"","src":"","width":0,"height":0},"classes":[]},{"id":27777,"url":"https:\/\/www.achimbrueckner.de\/dxradio\/php\/wordpress\/?p=27777","url_meta":{"origin":13232,"position":4},"title":"Internetradio : Mit radio.garden um die Welt","author":"Administrator","date":"March 27, 2020","format":false,"excerpt":"https:\/\/www.berliner-zeitung.de\/kultur-vergnuegen\/internetradio-mit-radiogarden-um-die-welt-li.79504","rel":"","context":"In &quot;Deutsch&quot;","block_context":{"text":"Deutsch","link":"https:\/\/www.achimbrueckner.de\/dxradio\/php\/wordpress\/?cat=1"},"img":{"alt_text":"","src":"","width":0,"height":0},"classes":[]},{"id":16513,"url":"https:\/\/www.achimbrueckner.de\/dxradio\/php\/wordpress\/?p=16513","url_meta":{"origin":13232,"position":5},"title":"H\u00f6rspiel &#8220;Pfirsichbl\u00fctengl\u00fcck&#8221; Mit Liebe um die Welt","author":"Administrator","date":"February 16, 2018","format":false,"excerpt":"http:\/\/www.sueddeutsche.de\/medien\/hoerspiel-pfirsichbluetenglueck-mit-liebe-um-die-welt-1.3867997?reduced=true","rel":"","context":"In &quot;Deutsch&quot;","block_context":{"text":"Deutsch","link":"https:\/\/www.achimbrueckner.de\/dxradio\/php\/wordpress\/?cat=1"},"img":{"alt_text":"","src":"","width":0,"height":0},"classes":[]}],"_links":{"self":[{"href":"https:\/\/www.achimbrueckner.de\/dxradio\/php\/wordpress\/index.php?rest_route=\/wp\/v2\/posts\/13232","targetHints":{"allow":["GET"]}}],"collection":[{"href":"https:\/\/www.achimbrueckner.de\/dxradio\/php\/wordpress\/index.php?rest_route=\/wp\/v2\/posts"}],"about":[{"href":"https:\/\/www.achimbrueckner.de\/dxradio\/php\/wordpress\/index.php?rest_route=\/wp\/v2\/types\/post"}],"author":[{"embeddable":true,"href":"https:\/\/www.achimbrueckner.de\/dxradio\/php\/wordpress\/index.php?rest_route=\/wp\/v2\/users\/1"}],"replies":[{"embeddable":true,"href":"https:\/\/www.achimbrueckner.de\/dxradio\/php\/wordpress\/index.php?rest_route=%2Fwp%2Fv2%2Fcomments&post=13232"}],"version-history":[{"count":0,"href":"https:\/\/www.achimbrueckner.de\/dxradio\/php\/wordpress\/index.php?rest_route=\/wp\/v2\/posts\/13232\/revisions"}],"wp:attachment":[{"href":"https:\/\/www.achimbrueckner.de\/dxradio\/php\/wordpress\/index.php?rest_route=%2Fwp%2Fv2%2Fmedia&parent=13232"}],"wp:term":[{"taxonomy":"category","embeddable":true,"href":"https:\/\/www.achimbrueckner.de\/dxradio\/php\/wordpress\/index.php?rest_route=%2Fwp%2Fv2%2Fcategories&post=13232"},{"taxonomy":"post_tag","embeddable":true,"href":"https:\/\/www.achimbrueckner.de\/dxradio\/php\/wordpress\/index.php?rest_route=%2Fwp%2Fv2%2Ftags&post=13232"}],"curies":[{"name":"wp","href":"https:\/\/api.w.org\/{rel}","templated":true}]}}