{"id":13253,"date":"2017-05-23T15:12:54","date_gmt":"2017-05-23T15:12:54","guid":{"rendered":"https:\/\/www.achimbrueckner.de\/dxradio\/php\/wordpress\/?p=13253"},"modified":"2017-05-23T15:12:54","modified_gmt":"2017-05-23T15:12:54","slug":"dab-small-scale-test-wird-in-grosbritannien-fortgesetzt","status":"publish","type":"post","link":"https:\/\/www.achimbrueckner.de\/dxradio\/php\/wordpress\/?p=13253","title":{"rendered":"DAB+ Small Scale-Test wird in Gro\u00dfbritannien fortgesetzt"},"content":{"rendered":"<p><a href=\"https:\/\/radio-wird-digital.eu\/dab-small-scale-test-wird-in-grossbritannien-fortgesetzt\/\" target=\"_blank\">https:\/\/radio-wird-digital.eu\/dab-small-scale-test-wird-in-grossbritannien-fortgesetzt\/<\/a><\/p>\n","protected":false},"excerpt":{"rendered":"<p>https:\/\/radio-wird-digital.eu\/dab-small-scale-test-wird-in-grossbritannien-fortgesetzt\/<\/p>\n","protected":false},"author":1,"featured_media":0,"comment_status":"open","ping_status":"open","sticky":false,"template":"","format":"standard","meta":{"_jetpack_memberships_contains_paid_content":false,"footnotes":"","jetpack_publicize_message":"","jetpack_publicize_feature_enabled":true,"jetpack_social_post_already_shared":true,"jetpack_social_options":{"image_generator_settings":{"template":"highway","default_image_id":0,"font":"","enabled":false},"version":2}},"categories":[1],"tags":[31],"class_list":["post-13253","post","type-post","status-publish","format-standard","hentry","category-deutsch","tag-dab"],"jetpack_publicize_connections":[],"jetpack_featured_media_url":"","jetpack_sharing_enabled":true,"jetpack_shortlink":"https:\/\/wp.me\/p5CDmr-3rL","jetpack-related-posts":[{"id":44745,"url":"https:\/\/www.achimbrueckner.de\/dxradio\/php\/wordpress\/?p=44745","url_meta":{"origin":13253,"position":0},"title":"Gro\u00dfbritannien: U.DAB startet gr\u00f6\u00dften DAB+ Small Scale Mux im Vereinigten K\u00f6nigreich","author":"Administrator","date":"January 7, 2026","format":false,"excerpt":"https:\/\/www.radioblog.eu\/2026\/01\/06\/grossbritannien-u-dab-startet-groessten-dab-small-scale-mux-im-vereinigten-koenigreich\/","rel":"","context":"In &quot;Deutsch&quot;","block_context":{"text":"Deutsch","link":"https:\/\/www.achimbrueckner.de\/dxradio\/php\/wordpress\/?cat=1"},"img":{"alt_text":"","src":"","width":0,"height":0},"classes":[]},{"id":45239,"url":"https:\/\/www.achimbrueckner.de\/dxradio\/php\/wordpress\/?p=45239","url_meta":{"origin":13253,"position":1},"title":"Gro\u00dfbritannien: 100. Small Scale DAB-Multiplex gestartet","author":"Administrator","date":"March 14, 2026","format":false,"excerpt":"https:\/\/www.radioblog.eu\/2026\/03\/13\/grossbritannien-100-small-scale-dab-multiplex-gestartet\/","rel":"","context":"In &quot;Deutsch&quot;","block_context":{"text":"Deutsch","link":"https:\/\/www.achimbrueckner.de\/dxradio\/php\/wordpress\/?cat=1"},"img":{"alt_text":"","src":"","width":0,"height":0},"classes":[]},{"id":32568,"url":"https:\/\/www.achimbrueckner.de\/dxradio\/php\/wordpress\/?p=32568","url_meta":{"origin":13253,"position":2},"title":"Small Scale: Das wird einer der interessantesten DAB+-Multiplexe","author":"Administrator","date":"April 26, 2021","format":false,"excerpt":"https:\/\/www.smartphonefan.de\/2021\/04\/26\/small-scale-das-wird-einer-der-interessantesten-dab-multiplexe\/","rel":"","context":"In &quot;Deutsch&quot;","block_context":{"text":"Deutsch","link":"https:\/\/www.achimbrueckner.de\/dxradio\/php\/wordpress\/?cat=1"},"img":{"alt_text":"","src":"","width":0,"height":0},"classes":[]},{"id":23203,"url":"https:\/\/www.achimbrueckner.de\/dxradio\/php\/wordpress\/?p=23203","url_meta":{"origin":13253,"position":3},"title":"DAB+ in Gro\u00dfbritannien: Steigende H\u00f6rerzahlen und Rekordwerte","author":"Administrator","date":"May 23, 2019","format":false,"excerpt":"https:\/\/www.radioszene.de\/133228\/dab-grossbritannien-hoererzahlen.html","rel":"","context":"In &quot;Deutsch&quot;","block_context":{"text":"Deutsch","link":"https:\/\/www.achimbrueckner.de\/dxradio\/php\/wordpress\/?cat=1"},"img":{"alt_text":"","src":"","width":0,"height":0},"classes":[]},{"id":5519,"url":"https:\/\/www.achimbrueckner.de\/dxradio\/php\/wordpress\/?p=5519","url_meta":{"origin":13253,"position":4},"title":"DAB in Gro\u00dfbritannien: Langsames Wachstum","author":"Administrator","date":"August 11, 2015","format":false,"excerpt":"http:\/\/transforming-radio.com\/2015\/08\/10\/dab-in-grossbritannien-langsames-wachstum\/","rel":"","context":"In &quot;Deutsch&quot;","block_context":{"text":"Deutsch","link":"https:\/\/www.achimbrueckner.de\/dxradio\/php\/wordpress\/?cat=1"},"img":{"alt_text":"","src":"","width":0,"height":0},"classes":[]},{"id":23166,"url":"https:\/\/www.achimbrueckner.de\/dxradio\/php\/wordpress\/?p=23166","url_meta":{"origin":13253,"position":5},"title":"DAB+ in Gro\u00dfbritannien: Steigende H\u00f6rerzahlen und Rekordwerte","author":"Administrator","date":"May 20, 2019","format":false,"excerpt":"https:\/\/www.dabplus.de\/2019\/05\/20\/dab-in-grossbritannien-steigende-hoererzahlen-und-rekordwerte\/","rel":"","context":"In &quot;Deutsch&quot;","block_context":{"text":"Deutsch","link":"https:\/\/www.achimbrueckner.de\/dxradio\/php\/wordpress\/?cat=1"},"img":{"alt_text":"","src":"","width":0,"height":0},"classes":[]}],"_links":{"self":[{"href":"https:\/\/www.achimbrueckner.de\/dxradio\/php\/wordpress\/index.php?rest_route=\/wp\/v2\/posts\/13253","targetHints":{"allow":["GET"]}}],"collection":[{"href":"https:\/\/www.achimbrueckner.de\/dxradio\/php\/wordpress\/index.php?rest_route=\/wp\/v2\/posts"}],"about":[{"href":"https:\/\/www.achimbrueckner.de\/dxradio\/php\/wordpress\/index.php?rest_route=\/wp\/v2\/types\/post"}],"author":[{"embeddable":true,"href":"https:\/\/www.achimbrueckner.de\/dxradio\/php\/wordpress\/index.php?rest_route=\/wp\/v2\/users\/1"}],"replies":[{"embeddable":true,"href":"https:\/\/www.achimbrueckner.de\/dxradio\/php\/wordpress\/index.php?rest_route=%2Fwp%2Fv2%2Fcomments&post=13253"}],"version-history":[{"count":0,"href":"https:\/\/www.achimbrueckner.de\/dxradio\/php\/wordpress\/index.php?rest_route=\/wp\/v2\/posts\/13253\/revisions"}],"wp:attachment":[{"href":"https:\/\/www.achimbrueckner.de\/dxradio\/php\/wordpress\/index.php?rest_route=%2Fwp%2Fv2%2Fmedia&parent=13253"}],"wp:term":[{"taxonomy":"category","embeddable":true,"href":"https:\/\/www.achimbrueckner.de\/dxradio\/php\/wordpress\/index.php?rest_route=%2Fwp%2Fv2%2Fcategories&post=13253"},{"taxonomy":"post_tag","embeddable":true,"href":"https:\/\/www.achimbrueckner.de\/dxradio\/php\/wordpress\/index.php?rest_route=%2Fwp%2Fv2%2Ftags&post=13253"}],"curies":[{"name":"wp","href":"https:\/\/api.w.org\/{rel}","templated":true}]}}