{"id":13268,"date":"2017-05-26T08:17:35","date_gmt":"2017-05-26T08:17:35","guid":{"rendered":"https:\/\/www.achimbrueckner.de\/dxradio\/php\/wordpress\/?p=13268"},"modified":"2017-05-26T08:17:35","modified_gmt":"2017-05-26T08:17:35","slug":"18-radio-research-day-und-12-radio-award-der-rms","status":"publish","type":"post","link":"https:\/\/www.achimbrueckner.de\/dxradio\/php\/wordpress\/?p=13268","title":{"rendered":"18. Radio Research Day und 12. Radio Award der RMS"},"content":{"rendered":"<p><a href=\"http:\/\/www.radiowoche.de\/18-radio-research-day-und-12-radio-award-der-rms\/\" target=\"_blank\">http:\/\/www.radiowoche.de\/18-radio-research-day-und-12-radio-award-der-rms\/<\/a><\/p>\n","protected":false},"excerpt":{"rendered":"<p>http:\/\/www.radiowoche.de\/18-radio-research-day-und-12-radio-award-der-rms\/<\/p>\n","protected":false},"author":1,"featured_media":0,"comment_status":"open","ping_status":"open","sticky":false,"template":"","format":"standard","meta":{"_jetpack_memberships_contains_paid_content":false,"footnotes":"","jetpack_publicize_message":"","jetpack_publicize_feature_enabled":true,"jetpack_social_post_already_shared":true,"jetpack_social_options":{"image_generator_settings":{"template":"highway","default_image_id":0,"font":"","enabled":false},"version":2}},"categories":[1],"tags":[],"class_list":["post-13268","post","type-post","status-publish","format-standard","hentry","category-deutsch"],"jetpack_publicize_connections":[],"jetpack_featured_media_url":"","jetpack_sharing_enabled":true,"jetpack_shortlink":"https:\/\/wp.me\/p5CDmr-3s0","jetpack-related-posts":[{"id":13452,"url":"https:\/\/www.achimbrueckner.de\/dxradio\/php\/wordpress\/?p=13452","url_meta":{"origin":13268,"position":0},"title":"Radio Advertising Summit und Radio Advertising Award am 12. April 2018 in D\u00fcsseldorf","author":"Administrator","date":"June 15, 2017","format":false,"excerpt":"http:\/\/www.radiowoche.de\/radio-advertising-summit-und-radio-advertising-award-am-12-april-2018-in-duesseldorf\/","rel":"","context":"In &quot;Deutsch&quot;","block_context":{"text":"Deutsch","link":"https:\/\/www.achimbrueckner.de\/dxradio\/php\/wordpress\/?cat=1"},"img":{"alt_text":"","src":"","width":0,"height":0},"classes":[]},{"id":7226,"url":"https:\/\/www.achimbrueckner.de\/dxradio\/php\/wordpress\/?p=7226","url_meta":{"origin":13268,"position":1},"title":"Paypal und RMS: So konvertiert Radio im Web","author":"Administrator","date":"January 11, 2016","format":false,"excerpt":"http:\/\/www.internetworld.de\/onlinemarketing\/paypal\/paypal-rms-so-konvertiert-radio-im-web-1068767.html","rel":"","context":"In &quot;Deutsch&quot;","block_context":{"text":"Deutsch","link":"https:\/\/www.achimbrueckner.de\/dxradio\/php\/wordpress\/?cat=1"},"img":{"alt_text":"","src":"","width":0,"height":0},"classes":[]},{"id":4516,"url":"https:\/\/www.achimbrueckner.de\/dxradio\/php\/wordpress\/?p=4516","url_meta":{"origin":13268,"position":2},"title":"Erfolg f\u00fcr Radio T, Radio Blau und coloRadio: \u00c4nderung der s\u00e4chsischen Mediengesetze erkennt die Bedeutung der Freien Radios an","author":"Administrator","date":"May 2, 2015","format":false,"excerpt":"http:\/\/www.radiowoche.de\/erfolg-fuer-radio-t-radio-blau-und-coloradio-aenderung-der-saechsischen-mediengesetze-erkennt-die-bedeutung-der-freien-radios-an\/","rel":"","context":"In &quot;Deutsch&quot;","block_context":{"text":"Deutsch","link":"https:\/\/www.achimbrueckner.de\/dxradio\/php\/wordpress\/?cat=1"},"img":{"alt_text":"","src":"","width":0,"height":0},"classes":[]},{"id":27227,"url":"https:\/\/www.achimbrueckner.de\/dxradio\/php\/wordpress\/?p=27227","url_meta":{"origin":13268,"position":3},"title":"Radio TEDDY startet neue Show mit Stars der Instagram-, Youtube- und Tik Tok-Szene","author":"Administrator","date":"February 20, 2020","format":false,"excerpt":"http:\/\/www.radiowoche.de\/radio-teddy-startet-neue-show-mit-stars-der-instagram-youtube-und-tik-tok-szene\/","rel":"","context":"In &quot;Deutsch&quot;","block_context":{"text":"Deutsch","link":"https:\/\/www.achimbrueckner.de\/dxradio\/php\/wordpress\/?cat=1"},"img":{"alt_text":"","src":"","width":0,"height":0},"classes":[]},{"id":26154,"url":"https:\/\/www.achimbrueckner.de\/dxradio\/php\/wordpress\/?p=26154","url_meta":{"origin":13268,"position":4},"title":"Neue Podcasts: Radio Tatort aus der Schweiz, Elf-Stunden-Podcast mit Beisenherz und Polak, Bibel-Podcast mit R\u00fcckert","author":"Administrator","date":"December 12, 2019","format":false,"excerpt":"http:\/\/www.radiowoche.de\/neue-podcasts-radio-tatort-aus-der-schweiz-elf-stunden-mit-beisenherz-und-polak\/","rel":"","context":"In &quot;Deutsch&quot;","block_context":{"text":"Deutsch","link":"https:\/\/www.achimbrueckner.de\/dxradio\/php\/wordpress\/?cat=1"},"img":{"alt_text":"","src":"","width":0,"height":0},"classes":[]},{"id":23127,"url":"https:\/\/www.achimbrueckner.de\/dxradio\/php\/wordpress\/?p=23127","url_meta":{"origin":13268,"position":5},"title":"Fast 60 Jahre und kein bisschen leise: Seit 1963 produziert der WDR die Bundesliga-Konferenz im Radio","author":"Administrator","date":"May 16, 2019","format":false,"excerpt":"http:\/\/www.radiowoche.de\/fast-60-jahre-und-kein-bisschen-leise-seit-1963-produziert-der-wdr-die-bundesliga-konferenz-im-radio\/","rel":"","context":"In &quot;Deutsch&quot;","block_context":{"text":"Deutsch","link":"https:\/\/www.achimbrueckner.de\/dxradio\/php\/wordpress\/?cat=1"},"img":{"alt_text":"","src":"","width":0,"height":0},"classes":[]}],"_links":{"self":[{"href":"https:\/\/www.achimbrueckner.de\/dxradio\/php\/wordpress\/index.php?rest_route=\/wp\/v2\/posts\/13268","targetHints":{"allow":["GET"]}}],"collection":[{"href":"https:\/\/www.achimbrueckner.de\/dxradio\/php\/wordpress\/index.php?rest_route=\/wp\/v2\/posts"}],"about":[{"href":"https:\/\/www.achimbrueckner.de\/dxradio\/php\/wordpress\/index.php?rest_route=\/wp\/v2\/types\/post"}],"author":[{"embeddable":true,"href":"https:\/\/www.achimbrueckner.de\/dxradio\/php\/wordpress\/index.php?rest_route=\/wp\/v2\/users\/1"}],"replies":[{"embeddable":true,"href":"https:\/\/www.achimbrueckner.de\/dxradio\/php\/wordpress\/index.php?rest_route=%2Fwp%2Fv2%2Fcomments&post=13268"}],"version-history":[{"count":0,"href":"https:\/\/www.achimbrueckner.de\/dxradio\/php\/wordpress\/index.php?rest_route=\/wp\/v2\/posts\/13268\/revisions"}],"wp:attachment":[{"href":"https:\/\/www.achimbrueckner.de\/dxradio\/php\/wordpress\/index.php?rest_route=%2Fwp%2Fv2%2Fmedia&parent=13268"}],"wp:term":[{"taxonomy":"category","embeddable":true,"href":"https:\/\/www.achimbrueckner.de\/dxradio\/php\/wordpress\/index.php?rest_route=%2Fwp%2Fv2%2Fcategories&post=13268"},{"taxonomy":"post_tag","embeddable":true,"href":"https:\/\/www.achimbrueckner.de\/dxradio\/php\/wordpress\/index.php?rest_route=%2Fwp%2Fv2%2Ftags&post=13268"}],"curies":[{"name":"wp","href":"https:\/\/api.w.org\/{rel}","templated":true}]}}